{"id":51094,"date":"2025-01-24T10:34:56","date_gmt":"2025-01-24T10:34:56","guid":{"rendered":"https:\/\/dekkbi.com\/?p=51094"},"modified":"2025-01-24T10:34:56","modified_gmt":"2025-01-24T10:34:56","slug":"revues-de-performances-et-planification-le-ministre-abass-fall-fixe-le-cap-pour-2025","status":"publish","type":"post","link":"https:\/\/dekkbi.com\/?p=51094","title":{"rendered":"Revues de performances et planification : Le Ministre Abass Fall fixe le cap pour 2025"},"content":{"rendered":"\n<h3 class=\"wp-block-heading\">Hier, jeudi 23 janvier, le Ministre du Travail, de l\u2019Emploi et des Relations avec les Institutions, M. Abass Fall, a pr\u00e9sid\u00e9 un atelier consacr\u00e9 \u00e0 la revue des rapports de performance de l\u2019ann\u00e9e 2024 et au partage des plans de travail annuels pour 2025 des diff\u00e9rents programmes de son minist\u00e8re.<\/h3>\n\n\n\n<p>Dans son discours d\u2019ouverture, le Ministre a soulign\u00e9 l\u2019importance de cet atelier, le qualifiant de cadre id\u00e9al pour les \u00e9changes, le partage d\u2019exp\u00e9riences et l\u2019information. Il a insist\u00e9 sur la n\u00e9cessit\u00e9 pour chaque participant de mieux appr\u00e9hender les r\u00e9alisations des diff\u00e9rents services de son d\u00e9partement.<\/p>\n\n\n\n<p>M. Abass Fall a \u00e9galement appel\u00e9 ses collaborateurs et les services concern\u00e9s \u00e0 se mobiliser pour mettre \u00e0 jour la Lettre de Politique Sectorielle du minist\u00e8re. Cette actualisation devra s\u2019aligner sur le r\u00e9f\u00e9rentiel \u00ab S\u00e9n\u00e9gal 2050 \u00bb et int\u00e9grer les responsabilit\u00e9s de son d\u00e9partement en mati\u00e8re d\u2019emploi.<\/p>\n\n\n\n<p>Abordant la probl\u00e9matique cruciale de l\u2019emploi, le Ministre a rappel\u00e9 qu\u2019elle constitue une priorit\u00e9 majeure pour le Chef de l\u2019\u00c9tat et le Premier Ministre. Il a affirm\u00e9 que son d\u00e9partement a pour mission de concevoir une politique nationale ambitieuse, orient\u00e9e vers la promotion de la formation professionnelle, le soutien \u00e0 l\u2019entrepreneuriat et l\u2019insertion des jeunes dans les secteurs \u00e0 fort potentiel de croissance.<\/p>\n\n\n\n<p>Cet atelier marque ainsi une \u00e9tape importante dans la r\u00e9flexion et la planification des actions visant \u00e0 r\u00e9pondre aux d\u00e9fis de l\u2019emploi au S\u00e9n\u00e9gal.<br><\/p>\n\n\n\n<p>MD &#8211; LERAL<\/p>\n","protected":false},"excerpt":{"rendered":"<p>Hier, jeudi 23 janvier, le Ministre du Travail, de l\u2019Emploi et des Relations avec les Institutions, M. Abass Fall, a<\/p>\n","protected":false},"author":1,"featured_media":45381,"comment_status":"open","ping_status":"open","sticky":false,"template":"","format":"standard","meta":{"footnotes":""},"categories":[6],"tags":[],"class_list":["post-51094","post","type-post","status-publish","format-standard","has-post-thumbnail","hentry","category-politics"],"_links":{"self":[{"href":"https:\/\/dekkbi.com\/index.php?rest_route=\/wp\/v2\/posts\/51094","targetHints":{"allow":["GET"]}}],"collection":[{"href":"https:\/\/dekkbi.com\/index.php?rest_route=\/wp\/v2\/posts"}],"about":[{"href":"https:\/\/dekkbi.com\/index.php?rest_route=\/wp\/v2\/types\/post"}],"author":[{"embeddable":true,"href":"https:\/\/dekkbi.com\/index.php?rest_route=\/wp\/v2\/users\/1"}],"replies":[{"embeddable":true,"href":"https:\/\/dekkbi.com\/index.php?rest_route=%2Fwp%2Fv2%2Fcomments&post=51094"}],"version-history":[{"count":1,"href":"https:\/\/dekkbi.com\/index.php?rest_route=\/wp\/v2\/posts\/51094\/revisions"}],"predecessor-version":[{"id":51095,"href":"https:\/\/dekkbi.com\/index.php?rest_route=\/wp\/v2\/posts\/51094\/revisions\/51095"}],"wp:featuredmedia":[{"embeddable":true,"href":"https:\/\/dekkbi.com\/index.php?rest_route=\/wp\/v2\/media\/45381"}],"wp:attachment":[{"href":"https:\/\/dekkbi.com\/index.php?rest_route=%2Fwp%2Fv2%2Fmedia&parent=51094"}],"wp:term":[{"taxonomy":"category","embeddable":true,"href":"https:\/\/dekkbi.com\/index.php?rest_route=%2Fwp%2Fv2%2Fcategories&post=51094"},{"taxonomy":"post_tag","embeddable":true,"href":"https:\/\/dekkbi.com\/index.php?rest_route=%2Fwp%2Fv2%2Ftags&post=51094"}],"curies":[{"name":"wp","href":"https:\/\/api.w.org\/{rel}","templated":true}]}}