{"id":51089,"date":"2025-01-24T10:22:11","date_gmt":"2025-01-24T10:22:11","guid":{"rendered":"https:\/\/dekkbi.com\/?p=51089"},"modified":"2025-01-24T10:22:11","modified_gmt":"2025-01-24T10:22:11","slug":"sit-in-a-lusine-patisen-sa-les-travailleurs-denoncent-les-mauvaises-conditions-de-travail-auxquelles-ils-sont-confrontes","status":"publish","type":"post","link":"https:\/\/dekkbi.com\/?p=51089","title":{"rendered":"Sit-in \u00e0 l&rsquo;usine Patisen SA : Les travailleurs d\u00e9noncent les mauvaises conditions de travail auxquelles ils sont confront\u00e9s"},"content":{"rendered":"\n<h3 class=\"wp-block-heading\">Le sit-in de protestation des travailleurs de l\u2019usine PATISEN a organis\u00e9 avec un point de presse pour d\u00e9noncer la discrimination dans la gestion du personnel, soutenir une sanction contre un d\u00e9l\u00e9gu\u00e9 du personnel, et la gestion de l\u2019assurance maladie.<\/h3>\n\n\n\n<p>Les employ\u00e9s de Patisen sont venus prendre part au rassemblement et \u00e9voquer les difficult\u00e9s auxquelles ils font face. Le d\u00e9l\u00e9gu\u00e9 du personnel et repr\u00e9sentant des travailleurs de PATISEN, Souleymane Mbaye a indiqu\u00e9 que la situation est \u00ab alarmante \u00bb et qu\u2019il est impossible de se taire face \u00e0 ce que les employ\u00e9s endurent.<\/p>\n\n\n\n<p>\u00ab Nous, d\u00e9l\u00e9gu\u00e9s de la CNTS, du personnel, venons alerter sur les dangers qui guettent notre outil de travail. Les travailleurs dans leur globalit\u00e9 traversent de tr\u00e8s durs moments li\u00e9s \u00e0 la chert\u00e9 actuelle de la vie. Vous constateriez am\u00e8rement avec nous que la r\u00e9ception des bulletins de paie mensuelle apparait comme un coup de marteau sur nos t\u00eates.<\/p>\n\n\n\n<p>Les salaires re\u00e7us ne concordent gu\u00e8re \u00e0 la lourdeur de la p\u00e9nibilit\u00e9 du travail abattu. De ce fait, le personnel peine difficilement \u00e0 joindre les deux bouts. Il s\u2019y ajoute tr\u00e8s souvent les probl\u00e8mes de sant\u00e9 auxquels ce vaillant personnel est toujours confront\u00e9. Il est tr\u00e8s difficile de prendre \u00e0 soin sa sant\u00e9 \u00e0 PATISEN. L\u2019assurance maladie sur place \u00e0 un plateau m\u00e9dical tr\u00e8s d\u00e9ficitaire par rapport \u00e0 la forte demande des 3000 travailleurs de l\u2019entit\u00e9 et les remboursements des frais m\u00e9dicaux d\u00e9gag\u00e9s par le personnel tarde \u00e0 s\u2019effectuer \u00bb, a-t- il fait savoir.<\/p>\n\n\n\n<p>En plus, \u00ab la couverture maladie est d\u00e9fectueuse avec seulement deux m\u00e9decins pour pr\u00e8s de 3000 travailleurs deux infirmeries tr\u00e8s \u00e9troites et le comit\u00e9 d\u2019hygi\u00e8ne et de s\u00e9curit\u00e9 qui devrait adopter une mission avant-gardiste est dormant car ne se r\u00e9unissant pas comme pr\u00e9vu par la l\u00e9gislation du travail tous les trois mois au moins. La seule structure sociale est la mutuelle sociale cr\u00e9\u00e9e par les vaillants travailleurs et qui assurait tant soit peu une garantie financi\u00e8re est sur le cout d\u2019\u00eatre sabot\u00e9 contrairement aux aveux et souhaits de ses membres. La promotion interne peine \u00e0 \u00eatre appliqu\u00e9 sans discrimination \u00e0 Patisen \u00bb a-t- il d\u00e9clar\u00e9<\/p>\n\n\n\n<p>Il a conclu en ces termes \u00ab Nous tenons fortement \u00e0 notre outil de travail mais il faut avoir le courage et la sinc\u00e9rit\u00e9 de le dire nous ne sommes pas assist\u00e9s par notre direction, chose qui affecte lourdement le climat social. Les conditions de travail dans les unit\u00e9s de production sont tr\u00e8s d\u00e9licates exemple au d\u00e9partement du vinaigre et poudre \u00e0 Colgate il y fait excessivement chaud avec le bruit de la machinerie. A l\u2019usine cube et Doli et y fait excessivement froid et le personnel n\u2019a pas les tenues ad\u00e9quates. Sur ce nous interpelons notre direction pour sauver ce qui peut l\u2019\u00eatre car la situation est plus que tendue \u00e0 Patisen \u00bb.<\/p>\n\n\n\n<p>MD &#8211; LERAL<\/p>\n","protected":false},"excerpt":{"rendered":"<p>Le sit-in de protestation des travailleurs de l\u2019usine PATISEN a organis\u00e9 avec un point de presse pour d\u00e9noncer la discrimination<\/p>\n","protected":false},"author":1,"featured_media":51090,"comment_status":"open","ping_status":"open","sticky":false,"template":"","format":"standard","meta":{"footnotes":""},"categories":[3],"tags":[],"class_list":["post-51089","post","type-post","status-publish","format-standard","has-post-thumbnail","hentry","category-event-more-news"],"_links":{"self":[{"href":"https:\/\/dekkbi.com\/index.php?rest_route=\/wp\/v2\/posts\/51089","targetHints":{"allow":["GET"]}}],"collection":[{"href":"https:\/\/dekkbi.com\/index.php?rest_route=\/wp\/v2\/posts"}],"about":[{"href":"https:\/\/dekkbi.com\/index.php?rest_route=\/wp\/v2\/types\/post"}],"author":[{"embeddable":true,"href":"https:\/\/dekkbi.com\/index.php?rest_route=\/wp\/v2\/users\/1"}],"replies":[{"embeddable":true,"href":"https:\/\/dekkbi.com\/index.php?rest_route=%2Fwp%2Fv2%2Fcomments&post=51089"}],"version-history":[{"count":1,"href":"https:\/\/dekkbi.com\/index.php?rest_route=\/wp\/v2\/posts\/51089\/revisions"}],"predecessor-version":[{"id":51091,"href":"https:\/\/dekkbi.com\/index.php?rest_route=\/wp\/v2\/posts\/51089\/revisions\/51091"}],"wp:featuredmedia":[{"embeddable":true,"href":"https:\/\/dekkbi.com\/index.php?rest_route=\/wp\/v2\/media\/51090"}],"wp:attachment":[{"href":"https:\/\/dekkbi.com\/index.php?rest_route=%2Fwp%2Fv2%2Fmedia&parent=51089"}],"wp:term":[{"taxonomy":"category","embeddable":true,"href":"https:\/\/dekkbi.com\/index.php?rest_route=%2Fwp%2Fv2%2Fcategories&post=51089"},{"taxonomy":"post_tag","embeddable":true,"href":"https:\/\/dekkbi.com\/index.php?rest_route=%2Fwp%2Fv2%2Ftags&post=51089"}],"curies":[{"name":"wp","href":"https:\/\/api.w.org\/{rel}","templated":true}]}}