{"id":51064,"date":"2025-01-24T09:44:20","date_gmt":"2025-01-24T09:44:20","guid":{"rendered":"https:\/\/dekkbi.com\/?p=51064"},"modified":"2025-01-24T10:12:50","modified_gmt":"2025-01-24T10:12:50","slug":"recrutement-douvriers-agricoles-pour-lespagne-le-projet-pour-freiner-lemigration-irreguliere","status":"publish","type":"post","link":"https:\/\/dekkbi.com\/?p=51064","title":{"rendered":"Recrutement d\u2019ouvriers agricoles pour l\u2019Espagne"},"content":{"rendered":"\n<p><strong>Dans le cadre du programme-pilote de \u00abmigration circulaire\u00bb, l\u2019Espagne cherche des travailleurs agricoles pour des missions de cueillette et de conditionnement de fruits. L\u2019Action pour les droits humains et l\u2019amiti\u00e9 (Adha), qui encourage cet appel \u00e0 candidatures lanc\u00e9 par le minist\u00e8re de l\u2019Int\u00e9gration africaine et des affaires \u00e9trang\u00e8res du S\u00e9n\u00e9gal, \u00e0 travers le Secr\u00e9tariat d\u2019Etat aux S\u00e9n\u00e9galais de l\u2019ext\u00e9rieur, interpelle l\u2019Etat du S\u00e9n\u00e9gal sur l\u2019imp\u00e9ratif de transparence dans le processus de s\u00e9lection.&nbsp;<\/strong><strong>Par Ousmane SOW \u2013<\/strong><\/p>\n\n\n\n<p>L\u2019Etat du S\u00e9n\u00e9gal et le Ro\u00adyaume d\u2019Espagne ont r\u00e9activ\u00e9 un vieux programme&nbsp;: recrutement d\u2019ouvriers agricoles saisonniers. Le Secr\u00e9tariat d\u2019Etat aux S\u00e9n\u00e9\u00adgalais de l\u2019ext\u00e9rieur a lanc\u00e9 un appel \u00e0 candidatures dans le cadre de ce programme de mi\u00adgration circulaire pour le travail de cueillette et de stockage de fruits et d\u2019entassement de collectes. Ce programme est ouvert aux candidats sur toute l\u2019\u00e9tendue du territoire national, sans exigence de niveau scolaire, mais avec une tranche d\u2019\u00e2ge comprise entre 25 et 55 ans. Les candidats retenus seront engag\u00e9s sous Contrat \u00e0 dur\u00e9e d\u00e9termin\u00e9e (Cdd) de trois mois renouvelables.<\/p>\n\n\n\n<p>Une strat\u00e9gie pour stopper la vague de migrants irr\u00e9guliers qui continuent d\u2019envahir les iles espagnoles d\u00e9bord\u00e9es par cet afflux in\u00e9dit&nbsp;?<\/p>\n\n\n\n<p>Le Bureau ex\u00e9cutif de l\u2019Ac\u00adtion pour les droits humains et l\u2019amiti\u00e9 (Adha) se demande pourquoi favoriser le travail agricole \u00e0 l\u2019\u00e9tranger alors que les terres locales manquent de bras pour contribuer \u00e0 une autonomie alimentaire. \u00abUn peu comme les esclaves dans les champs de coton en Am\u00e9rique. Des souverainistes qui d\u00e9laissent nos terres pour aller servir dans les champs des anciens colons. Pourquoi pas un appel \u00e0 candidatures pour cultiver nos terres et arriver rapidement \u00e0 la souverainet\u00e9 alimentaire tant souhait\u00e9e ?\u00bb <\/p>\n\n\n\n<p>Et le minist\u00e8re de l\u2019Int\u00e9\u00adgration africaine et des affaires \u00e9trang\u00e8res du S\u00e9n\u00e9gal, cens\u00e9 offrir des opportunit\u00e9s \u00e9conomiques \u00e0 sa jeunesse en qu\u00eate d\u2019emploi, lance un appel \u00e0 candidatures pour aller cueillir des fruits en Espagne dans le cadre du Programme de migration circulaire. Pr\u00e9sident de l\u2019Action pour les droits humains et l\u2019amiti\u00e9 (Adha), Adama Mbengue salue le lancement de l\u2019appel \u00e0 candidatures pour aller cueillir des fruits en Espagne\u2026 pendant 3 mois, tout en exhortant les jeunes \u00e0 d\u00e9poser leurs dossiers dans les Bureaux d\u2019accueil, d\u2019orientation et de suivi (Baos) du 27 au 29 janvier 2025. <\/p>\n\n\n\n<p>Mais dans le communiqu\u00e9, il ne m\u00e2che pas ses mots concernant les failles du processus. \u00abAdha interpelle l\u2019Etat du S\u00e9n\u00e9gal sur l\u2019imp\u00e9ratif de transparence dans le processus de s\u00e9lection. Adha d\u00e9nonce le manque de communication r\u00e9current sur des projets touchant directement les jeunes et la migration circulaire\u00bb, pr\u00e9cise son pr\u00e9sident Adama Mbengue. Selon Adha, le Programme de migration circulaire Espagne-S\u00e9n\u00e9gal s\u2019inscrit dans une s\u00e9rie d\u2019initiatives dont les contours financiers demeurent flous. \u00abDepuis plusieurs ann\u00e9es, des initiatives majeures telles que l\u2019aide publique au d\u00e9veloppement de 128 millions d\u2019euros (environ 85 milliards de F Cfa) d\u00e9di\u00e9e \u00e0 la migration circulaire entre le S\u00e9n\u00e9gal et l\u2019Espagne (2019-2023), restent opaques, sans aucun rapport public accessible \u00e0 ce jour\u00bb, d\u00e9nonce Adama Mbengue.<\/p>\n\n\n\n<p>Mais ce n\u2019est pas tout, il exige \u00e9galement des clarifications sur ces fonds et rappelle que les contrats saisonniers, g\u00e9r\u00e9s notamment par les Bureaux d\u2019accueil, d\u2019orientation et de suivi (Baos) et l\u2019Agence nationale pour la promotion de l\u2019emploi des jeunes (Anpj) dans le cadre d\u2019autres projets comme celui relatif \u00e0 l\u2019immigration au Canada, m\u00e9ritent une communication \u00abproactive et inclusive pour garantir l\u2019\u00e9galit\u00e9 des chances et le respect des droits fondamentaux\u00bb. Toutefois, au-del\u00e0 de ces critiques, Adha pr\u00f4ne \u00e9galement un changement de paradigme. \u00abAdha appelle \u00e0 un changement de paradigme, pr\u00f4nant une gouvernance transparente et une gestion \u00e9quitable des initiatives migratoires, dans le strict respect des droits humains et des principes d\u2019inclusion\u00bb, conclut le document.<\/p>\n\n\n\n<p><strong>ousmane.sow@lequotidien.sn<\/strong><br>LEQUOTIDIEN<\/p>\n","protected":false},"excerpt":{"rendered":"<p>Dans le cadre du programme-pilote de \u00abmigration circulaire\u00bb, l\u2019Espagne cherche des travailleurs agricoles pour des missions de cueillette et de<\/p>\n","protected":false},"author":1,"featured_media":51065,"comment_status":"open","ping_status":"open","sticky":false,"template":"","format":"standard","meta":{"footnotes":""},"categories":[21],"tags":[],"class_list":["post-51064","post","type-post","status-publish","format-standard","has-post-thumbnail","hentry","category-societe"],"_links":{"self":[{"href":"https:\/\/dekkbi.com\/index.php?rest_route=\/wp\/v2\/posts\/51064","targetHints":{"allow":["GET"]}}],"collection":[{"href":"https:\/\/dekkbi.com\/index.php?rest_route=\/wp\/v2\/posts"}],"about":[{"href":"https:\/\/dekkbi.com\/index.php?rest_route=\/wp\/v2\/types\/post"}],"author":[{"embeddable":true,"href":"https:\/\/dekkbi.com\/index.php?rest_route=\/wp\/v2\/users\/1"}],"replies":[{"embeddable":true,"href":"https:\/\/dekkbi.com\/index.php?rest_route=%2Fwp%2Fv2%2Fcomments&post=51064"}],"version-history":[{"count":2,"href":"https:\/\/dekkbi.com\/index.php?rest_route=\/wp\/v2\/posts\/51064\/revisions"}],"predecessor-version":[{"id":51086,"href":"https:\/\/dekkbi.com\/index.php?rest_route=\/wp\/v2\/posts\/51064\/revisions\/51086"}],"wp:featuredmedia":[{"embeddable":true,"href":"https:\/\/dekkbi.com\/index.php?rest_route=\/wp\/v2\/media\/51065"}],"wp:attachment":[{"href":"https:\/\/dekkbi.com\/index.php?rest_route=%2Fwp%2Fv2%2Fmedia&parent=51064"}],"wp:term":[{"taxonomy":"category","embeddable":true,"href":"https:\/\/dekkbi.com\/index.php?rest_route=%2Fwp%2Fv2%2Fcategories&post=51064"},{"taxonomy":"post_tag","embeddable":true,"href":"https:\/\/dekkbi.com\/index.php?rest_route=%2Fwp%2Fv2%2Ftags&post=51064"}],"curies":[{"name":"wp","href":"https:\/\/api.w.org\/{rel}","templated":true}]}}