{"id":51049,"date":"2025-01-24T09:21:11","date_gmt":"2025-01-24T09:21:11","guid":{"rendered":"https:\/\/dekkbi.com\/?p=51049"},"modified":"2025-01-24T10:25:30","modified_gmt":"2025-01-24T10:25:30","slug":"sedhiou-madina-torodo-celebre-son-acces-a-lelectricite","status":"publish","type":"post","link":"https:\/\/dekkbi.com\/?p=51049","title":{"rendered":"Madina Torodo c\u00e9l\u00e8bre son acc\u00e8s \u00e0 l\u2019\u00e9lectricit\u00e9"},"content":{"rendered":"\n<p>S\u00e9dhiou,  (APS) \u2013 Le village de Madina Torodo, dans le d\u00e9partement de Bounkiling (sud), a \u00e9t\u00e9 raccord\u00e9 jeudi au r\u00e9seau \u00e9lectrique, un \u00e9v\u00e8nement f\u00eat\u00e9 comme il se doit par les populations locales.<\/p>\n\n\n\n<p>La mise en service du r\u00e9seau \u00e9lectrique de ce village de la r\u00e9gion de S\u00e9dhiou a \u00e9t\u00e9 rendue possible par le projet r\u00e9gional d\u2019acc\u00e8s \u00e0 l\u2019\u00e9lectricit\u00e9 de la CEDEAO, la Communaut\u00e9 \u00e9conomique des Etats de l\u2019Afrique de l\u2019Ouest.<\/p>\n\n\n\n<p>Financ\u00e9 enti\u00e8rement par la Banque mondiale et port\u00e9 par la CEDEAO, ce projet d\u2019un montant de 129 millions de dollars, soit 102 milliards de francs CFA, cible 121 localit\u00e9s \u00e0 \u00e9lectrifier par la technologie de stockage d\u2019\u00e9nergie par batteries (BEST) dans les r\u00e9gions de Ziguinchor, Kolda, S\u00e9dhiou, K\u00e9dougou, Kaolack et Tambacounda.<\/p>\n\n\n\n<p>\u00ab&nbsp;Le village de Madina Torodo, longtemps plong\u00e9 dans l\u2019obscurit\u00e9, baigne d\u00e9sormais dans la lumi\u00e8re gr\u00e2ce au projet BEST&nbsp;\u00bb, a salu\u00e9 Amadou Ba, maire de la commune de Faoune, dont d\u00e9pend Madina Toro. Il estime que l\u2019arriv\u00e9e de l\u2019\u00e9lectricit\u00e9 va offrir des \u00ab&nbsp;opportunit\u00e9s concr\u00e8tes&nbsp;\u00bb pour lutter contre l\u2019\u00e9migration clandestine et l\u2019exode rural.<\/p>\n\n\n\n<p>Selon Oul\u00e8ye Ba, un habitante du village, \u00ab&nbsp;le projet BEST va r\u00e9volutionner le quotidien, notamment pour les femmes, en facilitant leur autonomisation financi\u00e8re&nbsp;\u00bb.<\/p>\n\n\n\n<p>&nbsp;\u00bbAvec l\u2019\u00e9lectricit\u00e9, nous pourrons acheter des moulins \u00e0 mil, des r\u00e9frig\u00e9rateurs pour la vente de jus et de barres de glace, et ouvrir des ateliers de couture&nbsp;\u00bb, a-t-elle expliqu\u00e9.<\/p>\n\n\n\n<p>De son c\u00f4t\u00e9, Baba Sall, responsable des jeunes et point focal du projet, fait observer l\u2019acc\u00e8s \u00e0 l\u2019\u00e9lectricit\u00e9 va aider \u00e0 \u00ab&nbsp;r\u00e9duire les vols de b\u00e9tail, les agressions et les cambriolages des boutiques&nbsp;\u00bb.<\/p>\n\n\n\n<p>L\u2019\u00e9clairage public et les installations \u00e9lectriques contribuent \u00e0 apaiser les craintes des habitants et \u00e0 cr\u00e9er un environnement plus s\u00fbr, a ajout\u00e9 M. Sall.<\/p>\n\n\n\n<p>De m\u00eame, l\u2019acc\u00e8s \u00e0 l\u2019\u00e9lectricit\u00e9 peut permettre aux agriculteurs d\u2019am\u00e9liorer leurs capacit\u00e9s de stockage de produits et de transformation.<\/p>\n\n\n\n<p>Djiby Dieng, directeur de l\u2019\u00e9quipement des r\u00e9seaux et repr\u00e9sentant du directeur g\u00e9n\u00e9ral de la Senelec, la soci\u00e9t\u00e9 nationale d\u2019\u00e9lectricit\u00e9, a signal\u00e9 que le projet BEST intervient dans six pays d\u2019Afrique de l\u2019Ouest dont le S\u00e9n\u00e9gal o\u00f9 il cible six r\u00e9gions, soit \u00ab&nbsp;97 000 m\u00e9nages&nbsp;\u00bb.<\/p>\n\n\n\n<p>\u00ab&nbsp;Un projet de cette envergure n\u00e9cessite une coordination \u00e9troite avec les autorit\u00e9s locales et les partenaires internationaux pour assurer une mise en \u0153uvre efficace&nbsp;\u00bb, a t-il soulign\u00e9.<\/p>\n\n\n\n<p>L\u2019acc\u00e8s \u00e0 l\u2019\u00e9lectricit\u00e9 ouvre la voie \u00e0 de nouvelles opportunit\u00e9s \u00e9conomiques, selon M. Dieng.<\/p>\n\n\n\n<p>Les entreprises locales peuvent prolonger leurs heures d\u2019ouverture, les \u00e9l\u00e8ves peuvent \u00e9galement \u00e9tudier plus longtemps le soir, et les petites entreprises comme les couturiers et les commer\u00e7ants peuvent \u00e9largir leurs activit\u00e9s, a-t-il fait valoir.<\/p>\n\n\n\n<p>&nbsp;\u00ab&nbsp;Le projet BEST est une illustration parfaite de ce que nous pouvons accomplir lorsque nous unissons nos forces pour une cause commune&nbsp;\u00bb, a-t-il conclu.<\/p>\n\n\n\n<p>OB\/OID\/BK<\/p>\n","protected":false},"excerpt":{"rendered":"<p>S\u00e9dhiou, (APS) \u2013 Le village de Madina Torodo, dans le d\u00e9partement de Bounkiling (sud), a \u00e9t\u00e9 raccord\u00e9 jeudi au r\u00e9seau<\/p>\n","protected":false},"author":1,"featured_media":51050,"comment_status":"open","ping_status":"open","sticky":false,"template":"","format":"standard","meta":{"footnotes":""},"categories":[3],"tags":[],"class_list":["post-51049","post","type-post","status-publish","format-standard","has-post-thumbnail","hentry","category-event-more-news"],"_links":{"self":[{"href":"https:\/\/dekkbi.com\/index.php?rest_route=\/wp\/v2\/posts\/51049","targetHints":{"allow":["GET"]}}],"collection":[{"href":"https:\/\/dekkbi.com\/index.php?rest_route=\/wp\/v2\/posts"}],"about":[{"href":"https:\/\/dekkbi.com\/index.php?rest_route=\/wp\/v2\/types\/post"}],"author":[{"embeddable":true,"href":"https:\/\/dekkbi.com\/index.php?rest_route=\/wp\/v2\/users\/1"}],"replies":[{"embeddable":true,"href":"https:\/\/dekkbi.com\/index.php?rest_route=%2Fwp%2Fv2%2Fcomments&post=51049"}],"version-history":[{"count":2,"href":"https:\/\/dekkbi.com\/index.php?rest_route=\/wp\/v2\/posts\/51049\/revisions"}],"predecessor-version":[{"id":51092,"href":"https:\/\/dekkbi.com\/index.php?rest_route=\/wp\/v2\/posts\/51049\/revisions\/51092"}],"wp:featuredmedia":[{"embeddable":true,"href":"https:\/\/dekkbi.com\/index.php?rest_route=\/wp\/v2\/media\/51050"}],"wp:attachment":[{"href":"https:\/\/dekkbi.com\/index.php?rest_route=%2Fwp%2Fv2%2Fmedia&parent=51049"}],"wp:term":[{"taxonomy":"category","embeddable":true,"href":"https:\/\/dekkbi.com\/index.php?rest_route=%2Fwp%2Fv2%2Fcategories&post=51049"},{"taxonomy":"post_tag","embeddable":true,"href":"https:\/\/dekkbi.com\/index.php?rest_route=%2Fwp%2Fv2%2Ftags&post=51049"}],"curies":[{"name":"wp","href":"https:\/\/api.w.org\/{rel}","templated":true}]}}