{"id":51030,"date":"2025-01-23T15:25:53","date_gmt":"2025-01-23T15:25:53","guid":{"rendered":"https:\/\/dekkbi.com\/?p=51030"},"modified":"2025-01-23T15:25:54","modified_gmt":"2025-01-23T15:25:54","slug":"france-algerie-tensions-autour-des-visas","status":"publish","type":"post","link":"https:\/\/dekkbi.com\/?p=51030","title":{"rendered":"France-Alg\u00e9rie : tensions autour des visas"},"content":{"rendered":"\n<p>Depuis quelques semaines, l&rsquo;ombre d&rsquo;une nouvelle&nbsp;<em>\u00ab\u00a0guerre des visas\u00a0\u00bb<\/em>&nbsp;plane entre Paris et Alger, en crise diplomatique apr\u00e8s plusieurs d\u00e9clarations muscl\u00e9es de responsables politiques fran\u00e7ais. Ces derni\u00e8res ont conduit l&rsquo;Alg\u00e9rie \u00e0 d\u00e9noncer l&rsquo;influence en France d&rsquo;une&nbsp;<em>\u00ab\u00a0extr\u00eame droite revancharde\u00a0\u00bb<\/em>.<\/p>\n\n\n\n<p><em>\u00ab\u00a0A chaque fois qu&rsquo;il y a une crise entre la France et l&rsquo;Alg\u00e9rie, la principale mesure de r\u00e9torsion, c&rsquo;est sur l&rsquo;immigration\u00a0\u00bb<\/em>, rappelle Serge Slama, professeur de droit \u00e0 l&rsquo;universit\u00e9 Grenoble-Alpes.<\/p>\n\n\n\n<p>Les rapports entre les deux pays se sont d\u00e9grad\u00e9s apr\u00e8s l&rsquo;annonce fin juillet par Paris d&rsquo;un soutien au plan d&rsquo;autonomie marocain au Sahara occidental, territoire&nbsp;au statut non d\u00e9fini \u00e0 l&rsquo;ONU et th\u00e9\u00e2tre d&rsquo;un conflit depuis un demi-si\u00e8cle entre le Maroc et les ind\u00e9pendantistes sahraouis du Front Polisario, soutenus par Alger.<\/p>\n\n\n\n<p>La brouille s&rsquo;est amplifi\u00e9e avec la d\u00e9tention en Alg\u00e9rie de l&rsquo;\u00e9crivain franco-alg\u00e9rien Boualem Sansal puis l&rsquo;arrestation en France de plusieurs influenceurs alg\u00e9riens et franco-alg\u00e9riens pour apologie de la violence.<\/p>\n\n\n\n<p><em>\u00ab\u00a0Je suis favorable \u00e0 des mesures fortes, car sans rapport de forces, on n&rsquo;y arrivera pas\u00a0\u00bb<\/em>, a lanc\u00e9 dimanche le ministre fran\u00e7ais de l&rsquo;Int\u00e9rieur Bruno Retailleau, qui estime que l&rsquo;accord de 1968 fixant les conditions d&rsquo;entr\u00e9e en France des Alg\u00e9riens -que Paris juge favorables par rapport aux autres pays- doit \u00eatre revu.<\/p>\n\n\n\n<p>Pour Bruno Retailleau, l&rsquo;Alg\u00e9rie ne d\u00e9livre en outre pas assez de laissez-passer consulaires, document indispensable pour renvoyer dans son pays d&rsquo;origine une personne en situation irr\u00e9guli\u00e8re en France.<\/p>\n\n\n\n<p>Toutefois, dans la crise actuelle, ni Alger, ni Paris n&rsquo;ont encore utilis\u00e9 l&rsquo;arme migratoire, brandie d\u00e9j\u00e0 \u00e0 d&rsquo;innombrables reprises par le pass\u00e9.<\/p>\n\n\n\n<p>Comme en 2021, o\u00f9 la France avait r\u00e9duit drastiquement le nombre de visas accord\u00e9s aux Alg\u00e9riens &#8211; ainsi qu&rsquo;aux Marocains et aux Tunisiens -, estimant que leurs gouvernants, d\u00e9j\u00e0, ne faisaient pas assez d&rsquo;efforts pour r\u00e9admettre leurs ressortissants expuls\u00e9s de France.<\/p>\n","protected":false},"excerpt":{"rendered":"<p>Depuis quelques semaines, l&rsquo;ombre d&rsquo;une nouvelle&nbsp;\u00ab\u00a0guerre des visas\u00a0\u00bb&nbsp;plane entre Paris et Alger, en crise diplomatique apr\u00e8s plusieurs d\u00e9clarations muscl\u00e9es de<\/p>\n","protected":false},"author":1,"featured_media":51031,"comment_status":"open","ping_status":"open","sticky":false,"template":"","format":"standard","meta":{"footnotes":""},"categories":[51],"tags":[],"class_list":["post-51030","post","type-post","status-publish","format-standard","has-post-thumbnail","hentry","category-general"],"_links":{"self":[{"href":"https:\/\/dekkbi.com\/index.php?rest_route=\/wp\/v2\/posts\/51030","targetHints":{"allow":["GET"]}}],"collection":[{"href":"https:\/\/dekkbi.com\/index.php?rest_route=\/wp\/v2\/posts"}],"about":[{"href":"https:\/\/dekkbi.com\/index.php?rest_route=\/wp\/v2\/types\/post"}],"author":[{"embeddable":true,"href":"https:\/\/dekkbi.com\/index.php?rest_route=\/wp\/v2\/users\/1"}],"replies":[{"embeddable":true,"href":"https:\/\/dekkbi.com\/index.php?rest_route=%2Fwp%2Fv2%2Fcomments&post=51030"}],"version-history":[{"count":1,"href":"https:\/\/dekkbi.com\/index.php?rest_route=\/wp\/v2\/posts\/51030\/revisions"}],"predecessor-version":[{"id":51032,"href":"https:\/\/dekkbi.com\/index.php?rest_route=\/wp\/v2\/posts\/51030\/revisions\/51032"}],"wp:featuredmedia":[{"embeddable":true,"href":"https:\/\/dekkbi.com\/index.php?rest_route=\/wp\/v2\/media\/51031"}],"wp:attachment":[{"href":"https:\/\/dekkbi.com\/index.php?rest_route=%2Fwp%2Fv2%2Fmedia&parent=51030"}],"wp:term":[{"taxonomy":"category","embeddable":true,"href":"https:\/\/dekkbi.com\/index.php?rest_route=%2Fwp%2Fv2%2Fcategories&post=51030"},{"taxonomy":"post_tag","embeddable":true,"href":"https:\/\/dekkbi.com\/index.php?rest_route=%2Fwp%2Fv2%2Ftags&post=51030"}],"curies":[{"name":"wp","href":"https:\/\/api.w.org\/{rel}","templated":true}]}}