{"id":50972,"date":"2025-01-23T10:25:19","date_gmt":"2025-01-23T10:25:19","guid":{"rendered":"https:\/\/dekkbi.com\/?p=50972"},"modified":"2025-01-23T10:27:42","modified_gmt":"2025-01-23T10:27:42","slug":"les-projets-et-programmes-de-la-snd-2025-2029-seront-examines-en-conseil-des-ministres-en-fevrier-prochain","status":"publish","type":"post","link":"https:\/\/dekkbi.com\/?p=50972","title":{"rendered":"Les projets et programmes de la SND 2025 &#8211; 2029 seront examin\u00e9s en Conseil des ministres en f\u00e9vrier prochain"},"content":{"rendered":"\n<p>Dakar, (APS) \u2013 Les projets, programmes et r\u00e9formes de la Strat\u00e9gie nationale de d\u00e9veloppement (SND) 2025-2029 seront examin\u00e9s en Conseil des ministres au plus tard en f\u00e9vrier prochain, a assur\u00e9 le Premier ministre, mercredi 22 janvier, annon\u00e7ant ensuite la cr\u00e9ation d\u2019un comit\u00e9 interminist\u00e9riel charg\u00e9 de r\u00e9soudre les \u2018\u2019probl\u00e9matiques conjoncturelles et structurelles\u2019\u2019 du secteur de l\u2019\u00e9nergie.<\/p>\n\n\n\n<p>\u2018\u2019Le Premier ministre a [\u2026] \u00e9voqu\u00e9 les travaux en cours relatifs \u00e0 la mise en \u0153uvre op\u00e9rationnelle de la [SND] 2025-2029, notamment la finalisation des fiches de projets, programmes et r\u00e9formes, ainsi que leur priorisation, en vue de la soumission du dossier en Conseil des ministres au plus tard \u00e0 la mi-f\u00e9vrier 2025\u2019\u2019, est-il \u00e9crit dans le dernier communiqu\u00e9 du Conseil des ministres.<\/p>\n\n\n\n<p>La m\u00eame source affirme que \u2018\u2019le Premier ministre a ensuite fait part de l\u2019importance et de l\u2019urgence attach\u00e9es \u00e0 la restructuration du secteur de l\u2019\u00e9nergie\u2019\u2019.<\/p>\n\n\n\n<p>\u2018\u2019\u00c0 cet \u00e9gard, il a [annonc\u00e9] la mise en place, sous la coordination du ministre de l\u2019\u00c9nergie, du P\u00e9trole et des Mines, d\u2019un comit\u00e9 interminist\u00e9riel charg\u00e9 d\u2019\u00e9laborer une feuille de route et un plan d\u2019action en vue de la r\u00e9solution des probl\u00e9matiques conjoncturelles et structurelles du secteur\u2019\u2019, rapporte le communiqu\u00e9 publi\u00e9 apr\u00e8s la r\u00e9union du gouvernement.<\/p>\n\n\n\n<p>Il ajoute que ce comit\u00e9 sera charg\u00e9 en m\u00eame temps de \u2018\u2019proposer des solutions p\u00e9rennes, sous r\u00e9serve des contraintes budg\u00e9taires, pour une diminution de la facture \u00e9nerg\u00e9tique\u2019\u2019.<\/p>\n\n\n\n<p><strong>Des propositions pour la fili\u00e8re phosphates-fertilisants<\/strong><\/p>\n\n\n\n<p>\u2018\u2019Les conclusions du comit\u00e9 devront \u00eatre prises en compte dans les orientations devant guider la finalisation du projet de loi portant restructuration de la Senelec (la Soci\u00e9t\u00e9 nationale d\u2019\u00e9lectricit\u00e9 du S\u00e9n\u00e9gal) et du projet de d\u00e9cret fixant les modalit\u00e9s de participation des investisseurs s\u00e9n\u00e9galais, ainsi que les conditions de d\u00e9termination du plan de contenu local dans le secteur de l\u2019\u00e9lectricit\u00e9.\u2019\u2019<\/p>\n\n\n\n<p>Le texte sign\u00e9 du ministre de la Formation professionnelle et porte-parole du gouvernement, Amadou Moustapha Njekk Sarr\u00e9, annonce que \u2018\u2019l\u2019ensemble de ce dossier devra \u00eatre soumis au Conseil des ministres au cours du mois de f\u00e9vrier 2025\u2019\u2019.<\/p>\n\n\n\n<p>\u2018\u2019Par ailleurs, ajoute M. Sarr\u00e9, le Premier ministre a inform\u00e9 le Conseil de la mise en place d\u2019un comit\u00e9 ad hoc charg\u00e9 de lui soumettre des propositions relatives \u00e0 la strat\u00e9gie nationale de d\u00e9veloppement de la fili\u00e8re phosphates-fertilisants au plus tard \u00e0 la fin f\u00e9vrier 2025.\u2019\u2019<\/p>\n\n\n\n<p>ESF<\/p>\n","protected":false},"excerpt":{"rendered":"<p>Dakar, (APS) \u2013 Les projets, programmes et r\u00e9formes de la Strat\u00e9gie nationale de d\u00e9veloppement (SND) 2025-2029 seront examin\u00e9s en Conseil<\/p>\n","protected":false},"author":1,"featured_media":50973,"comment_status":"open","ping_status":"open","sticky":false,"template":"","format":"standard","meta":{"footnotes":""},"categories":[6],"tags":[],"class_list":["post-50972","post","type-post","status-publish","format-standard","has-post-thumbnail","hentry","category-politics"],"_links":{"self":[{"href":"https:\/\/dekkbi.com\/index.php?rest_route=\/wp\/v2\/posts\/50972","targetHints":{"allow":["GET"]}}],"collection":[{"href":"https:\/\/dekkbi.com\/index.php?rest_route=\/wp\/v2\/posts"}],"about":[{"href":"https:\/\/dekkbi.com\/index.php?rest_route=\/wp\/v2\/types\/post"}],"author":[{"embeddable":true,"href":"https:\/\/dekkbi.com\/index.php?rest_route=\/wp\/v2\/users\/1"}],"replies":[{"embeddable":true,"href":"https:\/\/dekkbi.com\/index.php?rest_route=%2Fwp%2Fv2%2Fcomments&post=50972"}],"version-history":[{"count":1,"href":"https:\/\/dekkbi.com\/index.php?rest_route=\/wp\/v2\/posts\/50972\/revisions"}],"predecessor-version":[{"id":50974,"href":"https:\/\/dekkbi.com\/index.php?rest_route=\/wp\/v2\/posts\/50972\/revisions\/50974"}],"wp:featuredmedia":[{"embeddable":true,"href":"https:\/\/dekkbi.com\/index.php?rest_route=\/wp\/v2\/media\/50973"}],"wp:attachment":[{"href":"https:\/\/dekkbi.com\/index.php?rest_route=%2Fwp%2Fv2%2Fmedia&parent=50972"}],"wp:term":[{"taxonomy":"category","embeddable":true,"href":"https:\/\/dekkbi.com\/index.php?rest_route=%2Fwp%2Fv2%2Fcategories&post=50972"},{"taxonomy":"post_tag","embeddable":true,"href":"https:\/\/dekkbi.com\/index.php?rest_route=%2Fwp%2Fv2%2Ftags&post=50972"}],"curies":[{"name":"wp","href":"https:\/\/api.w.org\/{rel}","templated":true}]}}