{"id":50966,"date":"2025-01-23T10:14:32","date_gmt":"2025-01-23T10:14:32","guid":{"rendered":"https:\/\/dekkbi.com\/?p=50966"},"modified":"2025-01-23T10:14:32","modified_gmt":"2025-01-23T10:14:32","slug":"projet-best-1000-localites-senegalaises-a-electrifier-pres-de-130-millions-de-dollars-reserves-pour-le-senegal","status":"publish","type":"post","link":"https:\/\/dekkbi.com\/?p=50966","title":{"rendered":"PROJET BEST &#8211;\u00a01000 LOCALIT\u00c9S S\u00c9N\u00c9GALAISES \u00c0 \u00c9LECTRIFIER &#8211; Pr\u00e8s de 130 millions de dollars r\u00e9serv\u00e9s pour le S\u00e9n\u00e9gal"},"content":{"rendered":"\n<p><strong><em>Dans le cadre du Projet r\u00e9gional d\u2019acc\u00e8s \u00e0 l\u2019\u00e9lectricit\u00e9 et de technologie de stockage d\u2019\u00e9nergie par batteries (Best), une mission r\u00e9gionale a pour objectif d&rsquo;\u00e9valuer les projets de mise en \u0153uvre de la composante ax\u00e9e sur l&rsquo;\u00e9lectricit\u00e9. Elle est au S\u00e9n\u00e9gal depuis hier. Sur les 2 000 localit\u00e9s \u00e0 \u00e9lectrifier, la moiti\u00e9 se trouve au pays de la T\u00e9ranga. Le lancement officiel aura lieu bient\u00f4t dans la r\u00e9gion de S\u00e9dhiou.<\/em><\/strong><\/p>\n\n\n\n<p>Le Projet r\u00e9gional d\u2019acc\u00e8s \u00e0 l\u2019\u00e9lectricit\u00e9 et de technologie de stockage d\u2019\u00e9nergie par batteries (Best) couvre, au niveau de la r\u00e9gion ouest-africaine, trois pays : le Niger, la Mauritanie et le S\u00e9n\u00e9gal. Parmi les 2 000 localit\u00e9s \u00e0 \u00e9lectrifier gr\u00e2ce \u00e0 ce projet, environ 1 000 localit\u00e9s s\u00e9n\u00e9galaises (six r\u00e9gions) sont concern\u00e9es, soit la moiti\u00e9. Sur l&rsquo;enveloppe totale de 465 millions de dollars, 129 millions sont r\u00e9serv\u00e9s au pays de la T\u00e9ranga.<\/p>\n\n\n\n<p>\u2018\u2019Les contrats ont \u00e9t\u00e9 sign\u00e9s. Il faut passer \u00e0 la mise en \u0153uvre acc\u00e9l\u00e9r\u00e9e de ce programme parce que, dans la sous-r\u00e9gion, nous faisons tout ce qui est possible pour \u00e9lectrifier le maximum de localit\u00e9s et connecter le maximum de personnes d\u2019ici 2030. Depuis le 17 avril 2024, la Banque mondiale et la Banque africaine de d\u00e9veloppement ont lanc\u00e9 l\u2019initiative M300, qui vise \u00e0 connecter 300 millions de personnes d\u2019ici 2030\u2019\u2019, a indiqu\u00e9 le directeur sectoriel de l\u2019\u00c9nergie pour l\u2019Afrique de l\u2019Ouest (IAWE2) au sein de la Banque mondiale (BM), Kwawu Mensan Gaba.<\/p>\n\n\n\n<p>Il s\u2019exprimait hier lors d\u2019un point de presse anim\u00e9 par la Banque mondiale, l&rsquo;Unit\u00e9 r\u00e9gionale de coordination du projet et la Senelec. En effet, depuis hier, une mission r\u00e9gionale d&rsquo;appui \u00e0 la mise en \u0153uvre de la composante Acc\u00e8s \u00e0 l&rsquo;\u00e9lectricit\u00e9 se tient \u00e0 Dakar jusqu\u2019au 24 janvier prochain. Son objectif est d&rsquo;\u00e9valuer les progr\u00e8s r\u00e9alis\u00e9s dans ce sens en concertation avec les unit\u00e9s de mise en \u0153uvre du projet (UMOP) de la Mauritanie, du Niger et du S\u00e9n\u00e9gal. \u2018\u2019Les entreprises sont mobilis\u00e9es. Dans quelques jours, il y aura un lancement officiel dans la ville de S\u00e9dhiou. La premi\u00e8re phase devra \u00eatre boucl\u00e9e d\u2019ici 2027\u2019\u2019, a annonc\u00e9 Kwawu Mensan Gaba.<\/p>\n\n\n\n<p>El Hadj Ibrahima Niang, du minist\u00e8re des Finances et du Budget du S\u00e9n\u00e9gal, a pr\u00e9cis\u00e9 que l&rsquo;ing\u00e9nieur-conseil ainsi que les entreprises de travaux sont recrut\u00e9s. \u2018\u2019Je crois que nous allons lancer ce projet. Nous comptons sur chacun de nous pour la bonne avanc\u00e9e, pour les meilleurs r\u00e9sultats et que d&rsquo;ici la fin de cette ann\u00e9e, nous puissions voir les localit\u00e9s \u00e9lectrifi\u00e9es. Nous avons pr\u00e9vu aussi, au cours de cette mission, le lancement officiel qui aura lieu dans la r\u00e9gion de S\u00e9dhiou o\u00f9 nous allons voir les premiers poteaux mis en \u0153uvre\u2019\u2019, a rench\u00e9ri Elise Akitani, sp\u00e9cialiste principale en \u00e9nergie, co-charg\u00e9e du projet.<\/p>\n\n\n\n<p>Arkadius Koumoin, Ag., chef de la Division des \u00e9nergies conventionnelles (\u00e9lectricit\u00e9 et hydrocarbures), a repr\u00e9sent\u00e9 le directeur de l&rsquo;\u00c9nergie et des Mines de la Commission de la CEDEAO. Il souligne que l\u2019acc\u00e8s \u00e0 l&rsquo;\u00e9lectricit\u00e9 constitue encore un d\u00e9fi majeur dans la r\u00e9gion. \u2018\u2019Plusieurs localit\u00e9s sont encore dans le noir et pr\u00e8s de 180 millions de personnes ne tirent pas profit de cette commodit\u00e9 vitale pour leur d\u00e9veloppement socio\u00e9conomique. C&rsquo;est pourquoi la CEDEAO a plac\u00e9 l&rsquo;acc\u00e8s \u00e0 l&rsquo;\u00e9lectricit\u00e9 parmi les priorit\u00e9s r\u00e9gionales \u00e0 travers diff\u00e9rents documents de strat\u00e9gie, notamment la Vision 2050 et les priorit\u00e9s strat\u00e9giques 4&#215;4 couvrant la p\u00e9riode 2022 \u00e0 2026\u2019\u2019, a-t-il soutenu.<\/p>\n\n\n\n<p>\u2018\u2019Dans cette perspective, nous avons toujours mis un point d&rsquo;honneur \u00e0 l&rsquo;approche r\u00e9gionale pour r\u00e9aliser des \u00e9conomies d&rsquo;\u00e9chelle et au partenariat avec la Banque mondiale qui implique un dialogue permanent, la consid\u00e9ration des besoins exprim\u00e9s et un suivi r\u00e9gulier des engagements\u2019\u2019, a-t-il ajout\u00e9.<\/p>\n\n\n\n<p>Le DG de la Senelec, Papa Toby Gu\u00e8ye, a abond\u00e9 dans le m\u00eame sens. \u2018\u2019Cette mission rev\u00eat une importance capitale, car elle s&rsquo;inscrit directement dans nos efforts pour am\u00e9liorer l&rsquo;acc\u00e8s \u00e0 l&rsquo;\u00e9lectricit\u00e9, un facteur fondamental pour le d\u00e9veloppement durable et inclusif\u2019\u2019, a-t-il d&rsquo;abord d\u00e9clar\u00e9.<\/p>\n\n\n\n<p>Ensuite, il a not\u00e9 que le projet Best, \u00e0 travers sa composante ax\u00e9e sur l&rsquo;\u00e9lectricit\u00e9, vise \u00e0 renforcer les capacit\u00e9s des diff\u00e9rents acteurs en mati\u00e8re d&rsquo;\u00e9lectrification et d&rsquo;extension de l&rsquo;acc\u00e8s \u00e0 l&rsquo;\u00e9nergie. En effet, dit-il, \u2018\u2019l&rsquo;acc\u00e8s universel \u00e0 l&rsquo;\u00e9lectricit\u00e9 demeure un d\u00e9fi majeur pour de nombreuses r\u00e9gions et il est imp\u00e9ratif que nous mettions en place des solutions adapt\u00e9es pour \u00e9largir ce service \u00e0 toutes les populations, en particulier \u00e0 celles des zones rurales et \u00e9loign\u00e9es\u2019\u2019.<\/p>\n\n\n\n<p><em><strong>BABACAR SY SEYE<\/strong><\/em><\/p>\n\n\n\n<p>Section:&nbsp;<\/p>\n\n\n\n<p><a href=\"https:\/\/www.enqueteplus.com\/sections\/social\">social<\/a><\/p>\n","protected":false},"excerpt":{"rendered":"<p>Dans le cadre du Projet r\u00e9gional d\u2019acc\u00e8s \u00e0 l\u2019\u00e9lectricit\u00e9 et de technologie de stockage d\u2019\u00e9nergie par batteries (Best), une mission<\/p>\n","protected":false},"author":1,"featured_media":50967,"comment_status":"open","ping_status":"open","sticky":false,"template":"","format":"standard","meta":{"footnotes":""},"categories":[3],"tags":[],"class_list":["post-50966","post","type-post","status-publish","format-standard","has-post-thumbnail","hentry","category-event-more-news"],"_links":{"self":[{"href":"https:\/\/dekkbi.com\/index.php?rest_route=\/wp\/v2\/posts\/50966","targetHints":{"allow":["GET"]}}],"collection":[{"href":"https:\/\/dekkbi.com\/index.php?rest_route=\/wp\/v2\/posts"}],"about":[{"href":"https:\/\/dekkbi.com\/index.php?rest_route=\/wp\/v2\/types\/post"}],"author":[{"embeddable":true,"href":"https:\/\/dekkbi.com\/index.php?rest_route=\/wp\/v2\/users\/1"}],"replies":[{"embeddable":true,"href":"https:\/\/dekkbi.com\/index.php?rest_route=%2Fwp%2Fv2%2Fcomments&post=50966"}],"version-history":[{"count":1,"href":"https:\/\/dekkbi.com\/index.php?rest_route=\/wp\/v2\/posts\/50966\/revisions"}],"predecessor-version":[{"id":50968,"href":"https:\/\/dekkbi.com\/index.php?rest_route=\/wp\/v2\/posts\/50966\/revisions\/50968"}],"wp:featuredmedia":[{"embeddable":true,"href":"https:\/\/dekkbi.com\/index.php?rest_route=\/wp\/v2\/media\/50967"}],"wp:attachment":[{"href":"https:\/\/dekkbi.com\/index.php?rest_route=%2Fwp%2Fv2%2Fmedia&parent=50966"}],"wp:term":[{"taxonomy":"category","embeddable":true,"href":"https:\/\/dekkbi.com\/index.php?rest_route=%2Fwp%2Fv2%2Fcategories&post=50966"},{"taxonomy":"post_tag","embeddable":true,"href":"https:\/\/dekkbi.com\/index.php?rest_route=%2Fwp%2Fv2%2Ftags&post=50966"}],"curies":[{"name":"wp","href":"https:\/\/api.w.org\/{rel}","templated":true}]}}