{"id":50931,"date":"2025-01-22T15:48:34","date_gmt":"2025-01-22T15:48:34","guid":{"rendered":"https:\/\/dekkbi.com\/?p=50931"},"modified":"2025-01-22T15:48:35","modified_gmt":"2025-01-22T15:48:35","slug":"guerre-au-proche-orient-des-explosions-entendues-a-jenine-au-deuxieme-jour-de-loperation-israelienne-en-cisjordanie-occupee","status":"publish","type":"post","link":"https:\/\/dekkbi.com\/?p=50931","title":{"rendered":"Guerre au Proche-Orient : des explosions entendues \u00e0 J\u00e9nine, au deuxi\u00e8me jour de l&rsquo;op\u00e9ration isra\u00e9lienne en Cisjordanie occup\u00e9e"},"content":{"rendered":"\n<p>L&rsquo;arm\u00e9e isra\u00e9lienne a annonc\u00e9 mardi avoir \u00ab\u00a0lanc\u00e9 une op\u00e9ration antiterroriste\u00a0\u00bb dans cette ville du nord de la Cisjordanie.<\/p>\n\n\n\n<p>Ce qu&rsquo;il faut savoir<\/p>\n\n\n\n<p>La ville de J\u00e9nine, en Cisjordanie occup\u00e9e, continue d&rsquo;\u00eatre l&rsquo;objet d&rsquo;une\u00a0op\u00e9ration militaire isra\u00e9lienne.\u00a0<em>\u00ab\u00a0La situation est tr\u00e8s difficile. L&rsquo;arm\u00e9e d&rsquo;occupation a ras\u00e9 au bulldozer toutes les routes menant au camp de J\u00e9nine et \u00e0 l&rsquo;h\u00f4pital\u00a0\u00bb<\/em>, a d\u00e9crit le gouverneur de la ville, Kamal Abu Rub.\u00a0<em>\u00ab\u00a0Il y a des tirs et des explosions. Un avion survole la zone\u00a0\u00bb<\/em>, a-t-il ajout\u00e9, faisant \u00e9tat de nombreuses arrestations. Suivez notre direct. L&rsquo;arm\u00e9e isra\u00e9lienne avait annonc\u00e9 mardi avoir\u00a0<em>\u00ab\u00a0lanc\u00e9 une op\u00e9ration antiterroriste\u00a0\u00bb<\/em>\u00a0dans cette ville du nord de la Cisjordanie, territoire occup\u00e9 par Isra\u00ebl depuis 1967. Mercredi, elle a affirm\u00e9 avoir<em>\u00a0\u00ab\u00a0frapp\u00e9 plus de dix terroristes\u00a0\u00bb<\/em>\u00a0au cours de l&rsquo;op\u00e9ration.\u00a0Suivez notre direct.<\/p>\n\n\n\n<p><strong>Une attaque au couteau \u00e0 Tel-Aviv.&nbsp;<\/strong>Cinq personnes ont \u00e9t\u00e9 bless\u00e9es, dont une gri\u00e8vement, mardi \u00e0 Tel-Aviv (Isra\u00ebl). L&rsquo;attaque a eu lieu autour de 21h10 (20h10 \u00e0 Paris) dans un quartier anim\u00e9 de la ville, rapporte la police.&nbsp;<em>\u00ab\u00a0Selon les premiers \u00e9l\u00e9ments de l&rsquo;enqu\u00eate, un terroriste a sorti un couteau et commenc\u00e9 \u00e0 poignarder des gens sur la rue, blessant quatre civils<\/em>\u00a0\u00bb avant d&rsquo;en blesser<em>&nbsp;\u00ab\u00a0un autre\u00a0\u00bb<\/em>, l\u00e9g\u00e8rement, dans une rue voisine. L&rsquo;assaillant,&nbsp;<em>\u00ab\u00a0un ressortissant \u00e9tranger \u00e2g\u00e9 de 28 ans\u00a0\u00bb&nbsp;<\/em>arriv\u00e9 quelques jours plus t\u00f4t en Isra\u00ebl, a ensuite \u00e9t\u00e9 abattu.<\/p>\n\n\n\n<p><strong>Le chef d&rsquo;\u00e9tat-major isra\u00e9lien d\u00e9missionne.<\/strong>\u00a0Le chef de l&rsquo;arm\u00e9e isra\u00e9lienne,\u00a0Herzi Halevi, a d\u00e9missionn\u00e9 mardi\u00a0en reconnaissant sa responsabilit\u00e9 dans<em>\u00a0\u00ab\u00a0l&rsquo;\u00e9chec\u00a0\u00bb\u00a0<\/em>\u00e0 emp\u00eacher l&rsquo;attaque du Hamas palestinien le 7 octobre 2023. Dans sa lettre de d\u00e9mission, il a aussi admis que\u00a0<em>\u00ab\u00a0les objectifs de la guerre<\/em>\u00a0[n&rsquo;avaient]<em>\u00a0pas tous \u00e9t\u00e9 atteints\u00a0\u00bb<\/em>, en soulignant que\u00a0<em>\u00ab\u00a0l&rsquo;arm\u00e9e continuera de lutter pour poursuivre le d\u00e9mant\u00e8lement du Hamas\u00a0\u00bb<\/em>\u00a0et pour\u00a0<em>\u00ab\u00a0le retour de\u00a0<\/em>[tous les]\u00a0<em>otages\u00a0\u00bb<\/em>.<\/p>\n\n\n\n<p><strong>Quatri\u00e8me jour de tr\u00eave.<\/strong>&nbsp;Le cessez-le-feu entr\u00e9 en vigueur dimanche entre Isra\u00ebl et Hamas reste fragile, apr\u00e8s plus de 15 mois d&rsquo;une guerre d\u00e9clench\u00e9e par une attaque sans pr\u00e9c\u00e9dent du mouvement islamiste palestinien et dont la bande de Gaza sort d\u00e9vast\u00e9e. Dans un communiqu\u00e9, le Hamas a \u00e9voqu\u00e9 mardi<em>&nbsp;\u00ab\u00a0l&rsquo;h\u00e9ro\u00efque op\u00e9ration (&#8230;) qui prouve une fois de plus que la r\u00e9sistance continue\u00a0\u00bb,<\/em>&nbsp;sans pour autant revendiquer l&rsquo;attaque.&nbsp;Le secr\u00e9taire g\u00e9n\u00e9ral de l&rsquo;ONU a lui salu\u00e9 mercredi \u00e0 Davos la<em>&nbsp;\u00ab\u00a0large contribution\u00a0\u00bb&nbsp;<\/em>de Donald Trump au cessez-le-feu.&nbsp;<\/p>\n\n\n\n<p>SOURCE FRANCEINFO<\/p>\n","protected":false},"excerpt":{"rendered":"<p>L&rsquo;arm\u00e9e isra\u00e9lienne a annonc\u00e9 mardi avoir \u00ab\u00a0lanc\u00e9 une op\u00e9ration antiterroriste\u00a0\u00bb dans cette ville du nord de la Cisjordanie. Ce qu&rsquo;il<\/p>\n","protected":false},"author":1,"featured_media":50932,"comment_status":"open","ping_status":"open","sticky":false,"template":"","format":"standard","meta":{"footnotes":""},"categories":[51],"tags":[],"class_list":["post-50931","post","type-post","status-publish","format-standard","has-post-thumbnail","hentry","category-general"],"_links":{"self":[{"href":"https:\/\/dekkbi.com\/index.php?rest_route=\/wp\/v2\/posts\/50931","targetHints":{"allow":["GET"]}}],"collection":[{"href":"https:\/\/dekkbi.com\/index.php?rest_route=\/wp\/v2\/posts"}],"about":[{"href":"https:\/\/dekkbi.com\/index.php?rest_route=\/wp\/v2\/types\/post"}],"author":[{"embeddable":true,"href":"https:\/\/dekkbi.com\/index.php?rest_route=\/wp\/v2\/users\/1"}],"replies":[{"embeddable":true,"href":"https:\/\/dekkbi.com\/index.php?rest_route=%2Fwp%2Fv2%2Fcomments&post=50931"}],"version-history":[{"count":1,"href":"https:\/\/dekkbi.com\/index.php?rest_route=\/wp\/v2\/posts\/50931\/revisions"}],"predecessor-version":[{"id":50933,"href":"https:\/\/dekkbi.com\/index.php?rest_route=\/wp\/v2\/posts\/50931\/revisions\/50933"}],"wp:featuredmedia":[{"embeddable":true,"href":"https:\/\/dekkbi.com\/index.php?rest_route=\/wp\/v2\/media\/50932"}],"wp:attachment":[{"href":"https:\/\/dekkbi.com\/index.php?rest_route=%2Fwp%2Fv2%2Fmedia&parent=50931"}],"wp:term":[{"taxonomy":"category","embeddable":true,"href":"https:\/\/dekkbi.com\/index.php?rest_route=%2Fwp%2Fv2%2Fcategories&post=50931"},{"taxonomy":"post_tag","embeddable":true,"href":"https:\/\/dekkbi.com\/index.php?rest_route=%2Fwp%2Fv2%2Ftags&post=50931"}],"curies":[{"name":"wp","href":"https:\/\/api.w.org\/{rel}","templated":true}]}}