{"id":50926,"date":"2025-01-22T15:38:48","date_gmt":"2025-01-22T15:38:48","guid":{"rendered":"https:\/\/dekkbi.com\/?p=50926"},"modified":"2025-01-22T15:56:43","modified_gmt":"2025-01-22T15:56:43","slug":"turquie-apres-lincendie-de-kartalkaya-qui-a-fait-au-moins-76-victimes-le-pays-observe-un-deuil-national","status":"publish","type":"post","link":"https:\/\/dekkbi.com\/?p=50926","title":{"rendered":"Turquie: apr\u00e8s l&rsquo;incendie de Kartalkaya, le pays observe un deuil national"},"content":{"rendered":"\n<p>Le 21 janvier, un incendie d\u00e9vastateur a frapp\u00e9 l\u2019h\u00f4tel Grand Kartal, situ\u00e9 \u00e0 Kartalkaya, station de ski \u00e0 170 kilom\u00e8tres \u00e0 l\u2019est d\u2019Ankara, en Turquie, tuant au moins 76 personnes. En ce 22 janvier, la Turquie observe une journ\u00e9e de deuil national en hommage aux victimes de cette catastrophe qui a d\u00e9cim\u00e9 de nombreuses familles, principalement des vacanciers venus profiter des vacances scolaires d&rsquo;hiver.<\/p>\n\n\n\n<p>Par : RFI avec AFP<\/p>\n\n\n\n<p>Selon la presse\u00a0<strong>turque<\/strong>, le feu s&rsquo;est d\u00e9clar\u00e9 dans un restaurant situ\u00e9 au quatri\u00e8me \u00e9tage de l&rsquo;h\u00f4tel Grand Kartal, un \u00e9tablissement de douze \u00e9tages. L&rsquo;incendie a d\u00e9marr\u00e9 \u00e0 3h27 du matin mardi 21 janvier, selon le ministre de l&rsquo;Int\u00e9rieur Ali Yerlikaya, qui a pr\u00e9cis\u00e9 que les pompiers, \u00ab\u00a0<em>428 \u00e0 bord de 156 camions<\/em>\u00a0\u00bb, sont intervenus dans les 45 minutes. Toutefois, plusieurs t\u00e9moins ont rapport\u00e9 qu&rsquo;une heure apr\u00e8s les premi\u00e8res fum\u00e9es, alors que des clients des \u00e9tages sup\u00e9rieurs appelaient \u00e0 l&rsquo;aide, aucun secours n&rsquo;\u00e9tait encore sur place. D&rsquo;autres t\u00e9moins affirment avoir senti les fum\u00e9es et vu les flammes d\u00e8s 2h30, bien avant l&rsquo;alerte officielle.<\/p>\n\n\n\n<p>Le feu s&rsquo;est rapidement propag\u00e9, possiblement amplifi\u00e9 par le bardage ext\u00e9rieur en bois, prenant au pi\u00e8ge les clients des \u00e9tages sup\u00e9rieurs. Certains d\u2019entre eux ont tragiquement trouv\u00e9 la mort en se jetant par les fen\u00eatres pour \u00e9chapper aux flammes. \u00ab&nbsp;<em>Quand je suis arriv\u00e9, il y avait des flammes partout, on entendait des cris (&#8230;) J&rsquo;ai vu une personne se d\u00e9fenestrer<\/em>&nbsp;\u00bb, a confi\u00e9 \u00e0 l&rsquo;AFP Cevdet Can, responsable d&rsquo;une \u00e9cole de ski de la station, se disant tr\u00e8s \u00ab&nbsp;<em>affect\u00e9<\/em>&nbsp;\u00bb par la mort d&rsquo;enfants.<\/p>\n\n\n\n<h2 class=\"wp-block-heading\">Accusations de n\u00e9gligence<\/h2>\n\n\n\n<p>Les accusations de n\u00e9gligence se multiplient aujourd&rsquo;hui. Les rescap\u00e9s, ainsi que la presse turque, ont d\u00e9nonc\u00e9 l\u2019absence d&rsquo;alarme incendie et de portes coupe-feu dans l\u2019h\u00f4tel. En parall\u00e8le, l&rsquo;enqu\u00eate sur les causes de l&rsquo;incendie a \u00e9t\u00e9 ouverte. Neuf personnes, dont le directeur de l&rsquo;h\u00f4tel, ont \u00e9t\u00e9 arr\u00eat\u00e9es. Le minist\u00e8re de la Justice a nomm\u00e9 six procureurs pour superviser l&rsquo;enqu\u00eate, et un comit\u00e9 d&rsquo;experts a \u00e9t\u00e9 form\u00e9 pour analyser les circonstances du drame. Les autorit\u00e9s turques examinent notamment la conformit\u00e9 de l&rsquo;h\u00f4tel aux normes de s\u00e9curit\u00e9. Bien que le minist\u00e8re du Tourisme ait certifi\u00e9 que l\u2019h\u00f4tel avait \u00e9t\u00e9 v\u00e9rifi\u00e9 en 2021 et 2024, des accusations de n\u00e9gligence sont d\u00e9sormais formul\u00e9es \u00e0 l\u2019encontre de la direction de l\u2019\u00e9tablissement.<\/p>\n\n\n\n<p>\u00ab&nbsp;<em>Ce n&rsquo;est pas l&rsquo;incendie mais les n\u00e9gligences qui ont caus\u00e9 la mort<\/em>&nbsp;\u00bb, a d\u2019ailleurs \u00e9crit le grand quotidien progouvernemental&nbsp;<em>H\u00fcrriyet<\/em>. Si l\u2019h\u00f4tel \u00e9tait bien \u00e9quip\u00e9 de deux escaliers de secours, plusieurs rescap\u00e9s ont mis en lumi\u00e8re l&rsquo;absence de syst\u00e8me d\u2019alarme incendie et de portes coupe-feu.<\/p>\n\n\n\n<p>Pour afficher ce contenu X (Twitter), il est n\u00e9cessaire d&rsquo;autoriser les cookies de mesure d&rsquo;audience et de publicit\u00e9.AccepterG\u00e9rer mes choix<\/p>\n\n\n\n<h2 class=\"wp-block-heading\">Premi\u00e8res fun\u00e9railles<\/h2>\n\n\n\n<p>Au total, 76 personnes ont trouv\u00e9 la mort dans cet incendie, principalement des vacanciers, dont des familles enti\u00e8res, prises au pi\u00e8ge dans le sinistre. Le ministre de l&rsquo;Int\u00e9rieur a pr\u00e9cis\u00e9 que 56 victimes avaient \u00e9t\u00e9 identifi\u00e9es mardi soir, et que 45 corps avaient \u00e9t\u00e9 rendus \u00e0 leurs proches. Parmi les victimes, la presse turque rapporte qu\u2019une famille de 14 personnes a p\u00e9ri dans le drame.<\/p>\n\n\n\n<p>Les premi\u00e8res fun\u00e9railles ont \u00e9t\u00e9 annonc\u00e9es pour un neurologue et son \u00e9pouse, professeure, morts avec leurs trois enfants, dont des jumeaux. Le pr\u00e9sident turc\u00a0<strong>Recep Tayyip Erdogan<\/strong>\u00a0a d\u00e9cr\u00e9t\u00e9 une journ\u00e9e de deuil national et est attendu \u00e0 Bolu mercredi 22 janvier pour assister aux fun\u00e9railles de sept membres d\u2019une m\u00eame famille, proches d&rsquo;un responsable local de son parti, l&rsquo;AKP.<\/p>\n\n\n\n<p>SOURCE RFI<\/p>\n","protected":false},"excerpt":{"rendered":"<p>Le 21 janvier, un incendie d\u00e9vastateur a frapp\u00e9 l\u2019h\u00f4tel Grand Kartal, situ\u00e9 \u00e0 Kartalkaya, station de ski \u00e0 170 kilom\u00e8tres<\/p>\n","protected":false},"author":1,"featured_media":50927,"comment_status":"open","ping_status":"open","sticky":false,"template":"","format":"standard","meta":{"footnotes":""},"categories":[51],"tags":[],"class_list":["post-50926","post","type-post","status-publish","format-standard","has-post-thumbnail","hentry","category-general"],"_links":{"self":[{"href":"https:\/\/dekkbi.com\/index.php?rest_route=\/wp\/v2\/posts\/50926","targetHints":{"allow":["GET"]}}],"collection":[{"href":"https:\/\/dekkbi.com\/index.php?rest_route=\/wp\/v2\/posts"}],"about":[{"href":"https:\/\/dekkbi.com\/index.php?rest_route=\/wp\/v2\/types\/post"}],"author":[{"embeddable":true,"href":"https:\/\/dekkbi.com\/index.php?rest_route=\/wp\/v2\/users\/1"}],"replies":[{"embeddable":true,"href":"https:\/\/dekkbi.com\/index.php?rest_route=%2Fwp%2Fv2%2Fcomments&post=50926"}],"version-history":[{"count":2,"href":"https:\/\/dekkbi.com\/index.php?rest_route=\/wp\/v2\/posts\/50926\/revisions"}],"predecessor-version":[{"id":50938,"href":"https:\/\/dekkbi.com\/index.php?rest_route=\/wp\/v2\/posts\/50926\/revisions\/50938"}],"wp:featuredmedia":[{"embeddable":true,"href":"https:\/\/dekkbi.com\/index.php?rest_route=\/wp\/v2\/media\/50927"}],"wp:attachment":[{"href":"https:\/\/dekkbi.com\/index.php?rest_route=%2Fwp%2Fv2%2Fmedia&parent=50926"}],"wp:term":[{"taxonomy":"category","embeddable":true,"href":"https:\/\/dekkbi.com\/index.php?rest_route=%2Fwp%2Fv2%2Fcategories&post=50926"},{"taxonomy":"post_tag","embeddable":true,"href":"https:\/\/dekkbi.com\/index.php?rest_route=%2Fwp%2Fv2%2Ftags&post=50926"}],"curies":[{"name":"wp","href":"https:\/\/api.w.org\/{rel}","templated":true}]}}