{"id":50923,"date":"2025-01-22T14:10:09","date_gmt":"2025-01-22T14:10:09","guid":{"rendered":"https:\/\/dekkbi.com\/?p=50923"},"modified":"2025-01-22T15:56:03","modified_gmt":"2025-01-22T15:56:03","slug":"donald-tusk-au-parlement-europeen-nous-devons-etre-armes-forts-et-determines","status":"publish","type":"post","link":"https:\/\/dekkbi.com\/?p=50923","title":{"rendered":"Tusk: \u00abNous devons \u00eatre arm\u00e9s, forts et d\u00e9termin\u00e9s\u00bb"},"content":{"rendered":"\n<p>Depuis le 1\u1d49\u02b3 janvier, c\u2019est la Pologne qui assure la pr\u00e9sidence tournante du Conseil de l\u2019Union europ\u00e9enne, et ce, durant les six premiers mois de l\u2019ann\u00e9e. Donald Tusk, le chef du gouvernement, est venu pr\u00e9senter mercredi 22 janvier les priorit\u00e9s de la pr\u00e9sidence polonaise devant les d\u00e9put\u00e9s europ\u00e9ens r\u00e9unis en session pl\u00e9ni\u00e8re \u00e0 Strasbourg. Six mois sous le signe de la s\u00e9curit\u00e9.<\/p>\n\n\n\n<p><strong><em>Avec Anastasia Becchio envoy\u00e9e sp\u00e9ciale RFI \u00e0 Strasbourg<\/em>,\u00a0<\/strong><\/p>\n\n\n\n<p>En accueillant le chef du gouvernement polonais, la pr\u00e9sidente du\u00a0<strong>Parlement europ\u00e9en<\/strong>, Roberta Metsola, a rappel\u00e9 les d\u00e9fis qui attendent l\u2019UE. \u00ab\u00a0<em>Le monde est impr\u00e9visible<\/em>\u00a0\u00bb, \u00ab\u00a0<em>l\u2019Europe est sous pression\u00a0<\/em>\u00bb, a-t-elle soulign\u00e9, deux jours apr\u00e8s l\u2019entr\u00e9e en fonction de Donald Trump aux \u00c9tats-Unis et alors que l\u2019arm\u00e9e russe maintient la pression sur le front ukrainien et continue de grignoter du territoire<\/p>\n\n\n\n<h2 class=\"wp-block-heading\">Un \u00ab<em>d\u00e9fi positif\u00a0<\/em>\u00bb<\/h2>\n\n\n\n<p>Dans ce contexte,\u00a0<strong>Donald Tusk<\/strong>\u00a0a insist\u00e9 en premier lieu sur la n\u00e9cessit\u00e9 pour l\u2019Europe de s\u2019armer. \u00ab\u00a0<em>Si le pr\u00e9sident des \u00c9tats-Unis nous dit que l\u2019Europe assume plus de responsabilit\u00e9s, par rapport \u00e0 sa s\u00e9curit\u00e9, nous devons consid\u00e9rer ceci comme un d\u00e9fi positif. J\u2019aimerais vous dire que seuls des alli\u00e9s peuvent poser des d\u00e9fis \u00e0 d\u2019autres alli\u00e9s pour les faire grandir. L\u2019heure est venue pour l\u2019Europe d\u2019agir. Aujourd\u2019hui, la s\u00e9curit\u00e9 europ\u00e9enne ne peut se contenter de formes d\u2019\u00e9conomie.<\/em>\u00a0\u00bb<\/p>\n\n\n\n<p>\u00ab<em>&nbsp;Ce n&rsquo;est pas nous qui l&rsquo;avons choisi. Je ne suis pas militariste<\/em>, a-t-il poursuivi. (&#8230;)&nbsp;<em>Nous avons beaucoup souffert&nbsp;<\/em>(de la guerre)&nbsp;<em>en Europe, et c&rsquo;est peut-\u00eatre pour cela que nous comprenons si bien que pour \u00e9viter que notre histoire se r\u00e9p\u00e8te, nous devons \u00eatre arm\u00e9s, nous devons \u00eatre forts et nous devons \u00eatre d\u00e9termin\u00e9s, y compris en termes de capacit\u00e9s de d\u00e9fense&nbsp;<\/em>\u00bb. \u00ab<em>&nbsp;Relevez la t\u00eate, Europ\u00e9ens<\/em>&nbsp;\u00bb, a-t-il encore soutenu, en r\u00e9ponse aux inqui\u00e9tudes suscit\u00e9es par le retour au pouvoir de Donald Trump. \u00ab<em>&nbsp;L&rsquo;Europe \u00e9tait, est et sera toujours grande<\/em>.&nbsp;\u00bb<\/p>\n\n\n\n<h2 class=\"wp-block-heading\">Prendre au s\u00e9rieux l&rsquo;appel de Donald Trump<\/h2>\n\n\n\n<p>La\u00a0<strong>Pologne<\/strong>\u00a0consacre plus de 4,1 % de son PIB \u00e0 sa d\u00e9fense. Et elle esp\u00e8re convaincre les autres pays membres d\u2019augmenter de mani\u00e8re significative les investissements tant nationaux qu\u2019europ\u00e9ens. Donald Tusk estime qu\u2019il faut prendre au s\u00e9rieux l&rsquo;appel du pr\u00e9sident am\u00e9ricain \u00e0 accro\u00eetre leurs d\u00e9penses de d\u00e9fense \u00e0 5% du PIB.<\/p>\n\n\n\n<p>Autre th\u00e8me abord\u00e9, la s\u00e9curit\u00e9 migratoire. La Pologne souhaite s\u2019investir dans la lutte contre l\u2019<strong>immigration irr\u00e9guli\u00e8re<\/strong>, un sujet revenu sur le devant de la sc\u00e8ne avec le virage \u00e0 droite pris par le Parlement. Une proposition soutenue par l\u2019eurod\u00e9put\u00e9 conservateur Fran\u00e7ois-Xavier Bellamy. \u00ab<em>\u00a0Notre famille politique a aujourd&rsquo;hui les leviers pour agir au sein de ce Parlement et nous allons mettre fin \u00e0 l&rsquo;impuissance de la crise migratoire de l&rsquo;Union europ\u00e9enne.<\/em>\u00a0\u00bb teinte-t-il, \u00ab\u00a0<em>c&rsquo;est ce changement que les europ\u00e9ens attendent, et c&rsquo;est par ce changement que nous allons d\u00e9montrer que la majorit\u00e9 a chang\u00e9 ici.\u00a0<\/em>\u00bb<\/p>\n\n\n\n<p>Au gauche de l\u2019\u00e9chiquier politique europ\u00e9en, on entend \u00e0 l\u2019inverse quelques inqui\u00e9tudes. C&rsquo;est le cas de&nbsp;l\u2019eurod\u00e9put\u00e9e France insoumise Manon Aubry.&nbsp;<\/p>\n\n\n\n<p><strong>Manon Aubry, eurod\u00e9put\u00e9e de la France Insoumise<\/strong><\/p>\n\n\n\n<p>Le gouvernement de Donald Tusk fait face \u00e0 des critiques, ONG et partis de gauche, notamment l\u2019accusent de poursuivre l\u2019approche dure du gouvernement pr\u00e9c\u00e9dent du Pis en mati\u00e8re de migration \u00e0\u00a0<strong>la fronti\u00e8re avec la Bi\u00e9lorussie<\/strong>. Le pays a d\u2019ailleurs \u00e9t\u00e9 autoris\u00e9 par la Commission europ\u00e9enne \u00e0 limiter temporairement le droit d\u2019asile. La question reviendra rapidement dans l\u2019agenda europ\u00e9en.<\/p>\n","protected":false},"excerpt":{"rendered":"<p>Depuis le 1\u1d49\u02b3 janvier, c\u2019est la Pologne qui assure la pr\u00e9sidence tournante du Conseil de l\u2019Union europ\u00e9enne, et ce, durant<\/p>\n","protected":false},"author":1,"featured_media":50924,"comment_status":"open","ping_status":"open","sticky":false,"template":"","format":"standard","meta":{"footnotes":""},"categories":[51],"tags":[],"class_list":["post-50923","post","type-post","status-publish","format-standard","has-post-thumbnail","hentry","category-general"],"_links":{"self":[{"href":"https:\/\/dekkbi.com\/index.php?rest_route=\/wp\/v2\/posts\/50923","targetHints":{"allow":["GET"]}}],"collection":[{"href":"https:\/\/dekkbi.com\/index.php?rest_route=\/wp\/v2\/posts"}],"about":[{"href":"https:\/\/dekkbi.com\/index.php?rest_route=\/wp\/v2\/types\/post"}],"author":[{"embeddable":true,"href":"https:\/\/dekkbi.com\/index.php?rest_route=\/wp\/v2\/users\/1"}],"replies":[{"embeddable":true,"href":"https:\/\/dekkbi.com\/index.php?rest_route=%2Fwp%2Fv2%2Fcomments&post=50923"}],"version-history":[{"count":5,"href":"https:\/\/dekkbi.com\/index.php?rest_route=\/wp\/v2\/posts\/50923\/revisions"}],"predecessor-version":[{"id":50937,"href":"https:\/\/dekkbi.com\/index.php?rest_route=\/wp\/v2\/posts\/50923\/revisions\/50937"}],"wp:featuredmedia":[{"embeddable":true,"href":"https:\/\/dekkbi.com\/index.php?rest_route=\/wp\/v2\/media\/50924"}],"wp:attachment":[{"href":"https:\/\/dekkbi.com\/index.php?rest_route=%2Fwp%2Fv2%2Fmedia&parent=50923"}],"wp:term":[{"taxonomy":"category","embeddable":true,"href":"https:\/\/dekkbi.com\/index.php?rest_route=%2Fwp%2Fv2%2Fcategories&post=50923"},{"taxonomy":"post_tag","embeddable":true,"href":"https:\/\/dekkbi.com\/index.php?rest_route=%2Fwp%2Fv2%2Ftags&post=50923"}],"curies":[{"name":"wp","href":"https:\/\/api.w.org\/{rel}","templated":true}]}}