{"id":50920,"date":"2025-01-22T14:03:37","date_gmt":"2025-01-22T14:03:37","guid":{"rendered":"https:\/\/dekkbi.com\/?p=50920"},"modified":"2025-01-22T14:03:37","modified_gmt":"2025-01-22T14:03:37","slug":"a-la-frontiere-mexicaine-des-migrants-dans-lexpectative-face-a-la-politique-de-trump","status":"publish","type":"post","link":"https:\/\/dekkbi.com\/?p=50920","title":{"rendered":"\u00c0 la fronti\u00e8re mexicaine, des migrants dans l&rsquo;expectative face \u00e0 la politique de Trump"},"content":{"rendered":"\n<p>Donald Trump n\u2019a pas attendu une seconde pour mettre en place sa nouvelle politique anti-immigration. \u00c0 peine investi comme nouveau pr\u00e9sident des \u00c9tats-Unis, il a sign\u00e9 une s\u00e9rie de d\u00e9crets pour \u00ab&nbsp;<em>mettre fin \u00e0 la d\u00e9sastreuse invasion<\/em>&nbsp;\u00bb du pays.<\/p>\n\n\n\n<p>\u00c0 la fronti\u00e8re mexicaine, la situation est pour l&rsquo;instant tr\u00e8s calme, rapporte notre envoy\u00e9 sp\u00e9cial \u00e0 San Diego,&nbsp;<strong>Achim Lippold<\/strong>. Depuis plusieurs mois, le nombre de migrants a fortement diminu\u00e9. Une tendance qui s\u2019explique aussi par les mesures prises par le pr\u00e9d\u00e9cesseur de Donald Trump, comme le souligne Meghan Zavala, de l\u2019organisation de d\u00e9fense des migrants Al Otro Lado.<\/p>\n\n\n\n<p>\u00ab\u00a0<em>L&rsquo;administration Biden a consid\u00e9rablement augment\u00e9 la capacit\u00e9 de d\u00e9tention aux \u00c9tats-Unis et le nombre de personnes retenues dans ces centres. En 2021, il y avait en moyenne 15 000 migrants d\u00e9tenus. En d\u00e9cembre dernier, ce chiffre \u00e9tait mont\u00e9 \u00e0 40 000. Ces politiques ont pav\u00e9 la voie pour les expulsions massives promises par\u00a0<strong>Donald Trump<\/strong><\/em>\u00a0\u00bb, explique-t-elle.<\/p>\n\n\n\n<h2 class=\"wp-block-heading\">\u00ab&nbsp;<em>Des gens essaieront toujours de traverser<\/em>&nbsp;\u00bb<\/h2>\n\n\n\n<p>Des expulsions qui pourraient avoir des cons\u00e9quences dramatiques sur la communaut\u00e9 immigr\u00e9e, estime Victor, un Mexicain install\u00e9 \u00e0 San Diego depuis plus de 20 ans. Quant \u00e0 la promesse du pr\u00e9sident de fermer compl\u00e8tement la fronti\u00e8re, il n\u2019y croit pas. \u00ab&nbsp;<em>Oui, des gens essaieront toujours de traverser. Il y en aura peut-\u00eatre moins, mais il y en aura. Vous savez, la fronti\u00e8re est tr\u00e8s, tr\u00e8s longue.&nbsp;<\/em>\u00bb<\/p>\n\n\n\n<p>M\u00eame avec des mesures plus strictes, les migrants continueront de tenter leur chance, abonde Benjamin Prado, militant pour les droits des migrants \u00e0 San Diego. \u00ab<em>&nbsp;Le probl\u00e8me avec la fermeture des fronti\u00e8res, c\u2019est que les gens empruntent des routes toujours plus dangereuses. Beaucoup meurent en essayant de traverser. Ils ont construit des murs de neuf m\u00e8tres de haut pour que les gens perdent l\u2019\u00e9quilibre, tombent et meurent.<\/em>&nbsp;\u00bb<\/p>\n\n\n\n<h2 class=\"wp-block-heading\">Des migrants bloqu\u00e9s \u00e0 la fronti\u00e8re<\/h2>\n\n\n\n<p>Pour Benjamin Prado, l\u2019\u00e9tat d\u2019urgence \u00e0 fronti\u00e8re d\u00e9cr\u00e9t\u00e9 par Donald Trump n\u2019a qu\u2019un seul objectif : cr\u00e9er la panique chez les immigrants qui sont pour certains d&rsquo;entre eux bloqu\u00e9s \u00e0 la fronti\u00e8re et laiss\u00e9s dans l&rsquo;inconnu le plus total.&nbsp;CBP One, le programme par lequel les demandeurs d\u2019asile obtenaient un rendez-vous, a disparu imm\u00e9diatement apr\u00e8s l\u2019investiture. Ces personnes se retrouvent donc bloqu\u00e9es au Mexique, le pays les prend en charge tant bien que mal, puisque tout le monde est dans l\u2019expectative de ce qui va se passer ensuite.&nbsp;<\/p>\n\n\n\n<p><strong>Newsletter<\/strong>Recevez toute l&rsquo;actualit\u00e9 internationale directement dans votre boite mail<a href=\"https:\/\/emailing.rfi.fr\/fr\/subscribe\" target=\"_blank\" rel=\"noreferrer noopener\">Je m&rsquo;abonne<\/a><\/p>\n\n\n\n<p>Myriam Gallegos travaille pour le gouvernement de l\u2019\u00c9tat mexicain de Chihuahua. \u00c0 l\u2019entr\u00e9e du pont transfrontalier, elle s\u2019adresse aux demandeurs d\u2019asile qui viennent d\u2019\u00eatre refoul\u00e9s par les autorit\u00e9s am\u00e9ricaines. \u00ab&nbsp;<em>Ne vous d\u00e9sesp\u00e9rez pas, n\u2019essayez pas de traverser la fronti\u00e8re ill\u00e9galement. Il faut attendre<\/em>&nbsp;\u00bb, leur lance-t-elle.<\/p>\n\n\n\n<h2 class=\"wp-block-heading\">Le Mexique r\u00e9agit dans l&rsquo;urgence<\/h2>\n\n\n\n<p>Sans plus d\u2019information elles aussi, les autorit\u00e9s mexicaines r\u00e9agissent dans l\u2019urgence aux nouvelles mesures, constate notre envoy\u00e9e sp\u00e9ciale \u00e0 la fronti\u00e8re mexicaine,&nbsp;<strong>Gwendolina Duval<\/strong>. \u00ab&nbsp;<em>On va voir quelle nouvelle m\u00e9thode les \u00c9tats-Unis vont mettre en place pour pouvoir entrer ou pouvoir solliciter l\u2019asile politique. Pour instant, il n\u2019y a rien d\u2019officiel<\/em>&nbsp;\u00bb, explique Myriam Gallegos.&nbsp;<\/p>\n\n\n\n<p>Les premi\u00e8res mesures de Donald Trump, et le r\u00e9tablissement du programme, laissent des milliers de migrants encore au Mexique dans une impasse, explique une juriste venue d\u2019El Paso pour l\u2019organisation Las Americas. \u00ab&nbsp;<em>Pour tous ceux qui ont re\u00e7u leur confirmation de rendez-vous avec l\u2019obligation de s\u2019y rendre physiquement, cela doit \u00eatre respect\u00e9<\/em>&nbsp;\u00bb, affirme-t-elle. Selon elle, Donald Trump contourne les propres lois de son pays. \u00ab&nbsp;<em>C&rsquo;est une politique mal ex\u00e9cut\u00e9e, une mauvaise d\u00e9cision et c\u2019est pour \u00e7a que les organisations humanitaires et les ONG se battent pour pouvoir revenir sur cet ordre<\/em>&nbsp;\u00bb.<\/p>\n\n\n\n<p>En plus du r\u00e9tablissement du programme qui oblige les migrants \u00e0 attendre leur r\u00e9gularisation de l\u2019autre cote, la fronti\u00e8re s\u2019attend \u00e0 accueillir des vagues de personnes expuls\u00e9s par Donald Trump.<\/p>\n","protected":false},"excerpt":{"rendered":"<p>Donald Trump n\u2019a pas attendu une seconde pour mettre en place sa nouvelle politique anti-immigration. \u00c0 peine investi comme nouveau<\/p>\n","protected":false},"author":1,"featured_media":50921,"comment_status":"open","ping_status":"open","sticky":false,"template":"","format":"standard","meta":{"footnotes":""},"categories":[51],"tags":[],"class_list":["post-50920","post","type-post","status-publish","format-standard","has-post-thumbnail","hentry","category-general"],"_links":{"self":[{"href":"https:\/\/dekkbi.com\/index.php?rest_route=\/wp\/v2\/posts\/50920","targetHints":{"allow":["GET"]}}],"collection":[{"href":"https:\/\/dekkbi.com\/index.php?rest_route=\/wp\/v2\/posts"}],"about":[{"href":"https:\/\/dekkbi.com\/index.php?rest_route=\/wp\/v2\/types\/post"}],"author":[{"embeddable":true,"href":"https:\/\/dekkbi.com\/index.php?rest_route=\/wp\/v2\/users\/1"}],"replies":[{"embeddable":true,"href":"https:\/\/dekkbi.com\/index.php?rest_route=%2Fwp%2Fv2%2Fcomments&post=50920"}],"version-history":[{"count":1,"href":"https:\/\/dekkbi.com\/index.php?rest_route=\/wp\/v2\/posts\/50920\/revisions"}],"predecessor-version":[{"id":50922,"href":"https:\/\/dekkbi.com\/index.php?rest_route=\/wp\/v2\/posts\/50920\/revisions\/50922"}],"wp:featuredmedia":[{"embeddable":true,"href":"https:\/\/dekkbi.com\/index.php?rest_route=\/wp\/v2\/media\/50921"}],"wp:attachment":[{"href":"https:\/\/dekkbi.com\/index.php?rest_route=%2Fwp%2Fv2%2Fmedia&parent=50920"}],"wp:term":[{"taxonomy":"category","embeddable":true,"href":"https:\/\/dekkbi.com\/index.php?rest_route=%2Fwp%2Fv2%2Fcategories&post=50920"},{"taxonomy":"post_tag","embeddable":true,"href":"https:\/\/dekkbi.com\/index.php?rest_route=%2Fwp%2Fv2%2Ftags&post=50920"}],"curies":[{"name":"wp","href":"https:\/\/api.w.org\/{rel}","templated":true}]}}