{"id":50913,"date":"2025-01-22T11:06:42","date_gmt":"2025-01-22T11:06:42","guid":{"rendered":"https:\/\/dekkbi.com\/?p=50913"},"modified":"2025-01-22T11:06:43","modified_gmt":"2025-01-22T11:06:43","slug":"abass-fall-decroche-au-qatar-1-000-opportunites-demploi-pour-des-senegalais","status":"publish","type":"post","link":"https:\/\/dekkbi.com\/?p=50913","title":{"rendered":"Abass Fall d\u00e9croche au Qatar\u00a0 \u201c1 000 opportunit\u00e9s d\u2019emploi pour des S\u00e9n\u00e9galais\u201d"},"content":{"rendered":"\n<p>En visite au Qatar, le ministre du Travail, de l&rsquo;Emploi et des Relations avec les institutions, Abass Fall, accompagn\u00e9 d&rsquo;une forte d\u00e9l\u00e9gation,&nbsp; a r\u00e9ussi \u00e0 d\u00e9crocher \u201c1 000 opportunit\u00e9s d\u2019emploi pour des S\u00e9n\u00e9galais\u201d, apprend-on. Ces derniers concernent plusieurs secteurs comme \u201cla technologie, les sciences, la m\u00e9decine, la logistique, entre autres\u201d. Selon cette m\u00eame missive, par souci de transparence dans le recrutement, \u201cune plateforme d\u00e9di\u00e9e, h\u00e9berg\u00e9e au minist\u00e8re de l&rsquo;Emploi et principalement \u00e0 la Direction de l\u2019emploi, sera mise en place pour collecter les CV des candidats\u201d.<\/p>\n\n\n\n<p>En outre, des entretiens seront organis\u00e9s avec les candidats \u201cen fonction des besoins exprim\u00e9s par le gouvernement qatari ainsi que par les entreprises priv\u00e9es\u201d. Pour mieux vulgariser ce projet, \u201cla Direction de l&#8217;emploi en charge de la gestion de ce processus\u201d, va assurer \u201cla communication de toutes les informations n\u00e9cessaires aux candidats et aux parties prenantes\u201d. Soulignons que cette initiative inaugure une nouvelle \u00e9tape dans le renforcement des relations entre les deux pays tout en offrant de \u201cr\u00e9elles perspectives professionnelles pour les S\u00e9n\u00e9galais qualifi\u00e9s\u201d. En outre, ces accords se veulent \u00e9galement un rempart suppl\u00e9mentaire \u201ccontre l&rsquo;\u00e9migration clandestine et favorisent la promotion du travail d\u00e9cent\u201d.<\/p>\n\n\n\n<p><\/p>\n","protected":false},"excerpt":{"rendered":"<p>En visite au Qatar, le ministre du Travail, de l&rsquo;Emploi et des Relations avec les institutions, Abass Fall, accompagn\u00e9 d&rsquo;une<\/p>\n","protected":false},"author":1,"featured_media":50914,"comment_status":"open","ping_status":"open","sticky":false,"template":"","format":"standard","meta":{"footnotes":""},"categories":[3],"tags":[],"class_list":["post-50913","post","type-post","status-publish","format-standard","has-post-thumbnail","hentry","category-event-more-news"],"_links":{"self":[{"href":"https:\/\/dekkbi.com\/index.php?rest_route=\/wp\/v2\/posts\/50913","targetHints":{"allow":["GET"]}}],"collection":[{"href":"https:\/\/dekkbi.com\/index.php?rest_route=\/wp\/v2\/posts"}],"about":[{"href":"https:\/\/dekkbi.com\/index.php?rest_route=\/wp\/v2\/types\/post"}],"author":[{"embeddable":true,"href":"https:\/\/dekkbi.com\/index.php?rest_route=\/wp\/v2\/users\/1"}],"replies":[{"embeddable":true,"href":"https:\/\/dekkbi.com\/index.php?rest_route=%2Fwp%2Fv2%2Fcomments&post=50913"}],"version-history":[{"count":1,"href":"https:\/\/dekkbi.com\/index.php?rest_route=\/wp\/v2\/posts\/50913\/revisions"}],"predecessor-version":[{"id":50915,"href":"https:\/\/dekkbi.com\/index.php?rest_route=\/wp\/v2\/posts\/50913\/revisions\/50915"}],"wp:featuredmedia":[{"embeddable":true,"href":"https:\/\/dekkbi.com\/index.php?rest_route=\/wp\/v2\/media\/50914"}],"wp:attachment":[{"href":"https:\/\/dekkbi.com\/index.php?rest_route=%2Fwp%2Fv2%2Fmedia&parent=50913"}],"wp:term":[{"taxonomy":"category","embeddable":true,"href":"https:\/\/dekkbi.com\/index.php?rest_route=%2Fwp%2Fv2%2Fcategories&post=50913"},{"taxonomy":"post_tag","embeddable":true,"href":"https:\/\/dekkbi.com\/index.php?rest_route=%2Fwp%2Fv2%2Ftags&post=50913"}],"curies":[{"name":"wp","href":"https:\/\/api.w.org\/{rel}","templated":true}]}}