{"id":50909,"date":"2025-01-22T10:56:19","date_gmt":"2025-01-22T10:56:19","guid":{"rendered":"https:\/\/dekkbi.com\/?p=50909"},"modified":"2025-01-22T10:56:47","modified_gmt":"2025-01-22T10:56:47","slug":"3e-mandat-en-gambie-le-npp-approuve-la-candidature-du-president-barro-a-la-presidentielle-de-2026","status":"publish","type":"post","link":"https:\/\/dekkbi.com\/?p=50909","title":{"rendered":"3e mandat en Gambie : Le NPP approuve la candidature du pr\u00e9sident Barro \u00e0 la Pr\u00e9sidentielle de 2026"},"content":{"rendered":"\n<p>iGFM &#8211; (Dakar) En Gambie, le Parti national du peuple (NPP) a tenu son deuxi\u00e8me congr\u00e8s national non \u00e9lectif le samedi 18 janvier dernier \u00e0 Soma, une ville de la r\u00e9gion de Lower River.<\/p>\n\n\n\n<p>Lors de ce rassemblement, les sympathisants, d\u00e9l\u00e9gu\u00e9s et membres du bureau ex\u00e9cutif de la formation politique, ont approuv\u00e9 la candidature de l\u2019actuel Pr\u00e9sident Adama Barro pour la Pr\u00e9sidentielle de 2026.<br>\u00a0<br>\u00ab Vos sacrifices constituent le fondement de notre succ\u00e8s \u00bb<br>\u00a0<br>Au pouvoir depuis 2016, le successeur de Yahya Jammeh, briguera donc un 3e mandat l\u2019ann\u00e9e prochaine. Dans sa d\u00e9claration au Congr\u00e8s samedi dernier, Adama Barro a remerci\u00e9 les membres du bureau ex\u00e9cutif du parti pour leur loyaut\u00e9.\u00a0<\/p>\n","protected":false},"excerpt":{"rendered":"<p>iGFM &#8211; (Dakar) En Gambie, le Parti national du peuple (NPP) a tenu son deuxi\u00e8me congr\u00e8s national non \u00e9lectif le<\/p>\n","protected":false},"author":1,"featured_media":11089,"comment_status":"open","ping_status":"open","sticky":false,"template":"","format":"standard","meta":{"footnotes":""},"categories":[6],"tags":[],"class_list":["post-50909","post","type-post","status-publish","format-standard","has-post-thumbnail","hentry","category-politics"],"_links":{"self":[{"href":"https:\/\/dekkbi.com\/index.php?rest_route=\/wp\/v2\/posts\/50909","targetHints":{"allow":["GET"]}}],"collection":[{"href":"https:\/\/dekkbi.com\/index.php?rest_route=\/wp\/v2\/posts"}],"about":[{"href":"https:\/\/dekkbi.com\/index.php?rest_route=\/wp\/v2\/types\/post"}],"author":[{"embeddable":true,"href":"https:\/\/dekkbi.com\/index.php?rest_route=\/wp\/v2\/users\/1"}],"replies":[{"embeddable":true,"href":"https:\/\/dekkbi.com\/index.php?rest_route=%2Fwp%2Fv2%2Fcomments&post=50909"}],"version-history":[{"count":1,"href":"https:\/\/dekkbi.com\/index.php?rest_route=\/wp\/v2\/posts\/50909\/revisions"}],"predecessor-version":[{"id":50910,"href":"https:\/\/dekkbi.com\/index.php?rest_route=\/wp\/v2\/posts\/50909\/revisions\/50910"}],"wp:featuredmedia":[{"embeddable":true,"href":"https:\/\/dekkbi.com\/index.php?rest_route=\/wp\/v2\/media\/11089"}],"wp:attachment":[{"href":"https:\/\/dekkbi.com\/index.php?rest_route=%2Fwp%2Fv2%2Fmedia&parent=50909"}],"wp:term":[{"taxonomy":"category","embeddable":true,"href":"https:\/\/dekkbi.com\/index.php?rest_route=%2Fwp%2Fv2%2Fcategories&post=50909"},{"taxonomy":"post_tag","embeddable":true,"href":"https:\/\/dekkbi.com\/index.php?rest_route=%2Fwp%2Fv2%2Ftags&post=50909"}],"curies":[{"name":"wp","href":"https:\/\/api.w.org\/{rel}","templated":true}]}}