{"id":50895,"date":"2025-01-22T10:32:11","date_gmt":"2025-01-22T10:32:11","guid":{"rendered":"https:\/\/dekkbi.com\/?p=50895"},"modified":"2025-01-22T10:32:12","modified_gmt":"2025-01-22T10:32:12","slug":"oumar-sow-et-abou-diallo-en-garde-a-vue-ce-qui-leur-est-vraiment-reproche-avocat","status":"publish","type":"post","link":"https:\/\/dekkbi.com\/?p=50895","title":{"rendered":"Oumar Sow et Abou Diallo en garde \u00e0 vue : Ce qui leur est vraiment reproch\u00e9 (Avocat)"},"content":{"rendered":"\n<p>iGFM &#8211; (Dakar) Oumar Sow et Abou Diallo ont tous \u00e9t\u00e9 plac\u00e9s en garde \u00e0 vue. Leur avocat, Me Aboubacry Barro, a expliqu\u00e9 ce qui leur est reproch\u00e9.<\/p>\n\n\n\n<p>Hier mardi, Oumar Sow a \u00e9t\u00e9 plac\u00e9 en garde \u00e0 vue apr\u00e8s son audition. Selon son avocat, &nbsp;il sera d\u00e9f\u00e9r\u00e9 devant le procureur de la R\u00e9publique au parquet du Tribunal de grande instance de Dakar ce mercredi.<br><br>\u00abOn lui reproche d\u2019avoir tenu des propos contraires aux bonnes m\u0153urs de nature \u00e0 favoriser une discrimination raciale voire ethnique. Ce sont ces deux chefs pour lesquels il est poursuivi\u00bb, a expliqu\u00e9 Me Aboubacry Barro, son avocat.<br><br>Pour ce qui est de Abou Diallo, il sera, lui aussi, d\u00e9f\u00e9r\u00e9 au parquet pour les m\u00eames faits. \u00abD\u2019avoir prof\u00e9r\u00e9 des propos contraires aux bonnes m\u0153urs, de nature \u00e0 favoriser une discrimination raciale ou ethnique\u00bb, rapporte la robe noire.<\/p>\n","protected":false},"excerpt":{"rendered":"<p>iGFM &#8211; (Dakar) Oumar Sow et Abou Diallo ont tous \u00e9t\u00e9 plac\u00e9s en garde \u00e0 vue. Leur avocat, Me Aboubacry<\/p>\n","protected":false},"author":1,"featured_media":50896,"comment_status":"open","ping_status":"open","sticky":false,"template":"","format":"standard","meta":{"footnotes":""},"categories":[26],"tags":[],"class_list":["post-50895","post","type-post","status-publish","format-standard","has-post-thumbnail","hentry","category-fait-divers"],"_links":{"self":[{"href":"https:\/\/dekkbi.com\/index.php?rest_route=\/wp\/v2\/posts\/50895","targetHints":{"allow":["GET"]}}],"collection":[{"href":"https:\/\/dekkbi.com\/index.php?rest_route=\/wp\/v2\/posts"}],"about":[{"href":"https:\/\/dekkbi.com\/index.php?rest_route=\/wp\/v2\/types\/post"}],"author":[{"embeddable":true,"href":"https:\/\/dekkbi.com\/index.php?rest_route=\/wp\/v2\/users\/1"}],"replies":[{"embeddable":true,"href":"https:\/\/dekkbi.com\/index.php?rest_route=%2Fwp%2Fv2%2Fcomments&post=50895"}],"version-history":[{"count":1,"href":"https:\/\/dekkbi.com\/index.php?rest_route=\/wp\/v2\/posts\/50895\/revisions"}],"predecessor-version":[{"id":50897,"href":"https:\/\/dekkbi.com\/index.php?rest_route=\/wp\/v2\/posts\/50895\/revisions\/50897"}],"wp:featuredmedia":[{"embeddable":true,"href":"https:\/\/dekkbi.com\/index.php?rest_route=\/wp\/v2\/media\/50896"}],"wp:attachment":[{"href":"https:\/\/dekkbi.com\/index.php?rest_route=%2Fwp%2Fv2%2Fmedia&parent=50895"}],"wp:term":[{"taxonomy":"category","embeddable":true,"href":"https:\/\/dekkbi.com\/index.php?rest_route=%2Fwp%2Fv2%2Fcategories&post=50895"},{"taxonomy":"post_tag","embeddable":true,"href":"https:\/\/dekkbi.com\/index.php?rest_route=%2Fwp%2Fv2%2Ftags&post=50895"}],"curies":[{"name":"wp","href":"https:\/\/api.w.org\/{rel}","templated":true}]}}