{"id":50869,"date":"2025-01-22T10:04:53","date_gmt":"2025-01-22T10:04:53","guid":{"rendered":"https:\/\/dekkbi.com\/?p=50869"},"modified":"2025-01-22T10:04:54","modified_gmt":"2025-01-22T10:04:54","slug":"deguerpissement-dun-site-a-mbeubeuss-les-travailleurs-reclament-un-dedommagement","status":"publish","type":"post","link":"https:\/\/dekkbi.com\/?p=50869","title":{"rendered":"D\u00e9guerpissement d\u2019un site \u00e0 Mbeubeuss: Les travailleurs r\u00e9clament un d\u00e9dommagement"},"content":{"rendered":"\n<p><strong>Les responsables du Projet de promotion de la gestion int\u00e9gr\u00e9e et de l\u2019\u00e9conomie des d\u00e9chets solides au S\u00e9n\u00e9gal (Promoged) ont inform\u00e9 les r\u00e9cup\u00e9rateurs de Mbeubeuss de leur d\u00e9guerpissement, ce 23 janvier, d\u2019un des sites de la d\u00e9charge. Mais ces derniers ont oppos\u00e9 un refus cat\u00e9gorique.&nbsp;<\/strong><\/p>\n\n\n\n<p>Ce 23 janvier, des r\u00e9cup\u00e9rateurs de Mbeubeuss sont somm\u00e9s de d\u00e9guerpir l\u2019un des sites situ\u00e9s dans la d\u00e9charge. Lequel doit abriter un centre de tri et de compostage pour mieux traiter les d\u00e9chets solides. Mais ceux qui occupent l\u2019endroit ont rejet\u00e9 cette d\u00e9cision du Projet de promotion de la gestion int\u00e9gr\u00e9e et de l\u2019\u00e9conomie des d\u00e9chets solides au S\u00e9n\u00e9gal (Promoged) et alert\u00e9 l\u2019\u00c9tat du S\u00e9n\u00e9gal.<\/p>\n\n\n\n<p>Dans une d\u00e9claration de presse, ils ont d\u00e9nonc\u00e9 le fait que les responsables du Promoged veulent les chasser de cet endroit qu\u2019ils occupent depuis pr\u00e8s de trois d\u00e9cennies. Selon Abdou Dieng, r\u00e9cup\u00e9rateur et membre de l\u2019association \u00ab Bokku Jom \u00bb, ce site de 114 hectares comporte plus de 3 000 places et re\u00e7oit des milliers de travailleurs. \u00c0 l\u2019en croire, si les responsables du Promoged les obligent \u00e0 quitter cet espace, cela aura un impact n\u00e9gatif sur leurs revenus. De ce fait, ils appellent les autorit\u00e9s \u00e0 privil\u00e9gier le dialogue et la concertation.<\/p>\n\n\n\n<p>\u00ab Nous travaillons sur ce site depuis plus de 20 ans et nous refusons de c\u00e9der face \u00e0 la pression. Nous n\u2019acceptons pas cette forfaiture \u00bb, a d\u00e9clar\u00e9 M. Dieng. Pour lui, la seule option, c\u2019est de discuter. Ce qui peut aboutir \u00e0 des d\u00e9dommagements avant leur d\u00e9guerpissement. Alassane Diagne, membre fondateur du Mouvement des r\u00e9cup\u00e9rateurs et des recycleurs de Mbeubeuss a abond\u00e9 dans le m\u00eame sens. Selon lui, le nouveau site qui leur est propos\u00e9 au sein de la d\u00e9charge de Mbeubeuss ne peut pas prendre en charge tous les travailleurs.<\/p>\n\n\n\n<p>\u00ab Personnellement j\u2019emploie 46 personnes et avec le nouveau site, j\u2019aurais du mal \u00e0 les garder tous, car l\u2019espace est \u00e9troit et les places ne sont pas suffisantes. Les autorit\u00e9s du Promoged doivent mettre en place un cadre de concertation inclusif et participatif avant l\u2019ex\u00e9cution de cette d\u00e9cision \u00bb, a-t-il pr\u00e9conis\u00e9. \u00c0 cet effet, les r\u00e9cup\u00e9rateurs ont lanc\u00e9 un appel aux autorit\u00e9s \u00e9tatiques, notamment au ministre de l\u2019Urbanisme, des Collectivit\u00e9s territoriales et de l\u2019Am\u00e9nagement du territoire pour qu\u2019il vienne \u00e0 leur rescousse.<\/p>\n\n\n\n<p>Ils exhortent les dirigeants du Promoged \u00e0 venir discuter avec eux pour que des mesures idoines soient prises dans l\u2019int\u00e9r\u00eat des parties prenantes. Sans cela, d\u2019apr\u00e8s eux, ils diront un niet cat\u00e9gorique et resteront d\u00e9termin\u00e9s \u00e0 poursuivre le combat.<\/p>\n\n\n\n<p>Bada MBATHIE (Keur Massar, Correspondant)<br>LESOLEIL<\/p>\n","protected":false},"excerpt":{"rendered":"<p>Les responsables du Projet de promotion de la gestion int\u00e9gr\u00e9e et de l\u2019\u00e9conomie des d\u00e9chets solides au S\u00e9n\u00e9gal (Promoged) ont<\/p>\n","protected":false},"author":1,"featured_media":50870,"comment_status":"open","ping_status":"open","sticky":false,"template":"","format":"standard","meta":{"footnotes":""},"categories":[26],"tags":[],"class_list":["post-50869","post","type-post","status-publish","format-standard","has-post-thumbnail","hentry","category-fait-divers"],"_links":{"self":[{"href":"https:\/\/dekkbi.com\/index.php?rest_route=\/wp\/v2\/posts\/50869","targetHints":{"allow":["GET"]}}],"collection":[{"href":"https:\/\/dekkbi.com\/index.php?rest_route=\/wp\/v2\/posts"}],"about":[{"href":"https:\/\/dekkbi.com\/index.php?rest_route=\/wp\/v2\/types\/post"}],"author":[{"embeddable":true,"href":"https:\/\/dekkbi.com\/index.php?rest_route=\/wp\/v2\/users\/1"}],"replies":[{"embeddable":true,"href":"https:\/\/dekkbi.com\/index.php?rest_route=%2Fwp%2Fv2%2Fcomments&post=50869"}],"version-history":[{"count":1,"href":"https:\/\/dekkbi.com\/index.php?rest_route=\/wp\/v2\/posts\/50869\/revisions"}],"predecessor-version":[{"id":50871,"href":"https:\/\/dekkbi.com\/index.php?rest_route=\/wp\/v2\/posts\/50869\/revisions\/50871"}],"wp:featuredmedia":[{"embeddable":true,"href":"https:\/\/dekkbi.com\/index.php?rest_route=\/wp\/v2\/media\/50870"}],"wp:attachment":[{"href":"https:\/\/dekkbi.com\/index.php?rest_route=%2Fwp%2Fv2%2Fmedia&parent=50869"}],"wp:term":[{"taxonomy":"category","embeddable":true,"href":"https:\/\/dekkbi.com\/index.php?rest_route=%2Fwp%2Fv2%2Fcategories&post=50869"},{"taxonomy":"post_tag","embeddable":true,"href":"https:\/\/dekkbi.com\/index.php?rest_route=%2Fwp%2Fv2%2Ftags&post=50869"}],"curies":[{"name":"wp","href":"https:\/\/api.w.org\/{rel}","templated":true}]}}