{"id":50863,"date":"2025-01-22T09:59:41","date_gmt":"2025-01-22T09:59:41","guid":{"rendered":"https:\/\/dekkbi.com\/?p=50863"},"modified":"2025-01-22T09:59:41","modified_gmt":"2025-01-22T09:59:41","slug":"145e-appel-seydina-limamoulaye-jean-baptiste-tine-reitere-lengagement-de-letat-pour-un-deroulement-parfait","status":"publish","type":"post","link":"https:\/\/dekkbi.com\/?p=50863","title":{"rendered":"145e Appel Seydina Limamoulaye: Jean Baptiste Tine r\u00e9it\u00e8re l\u2019engagement de l\u2019Etat pour un d\u00e9roulement \u2018\u2019parfait\u2019\u2019"},"content":{"rendered":"\n<p><\/p>\n\n\n\n<p>Dakar, (APS) \u2013 Le ministre de l\u2019int\u00e9rieur et de la S\u00e9curit\u00e9 publique a rassur\u00e9, mardi, de la satisfaction \u2018\u2019correcte\u2019\u2019 et \u2018\u2019totale\u2019\u2019 des attentes exprim\u00e9es par le comit\u00e9 d\u2019organisation du 145<sup>e<\/sup>\u00a0anniversaire de l\u2019Appel de Seydina Limamoulaye pour une \u2018\u2019r\u00e9ussite parfaite\u2019\u2019 de cet \u00e9v\u00e8nement religieux pr\u00e9vu \u00e0 Dakar, les 30 et 31 janvier prochain.<\/p>\n\n\n\n<p>\u2018\u2019Le gouverneur de la r\u00e9gion de Dakar va prendre les mesures n\u00e9cessaires pour accompagner le comit\u00e9 d\u2019organisation dans la pr\u00e9paration et la prise en charge correcte et totale de toutes les pr\u00e9occupations qu\u2019il a formul\u00e9es\u2019\u2019, a d\u00e9clar\u00e9 le g\u00e9n\u00e9ral Jean Baptiste Tine.<\/p>\n\n\n\n<p>Le ministre s\u2019exprimait ainsi lors de la r\u00e9union nationale pr\u00e9paratoire de la comm\u00e9moration de la 145e \u00e9dition de l\u2019Appel de Seydina Limamou Laye, tenue dans les locaux du minist\u00e8re.<\/p>\n\n\n\n<p>\u2018\u2019Je ferai prendre toutes les dispositions appropri\u00e9es afin que cette \u00e9dition 2025 de la comm\u00e9moration de l\u2019appel de Seydina Limamou Laye, qui est un \u00e9v\u00e9nement majeur de notre calendrier religieux national soit une parfaite r\u00e9ussite\u2019\u2019, a-t-il assur\u00e9.<\/p>\n\n\n\n<p>Des repr\u00e9sentants de plusieurs services publics, dont ceux de la s\u00e9curit\u00e9, la sant\u00e9, l\u2019hygi\u00e8ne, etc., ont pris part \u00e0 la r\u00e9union pr\u00e9paratoire de cet \u00e9v\u00e9nement religieux annuel qui drainent plusieurs milliers de fid\u00e8les musulmans.<\/p>\n\n\n\n<p>Chacun, en ce qui concerne son secteur, a r\u00e9it\u00e9r\u00e9 ses engagements \u00e0 accompagner le comit\u00e9 d\u2019organisation.<\/p>\n\n\n\n<p>Cette 145\u00e8me \u00e9dition est plac\u00e9e sous le th\u00e8me : \u2018\u2019Les valeurs islamiques et le d\u00e9veloppement durable \u00e0 la lumi\u00e8re des enseignants de Seydina Limamou Laye\u2019\u2019.<\/p>\n","protected":false},"excerpt":{"rendered":"<p>Dakar, (APS) \u2013 Le ministre de l\u2019int\u00e9rieur et de la S\u00e9curit\u00e9 publique a rassur\u00e9, mardi, de la satisfaction \u2018\u2019correcte\u2019\u2019 et<\/p>\n","protected":false},"author":1,"featured_media":50864,"comment_status":"open","ping_status":"open","sticky":false,"template":"","format":"standard","meta":{"footnotes":""},"categories":[21],"tags":[],"class_list":["post-50863","post","type-post","status-publish","format-standard","has-post-thumbnail","hentry","category-societe"],"_links":{"self":[{"href":"https:\/\/dekkbi.com\/index.php?rest_route=\/wp\/v2\/posts\/50863","targetHints":{"allow":["GET"]}}],"collection":[{"href":"https:\/\/dekkbi.com\/index.php?rest_route=\/wp\/v2\/posts"}],"about":[{"href":"https:\/\/dekkbi.com\/index.php?rest_route=\/wp\/v2\/types\/post"}],"author":[{"embeddable":true,"href":"https:\/\/dekkbi.com\/index.php?rest_route=\/wp\/v2\/users\/1"}],"replies":[{"embeddable":true,"href":"https:\/\/dekkbi.com\/index.php?rest_route=%2Fwp%2Fv2%2Fcomments&post=50863"}],"version-history":[{"count":1,"href":"https:\/\/dekkbi.com\/index.php?rest_route=\/wp\/v2\/posts\/50863\/revisions"}],"predecessor-version":[{"id":50865,"href":"https:\/\/dekkbi.com\/index.php?rest_route=\/wp\/v2\/posts\/50863\/revisions\/50865"}],"wp:featuredmedia":[{"embeddable":true,"href":"https:\/\/dekkbi.com\/index.php?rest_route=\/wp\/v2\/media\/50864"}],"wp:attachment":[{"href":"https:\/\/dekkbi.com\/index.php?rest_route=%2Fwp%2Fv2%2Fmedia&parent=50863"}],"wp:term":[{"taxonomy":"category","embeddable":true,"href":"https:\/\/dekkbi.com\/index.php?rest_route=%2Fwp%2Fv2%2Fcategories&post=50863"},{"taxonomy":"post_tag","embeddable":true,"href":"https:\/\/dekkbi.com\/index.php?rest_route=%2Fwp%2Fv2%2Ftags&post=50863"}],"curies":[{"name":"wp","href":"https:\/\/api.w.org\/{rel}","templated":true}]}}