{"id":50851,"date":"2025-01-22T09:20:40","date_gmt":"2025-01-22T09:20:40","guid":{"rendered":"https:\/\/dekkbi.com\/?p=50851"},"modified":"2025-01-22T09:20:40","modified_gmt":"2025-01-22T09:20:40","slug":"cancer-une-prevalence-de-lanxiete-de-303-et-celle-de-la-depression-de-262-chez-les-proches-aidants-des-patients-a-lhopital-dalal-jamm-etude","status":"publish","type":"post","link":"https:\/\/dekkbi.com\/?p=50851","title":{"rendered":"Cancer: une pr\u00e9valence de l\u2019anxi\u00e9t\u00e9 de 30,3% et celle de la d\u00e9pression de 26,2% chez les proches aidants des patients \u00e0 l\u2019H\u00f4pital Dalal Jamm (\u00e9tude)"},"content":{"rendered":"\n<p>Dakar,  (APS)\u00a0 Une \u00e9tude \u00a0\u00bbtransversale analytique\u00a0\u00bb r\u00e9alis\u00e9e entre janvier et d\u00e9cembre 2023 au service de canc\u00e9rologie du Centre Hospitalier National Dalal Jamm, fait \u00e9tat d\u2019une pr\u00e9valence de l\u2019anxi\u00e9t\u00e9 de 30,3% et celle de la d\u00e9pression de 26,2% chez les proches aidants des patients admis dans ledit service.<\/p>\n\n\n\n<p>L\u2019\u00e9tude dont l\u2019APS a eu connaissance a concern\u00e9 122 proches aide-malades, dont l\u2019\u00e2ge m\u00e9dian \u00e9tait de 35 ans (27-43) avec des extr\u00eames de 16 \u00e0 70 ans. Elle pr\u00e9cise que 63,1 % \u00e9taient des femmes. La pr\u00e9valence de l\u2019anxi\u00e9t\u00e9 \u00e9tait de 30,3 % et celle de la d\u00e9pression de 26,2 %.<\/p>\n\n\n\n<p>L\u2019\u00e9tude a \u00e9t\u00e9 r\u00e9alis\u00e9e par le psychiatre El Hadji Makhtar Ba, Amacoumba Fall, interne en canc\u00e9rologie et Sidy Ka chef de service de canc\u00e9rologie \u00e0 l\u2019h\u00f4pital Dalal Jamm.<\/p>\n\n\n\n<p>&nbsp;\u00bbLe cancer est une maladie chronique et complexe. Elle affecte profond\u00e9ment non seulement les patients, mais \u00e9galement leur entourage, en particulier les proches aidants. Ces derniers, en jouant un r\u00f4le central dans l\u2019accompagnement physique, \u00e9motionnel et organisationnel des patients, font face \u00e0 une charge psychologique consid\u00e9rable, souvent marqu\u00e9e par l\u2019anxi\u00e9t\u00e9 et la d\u00e9pression&nbsp;\u00bb, note le rapport de l\u2019\u00e9tude.<\/p>\n\n\n\n<p>Les jeunes de moins de 35 ans pr\u00e9sentaient plus d\u2019anxi\u00e9t\u00e9 (36,7 % contre 23,3 %), tandis que la d\u00e9pression \u00e9tait plus fr\u00e9quente chez les aidants de 35 ans et plus (29 % contre 23,3 %), souligne le document.<\/p>\n\n\n\n<p>La m\u00eame source soulignent que les femmes \u00e9taient significativement plus touch\u00e9es que les hommes, avec des taux d\u2019anxi\u00e9t\u00e9 et de d\u00e9pression de 35,1 % et 32,5 %, contre 22,2 % et 15,6 % chez les hommes.<\/p>\n\n\n\n<p>Les m\u00e9decins notent que \u2018\u2019les enfants des patients \u00e9taient les plus expos\u00e9s, avec des pr\u00e9valences d\u2019anxi\u00e9t\u00e9 et de d\u00e9pression de 35,3 % et 31,4 %, tandis que les fonctionnaires et employ\u00e9s priv\u00e9s pr\u00e9sentaient les taux d\u2019anxi\u00e9t\u00e9 les plus \u00e9lev\u00e9s (62,5 % et 43,8 %)\u2019\u2019.<\/p>\n\n\n\n<p>\u2018\u2019Notre objectif \u00e9tait d\u2019\u00e9tudier les facteurs pr\u00e9dictifs des troubles anxieux et d\u00e9pressifs chez les proches aidants des patients hospitalis\u00e9s en canc\u00e9rologie\u2019\u2019, expliquent les auteurs de l\u2019\u00e9tude.<\/p>\n\n\n\n<p>Ils soulignent dans le document que les crit\u00e8res d\u2019inclusion \u00e9taient d\u2019\u00eatre un accompagnant principal d\u2019un patient en fin de s\u00e9jour hospitalier.<\/p>\n\n\n\n<p>\u2018\u2019Les proches aidants \u00e9taient interrog\u00e9s en fin de s\u00e9jour hospitalier. L\u2019anxi\u00e9t\u00e9 et la d\u00e9pression \u00e9taient \u00e9valu\u00e9es avec l\u2019\u00e9chelle HADS (Hospital Anxiety and Depression Scale).<\/p>\n\n\n\n<p>Les autres variables \u00e9tudi\u00e9es \u00e9taient les variables sociod\u00e9mographiques des patients et des proches-aidants, et les variables relatives au s\u00e9jour intra-hospitalier des proches aidants\u2019\u2019, selon les auteurs de l\u2019\u00e9tude.<\/p>\n\n\n\n<p>Ils sont arriv\u00e9s \u00e0 la conclusion que l\u2019anxi\u00e9t\u00e9 et la d\u00e9pression constituent un probl\u00e8me majeur de sant\u00e9 mentale chez les proches-aidants en canc\u00e9rologie.<\/p>\n\n\n\n<p>&nbsp;\u00bbA cet effet, un accompagnement psychologique sp\u00e9cialis\u00e9 devrait \u00eatre syst\u00e9matiquement apport\u00e9 \u00e0 tout proche aidant d\u2019un patient hospitalis\u00e9 en canc\u00e9rologie\u2019\u2019, recommande le rapport.<\/p>\n\n\n\n<p>NSS\/ADL\/OID\/SKS\/SBS<\/p>\n","protected":false},"excerpt":{"rendered":"<p>Dakar, (APS)\u00a0 Une \u00e9tude \u00a0\u00bbtransversale analytique\u00a0\u00bb r\u00e9alis\u00e9e entre janvier et d\u00e9cembre 2023 au service de canc\u00e9rologie du Centre Hospitalier National<\/p>\n","protected":false},"author":1,"featured_media":16964,"comment_status":"open","ping_status":"open","sticky":false,"template":"","format":"standard","meta":{"footnotes":""},"categories":[21],"tags":[],"class_list":["post-50851","post","type-post","status-publish","format-standard","has-post-thumbnail","hentry","category-societe"],"_links":{"self":[{"href":"https:\/\/dekkbi.com\/index.php?rest_route=\/wp\/v2\/posts\/50851","targetHints":{"allow":["GET"]}}],"collection":[{"href":"https:\/\/dekkbi.com\/index.php?rest_route=\/wp\/v2\/posts"}],"about":[{"href":"https:\/\/dekkbi.com\/index.php?rest_route=\/wp\/v2\/types\/post"}],"author":[{"embeddable":true,"href":"https:\/\/dekkbi.com\/index.php?rest_route=\/wp\/v2\/users\/1"}],"replies":[{"embeddable":true,"href":"https:\/\/dekkbi.com\/index.php?rest_route=%2Fwp%2Fv2%2Fcomments&post=50851"}],"version-history":[{"count":1,"href":"https:\/\/dekkbi.com\/index.php?rest_route=\/wp\/v2\/posts\/50851\/revisions"}],"predecessor-version":[{"id":50852,"href":"https:\/\/dekkbi.com\/index.php?rest_route=\/wp\/v2\/posts\/50851\/revisions\/50852"}],"wp:featuredmedia":[{"embeddable":true,"href":"https:\/\/dekkbi.com\/index.php?rest_route=\/wp\/v2\/media\/16964"}],"wp:attachment":[{"href":"https:\/\/dekkbi.com\/index.php?rest_route=%2Fwp%2Fv2%2Fmedia&parent=50851"}],"wp:term":[{"taxonomy":"category","embeddable":true,"href":"https:\/\/dekkbi.com\/index.php?rest_route=%2Fwp%2Fv2%2Fcategories&post=50851"},{"taxonomy":"post_tag","embeddable":true,"href":"https:\/\/dekkbi.com\/index.php?rest_route=%2Fwp%2Fv2%2Ftags&post=50851"}],"curies":[{"name":"wp","href":"https:\/\/api.w.org\/{rel}","templated":true}]}}