{"id":50837,"date":"2025-01-21T11:29:46","date_gmt":"2025-01-21T11:29:46","guid":{"rendered":"https:\/\/dekkbi.com\/?p=50837"},"modified":"2025-01-21T11:29:47","modified_gmt":"2025-01-21T11:29:47","slug":"nous-empecherons-les-hommes-de-pratiquer-les-sports-feminins-avec-le-retour-de-donald-trump-quelles-consequences-pour-les-athletes-transgenres","status":"publish","type":"post","link":"https:\/\/dekkbi.com\/?p=50837","title":{"rendered":"\u00ab\u00a0Nous emp\u00eacherons les hommes de pratiquer les sports f\u00e9minins\u00a0\u00bb&#8230; Avec le retour de Donald Trump, quelles cons\u00e9quences pour les athl\u00e8tes transgenres\u00a0?"},"content":{"rendered":"\n<p>Investi lundi, le pr\u00e9sident am\u00e9ricain avait de nouveau cibl\u00e9 les athl\u00e8tes transgenres lors de son discours de victoire dimanche, et compte rapidement les exclure des comp\u00e9titions f\u00e9minines.<\/p>\n\n\n\n<p>\u00ab\u00a0<em>Nous emp\u00eacherons les hommes de pratiquer les sports f\u00e9minins. Ce sera fait d\u00e8s demain, c&rsquo;est termin\u00e9\u00a0!\u00a0\u00bb\u00a0<\/em>Donald Trump a prononc\u00e9 ces mots, dimanche 19 janvier, \u00e0 la veille de son\u00a0investiture comme 47e pr\u00e9sident des Etats-Unis. Une nouvelle attaque frontale du pr\u00e9sident am\u00e9ricain \u00e0 l&rsquo;encontre des personnes transgenres, confirm\u00e9e par\u00a0la signature d&rsquo;un d\u00e9cret dans la soir\u00e9e de son investiture, lundi 20 janvier :\u00a0<em>\u00ab\u00a0Les fonds f\u00e9d\u00e9raux ne doivent pas \u00eatre utilis\u00e9s pour promouvoir l&rsquo;id\u00e9ologie de genre\u00a0\u00bb<\/em>, pr\u00e9cise le d\u00e9cret. Le candidat r\u00e9publicain a d\u00e9pens\u00e9\u00a0au\u00a0moins 21 millions de dollars en publicit\u00e9 anti-transgenre durant sa campagne, a pr\u00e9cis\u00e9 \u00e0 ABC la soci\u00e9t\u00e9 d&rsquo;analyse des m\u00e9dias AdImpact.<\/p>\n\n\n\n<p>Avant m\u00eame sa r\u00e9\u00e9lection, Donald Trump en avait fait un argument de campagne.\u00a0Cet \u00e9t\u00e9, le milliardaire\u00a0s&rsquo;en \u00e9tait notamment pris \u00e0 la boxeuse alg\u00e9rienne Imane Khelif aux JO de Paris, et avait alors martel\u00e9 vouloir\u00a0<em>\u00ab\u00a0laisser les<\/em>\u00a0<em>hommes en dehors du sport f\u00e9minin\u00a0\u00bb.\u00a0<\/em>Le 22 d\u00e9cembre, d\u00e9j\u00e0 \u00e9lu, il avait acc\u00e9l\u00e9r\u00e9 en annon\u00e7ant qu&rsquo;il signerait \u00ab\u00a0<em>des d\u00e9crets pour mettre fin aux mutilations sexuelles des enfants, exclure les transgenres de l&rsquo;arm\u00e9e, des \u00e9coles primaires, des coll\u00e8ges et des lyc\u00e9es\u00a0\u00bb.<\/em><\/p>\n\n\n\n<p>Dans le domaine du sport, une semaine avant son investiture,\u00a0la chambre des Repr\u00e9sentants a adopt\u00e9, le 14 janvier,\u00a0un projet de loi\u00a0visant \u00e0 interdire \u00e0 une personne n\u00e9e de sexe masculin de participer \u00e0 une activit\u00e9 ou un programme athl\u00e9tique destin\u00e9 aux femmes ou aux filles. Un texte qui avait d\u00e9j\u00e0 \u00e9t\u00e9 pr\u00e9sent\u00e9 en 2023, mais qui avait \u00e9t\u00e9 retoqu\u00e9 par le S\u00e9nat.\u00a0Mais cette fois, le Congr\u00e8s est\u00a0\u00e0 majorit\u00e9 r\u00e9publicaine dans ses deux chambres.\u00a0<em>\u00ab\u00a0D&rsquo;un simple trait de plume, d\u00e8s le premier jour, nous mettrons un terme au d\u00e9lire transgenre\u00a0\u00bb,\u00a0<\/em>avait anticip\u00e9 le pr\u00e9sident \u00e9lu fin d\u00e9cembre.<br><br>Un retour en arri\u00e8re pour 1,6 million de personnes se d\u00e9finissant comme transgenres aux Etats-Unis, dont plus de 300 000 sont \u00e2g\u00e9es de 13 \u00e0 17 ans, rel\u00e8ve\u00a0une \u00e9tude du Williams Institute [en anglais] , groupe de r\u00e9flexion de l&rsquo;universit\u00e9 UCLA (Californie).\u00a0En avril 2024, l&rsquo;administration Biden avait \u00e9tendu aux LGBT la protection issue du \u00ab\u00a0Title IX\u00a0\u00bb\u00a0de 1972, qui\u00a0interdit toute discrimination sur la base du sexe dans les programmes d&rsquo;\u00e9ducation soutenus par l\u2019\u00c9tat, et notamment dans le domaine du sport. N\u00e9anmoins, l&rsquo;ex-pr\u00e9sident n&rsquo;\u00e9tait pas parvenu \u00e0 int\u00e9grer dans cette extension la question sp\u00e9cifique des athl\u00e8tes transgenres.<\/p>\n\n\n\n<p>Cela est en passe d&rsquo;\u00eatre r\u00e9voqu\u00e9 :\u00a0un juge f\u00e9d\u00e9ral a jug\u00e9, le 10 janvier, que ce d\u00e9partement ne pouvait \u00e9tendre la loi aux discriminations bas\u00e9es sur \u00ab\u00a0l&rsquo;identit\u00e9 de genre\u00a0\u00bb. Donald Trump\u00a0souhaite, lui, supprimer (Nouvelle fen\u00eatre)\u00a0le \u00ab\u00a0Departement of Education\u00a0\u00bb, charg\u00e9 de l&rsquo;application de cette loi.\u00a0<em>\u00ab\u00a0L&rsquo;absence de discrimination bas\u00e9e sur le sexe, en r\u00e9alit\u00e9, elle est d\u00e9j\u00e0 en danger depuis un bout de temps\u00a0\u00bb<\/em>, rel\u00e8ve Jean-Baptiste Gu\u00e9gan, sp\u00e9cialiste en g\u00e9opolitique du sport.\u00a0<em>\u00ab\u00a0On l&rsquo;a vu avec la remise en cause du droit \u00e0 l&rsquo;avortement, et on a vu monter pendant la campagne la question de la transidentit\u00e9. Il y a fort \u00e0 parier que ce sera un sujet. Mais sera-t-il utilis\u00e9 de mani\u00e8re pol\u00e9mique, purement opportuniste ou clairement structurelle ?\u00a0\u00bb<\/em>, s&rsquo;interroge le sp\u00e9cialiste.<\/p>\n\n\n\n<p>Autant de premiers clous de la nouvelle mandature Trump vis-\u00e0-vis des transgenres. En 2024, 672 textes anti-transgenre ont \u00e9t\u00e9 port\u00e9s dans 43 Etats (neuf sont actifs), un record pour la cinqui\u00e8me ann\u00e9e cons\u00e9cutive, selon le site\u00a0translegislation.com.\u00a0<em>\u00ab\u00a0J&rsquo;ai l&rsquo;impression que mon propre pays me hait\u00a0\u00bb,\u00a0<\/em>r\u00e9sumait \u00e0 franceinfo Daria,\u00a0qui participait \u00e0 la \u00ab\u00a0Marche du peuple\u00a0\u00bb\u00a0anti-Trump, samedi 18 janvier.<\/p>\n\n\n\n<h2 class=\"wp-block-heading\">Le sport f\u00e9minin et les minorit\u00e9s d\u00e9j\u00e0 dans son viseur lors de son premier mandat<\/h2>\n\n\n\n<p>Le pr\u00e9sident am\u00e9ricain\u00a0n&rsquo;a jamais craint de se mettre \u00e0 dos une communaut\u00e9 du sport\u00a0pour imposer ses valeurs depuis sa premi\u00e8re \u00e9lection en 2016. Du quarterback de San Francisco Colin Kaepernick, qui d\u00e9fendait le mouvement \u00ab\u00a0Black Lives Matter\u00a0\u00bb en mettant son genou \u00e0 terre durant l&rsquo;hymne, \u00e0 Megan Rapinoe, capitaine de l&rsquo;\u00e9quipe nationale de football f\u00e9minine et ic\u00f4ne lesbienne. En plus des personnes trans, les \u00e9quipes f\u00e9minines ou les minorit\u00e9s dans le sport pourraient de nouveau voir leur acc\u00e8s au sport bouscul\u00e9.\u00a0<\/p>\n\n\n\n<p>En f\u00e9vrier 2024, un groupe men\u00e9 par Stephen Miller, l&rsquo;architecte des politiques migratoires de Trump,\u00a0avait d\u00e9pos\u00e9 une plainte (Nouvelle fen\u00eatre), consid\u00e9rant que la \u00ab\u00a0Rooney Rule\u00a0\u00bb en NFL, qui oblige les \u00e9quipes \u00e0 r\u00e9aliser des entretiens avec des personnes issues des minorit\u00e9s pour les postes \u00e0 responsabilit\u00e9, \u00e9tait ill\u00e9gale.\u00a0<em>\u00ab\u00a0Je pense que le clivage n&rsquo;est pas pr\u00eat de dispara\u00eetre. Est-ce qu&rsquo;il va s&rsquo;accro\u00eetre ? On verra. Ce qui est s\u00fbr, c&rsquo;est que le sport ne sera pas le lieu de la r\u00e9conciliation, mais plut\u00f4t de l&rsquo;expression de l&rsquo;intensification des clivages\u00a0\u00bb<\/em>, avertit Jean-Baptiste Gu\u00e9gan.<\/p>\n\n\n\n<p>SOURCE FRANCEINFO<\/p>\n","protected":false},"excerpt":{"rendered":"<p>Investi lundi, le pr\u00e9sident am\u00e9ricain avait de nouveau cibl\u00e9 les athl\u00e8tes transgenres lors de son discours de victoire dimanche, et<\/p>\n","protected":false},"author":1,"featured_media":50838,"comment_status":"open","ping_status":"open","sticky":false,"template":"","format":"standard","meta":{"footnotes":""},"categories":[9],"tags":[],"class_list":["post-50837","post","type-post","status-publish","format-standard","has-post-thumbnail","hentry","category-sports"],"_links":{"self":[{"href":"https:\/\/dekkbi.com\/index.php?rest_route=\/wp\/v2\/posts\/50837","targetHints":{"allow":["GET"]}}],"collection":[{"href":"https:\/\/dekkbi.com\/index.php?rest_route=\/wp\/v2\/posts"}],"about":[{"href":"https:\/\/dekkbi.com\/index.php?rest_route=\/wp\/v2\/types\/post"}],"author":[{"embeddable":true,"href":"https:\/\/dekkbi.com\/index.php?rest_route=\/wp\/v2\/users\/1"}],"replies":[{"embeddable":true,"href":"https:\/\/dekkbi.com\/index.php?rest_route=%2Fwp%2Fv2%2Fcomments&post=50837"}],"version-history":[{"count":1,"href":"https:\/\/dekkbi.com\/index.php?rest_route=\/wp\/v2\/posts\/50837\/revisions"}],"predecessor-version":[{"id":50839,"href":"https:\/\/dekkbi.com\/index.php?rest_route=\/wp\/v2\/posts\/50837\/revisions\/50839"}],"wp:featuredmedia":[{"embeddable":true,"href":"https:\/\/dekkbi.com\/index.php?rest_route=\/wp\/v2\/media\/50838"}],"wp:attachment":[{"href":"https:\/\/dekkbi.com\/index.php?rest_route=%2Fwp%2Fv2%2Fmedia&parent=50837"}],"wp:term":[{"taxonomy":"category","embeddable":true,"href":"https:\/\/dekkbi.com\/index.php?rest_route=%2Fwp%2Fv2%2Fcategories&post=50837"},{"taxonomy":"post_tag","embeddable":true,"href":"https:\/\/dekkbi.com\/index.php?rest_route=%2Fwp%2Fv2%2Ftags&post=50837"}],"curies":[{"name":"wp","href":"https:\/\/api.w.org\/{rel}","templated":true}]}}