{"id":50830,"date":"2025-01-21T11:08:55","date_gmt":"2025-01-21T11:08:55","guid":{"rendered":"https:\/\/dekkbi.com\/?p=50830"},"modified":"2025-01-21T11:08:56","modified_gmt":"2025-01-21T11:08:56","slug":"cessez-le-feu-a-gaza-pourquoi-laccord-de-treve-fragilise-le-gouvernement-de-benyamin-netanyahou","status":"publish","type":"post","link":"https:\/\/dekkbi.com\/?p=50830","title":{"rendered":"Cessez-le-feu \u00e0 Gaza: pourquoi l&rsquo;accord de tr\u00eave fragilise le gouvernement de Benyamin N\u00e9tanyahou"},"content":{"rendered":"\n<p>Pour le Premier ministre isra\u00e9lien, les cons\u00e9quences de la tr\u00eave avec le Hamas sont aussi politiques. Les trois ministres du parti Force juive, dont Itamar Ben Gvir, charg\u00e9 de la S\u00e9curit\u00e9 nationale, ont d\u00e9missionn\u00e9.<\/p>\n\n\n\n<p>Ils fustigent un\u00a0<em>\u00ab\u00a0accord de capitulation\u00a0\u00bb<\/em>\u00a0et comptent le faire payer \u00e0 Benyamin N\u00e9tanyahou.\u00a0Alors que la tr\u00eave dans la bande de Gaza est entr\u00e9e en vigueur dimanche 19\u00a0janvier, plusieurs ministres\u00a0ont pr\u00e9sent\u00e9 leur d\u00e9mission\u00a0au chef du gouvernement isra\u00e9lien, d\u00e9non\u00e7ant un cessez-le-feu\u00a0<em>\u00ab\u00a0scandaleux\u00a0\u00bb<\/em>.<\/p>\n\n\n\n<p>De plus en plus esseul\u00e9, Benyamin N\u00e9tanyahou b\u00e9n\u00e9ficie encore d&rsquo;une courte majorit\u00e9 au Parlement. Mais pour combien de temps\u00a0? Franceinfo fait le point sur les raisons du tumulte politique qui agite Isra\u00ebl\u00a0depuis qu&rsquo;un accord en trois phases a \u00e9t\u00e9 conclu entre l&rsquo;Etat h\u00e9breu et le Hamas, \u00e0 l&rsquo;issue de plus d&rsquo;un an de n\u00e9gociations.\u00a0<\/p>\n\n\n\n<h2 class=\"wp-block-heading\">Parce que les d\u00e9bats internes avant de ratifier l&rsquo;accord ont \u00e9prouv\u00e9 son gouvernement<\/h2>\n\n\n\n<p>Malgr\u00e9 de longues discussions, aucun consensus n&rsquo;aura \u00e9merg\u00e9. Apr\u00e8s le feu vert du cabinet de s\u00e9curit\u00e9 isra\u00e9lien, le Conseil des ministres s&rsquo;est r\u00e9uni vendredi pour statuer sur un accord ambitionnant de d\u00e9boucher \u00e0 terme sur<em>\u00a0\u00ab\u00a0une fin d\u00e9finitive de la guerre\u00a0\u00bb<\/em>\u00a0entre Isra\u00ebl et le Hamas.\u00a0De fa\u00e7on tr\u00e8s exceptionnelle, la session du cabinet s&rsquo;est poursuivie apr\u00e8s le d\u00e9but du shabbat et le gouvernement a publi\u00e9 un communiqu\u00e9 laconique \u00e0 l&rsquo;issue du vote, dans la nuit, a rapport\u00e9\u00a0<em>Haaretz<\/em> \u00a0(Nouvelle fen\u00eatre).\u00a0<\/p>\n\n\n\n<p>Sous la pression de Donald Trump, le gouvernement isra\u00e9lien\u00a0a finalement ratifi\u00e9 l&rsquo;accord\u00a0de lib\u00e9ration des otages et de cessez-le-feu \u00e0 Gaza, apr\u00e8s sept heures de discussion, non sans heurts.\u00a0<em>\u00ab\u00a0Pour Isra\u00ebl, cet accord est une am\u00e8re victoire\u00a0\u00bb<\/em>, a comment\u00e9\u00a0sur franceinfo\u00a0Dominique Mo\u00efsi, g\u00e9opolitologue, conseiller sp\u00e9cial \u00e0 l\u2019Institut Montaigne.\u00a0<em>\u00ab\u00a0Ils doivent mettre fin au combat, alors que l&rsquo;objectif principal n&rsquo;a pas \u00e9t\u00e9 atteint (\u2026)\u00a0: le Hamas existe toujours.\u00a0\u00bb<\/em><\/p>\n\n\n\n<p><em>\u00ab\u00a0C&rsquo;est une tr\u00eave qui est tr\u00e8s difficile \u00e0 accepter\u00a0\u00bb,\u00a0<\/em>a abond\u00e9\u00a0l&rsquo;ambassadeur d&rsquo;Isra\u00ebl en France, Joshua Zarka. Sur les 32\u00a0ministres qui composent le gouvernement, pas moins de huit ont ainsi fait valoir leurs d\u00e9saccords. Les alli\u00e9s les plus radicaux du Premier ministre isra\u00e9lien se sont oppos\u00e9s \u00e0 la tr\u00eave, en vain.<\/p>\n\n\n\n<h2 class=\"wp-block-heading\">Parce que le parti Force juive a quitt\u00e9 la coalition gouvernementale au pouvoir<\/h2>\n\n\n\n<p>Parmi les membres du gouvernement oppos\u00e9s au cessez-le-feu \u00e0 Gaza,\u00a0Itamar Ben Gvir\u00a0a endoss\u00e9, sans surprise, le r\u00f4le de chef de file des contestataires. Le ministre d&rsquo;extr\u00eame droite avait fait peu de myst\u00e8re quant \u00e0 son positionnement lors de cette r\u00e9union\u00a0: jeudi, il avait qualifi\u00e9 le texte de\u00a0<em>\u00ab\u00a0t\u00e9m\u00e9raire\u00a0\u00bb<\/em>.\u00a0Le ministre de la S\u00e9curit\u00e9 nationale\u00a0isra\u00e9lien\u00a0avait m\u00eame menac\u00e9 de d\u00e9missionner dans l&rsquo;hypoth\u00e8se o\u00f9 l&rsquo;accord serait adopt\u00e9, consid\u00e9rant ce choix de<em>\u00a0\u00ab\u00a0dangereux\u00a0\u00bb\u00a0<\/em>et\u00a0<em>\u00ab\u00a0irresponsable\u00a0\u00bb.<\/em>\u00a0D&rsquo;apr\u00e8s lui,\u00a0seule l&rsquo;interruption totale de l&rsquo;aide humanitaire \u00e0 Gaza\u00a0pouvait permettre d&rsquo;obtenir la lib\u00e9ration de tous les otages retenus par le Hamas.<\/p>\n\n\n\n<p>Fid\u00e8le \u00e0 ses propos, le leader du parti Force juive a claqu\u00e9 la porte de la coalition au pouvoir, entra\u00eenant avec lui deux autres ministres de son camp.<em>&nbsp;\u00ab\u00a0A la suite de l&rsquo;approbation de l&rsquo;accord scandaleux avec le groupe terroriste Hamas (\u2026) les<\/em>&nbsp;[trois]&nbsp;<em>ministres du parti Force juive ont r\u00e9cemment pr\u00e9sent\u00e9 leurs lettres de d\u00e9mission\u00a0\u00bb<\/em>, a fait savoir dimanche la formation d&rsquo;Itamar Ben Gvir. Ce dernier, Avi Maoz (ministre d\u00e9l\u00e9gu\u00e9 charg\u00e9 de l&rsquo;Identit\u00e9 nationale juive) et Orit Strock (ministre en charge des Implantations) ont donc officiellement quitt\u00e9 leurs fonctions.&nbsp;<\/p>\n\n\n\n<p>Ce d\u00e9part pourrait toutefois n&rsquo;\u00eatre qu&rsquo;un au revoir\u00a0: Itamar Ben Gvir a d\u00e9clar\u00e9 qu&rsquo;il n&rsquo;excluait pas de revenir dans le gouvernement dans le cas o\u00f9 les combats reprendraient apr\u00e8s la premi\u00e8re phase de l&rsquo;accord\u00a0<em>\u00ab\u00a0pour obtenir une victoire d\u00e9cisive et atteindre les objectifs de la guerre qui n&rsquo;ont pas encore \u00e9t\u00e9 r\u00e9alis\u00e9s\u00a0\u00bb<\/em>, rapporte le quotidien libanais\u00a0<em>L&rsquo;Orient-Le jour<\/em>\u00a0 (Nouvelle fen\u00eatre).<\/p>\n\n\n\n<p>Ce sc\u00e9nario reste largement plausible, \u00e0 en croire l&rsquo;allocution de Benyamin N\u00e9tanyahou diffus\u00e9e samedi<em>.&nbsp;<\/em><em>\u00ab\u00a0Il s&rsquo;agit d&rsquo;un cessez-le-feu provisoire\u00a0\u00bb<\/em>&nbsp;et<em>&nbsp;\u00ab\u00a0nous nous gardons le droit de reprendre la guerre si besoin et avec le soutien des Etats-Unis\u00a0\u00bb<\/em>, a clam\u00e9 le Premier ministre isra\u00e9lien. Le cas \u00e9ch\u00e9ant, l&rsquo;offensive reprendrait \u00ab\u00a0<em>avec plus de force\u00a0\u00bb<\/em>, a-t-il ajout\u00e9.<\/p>\n\n\n\n<h2 class=\"wp-block-heading\">Parce qu&rsquo;un seul ministre tient d\u00e9sormais le sort du gouvernement entre ses mains<\/h2>\n\n\n\n<p>La marge de man\u0153uvre politique de Benyamin N\u00e9tanyahou est plus limit\u00e9e que jamais. Certes, la d\u00e9mission du parti Force juive n&rsquo;a pas fait chuter le gouvernement, mais elle a encore r\u00e9duit sa majorit\u00e9, d\u00e9j\u00e0 tr\u00e8s relative. Le Premier ministre isra\u00e9lien pourra-t-il se passer du soutien d&rsquo;Itamar Ben Gvir encore longtemps&nbsp;? Rien n&rsquo;est moins s\u00fbr, car il ne peut d\u00e9sormais plus compter que sur 62 si\u00e8ges sur les 120 que compte la Knesset, le Parlement isra\u00e9lien, \u00e0 la limite de la majorit\u00e9 au Parlement.<\/p>\n\n\n\n<p>Dans ce contexte, Bezalel Smotrich d\u00e9tient le pouvoir de pr\u00e9cipiter la chute de Benyamin N\u00e9tanyahou. Le ministre des Finances est en effet le\u00a0leader du parti du Sionisme religieux\u00a0qui compte sept si\u00e8ges \u00e0 la Knesset.\u00a0Pour l&rsquo;heure, rien n&rsquo;est act\u00e9 : si Itamar Ben Gvir a tent\u00e9 de l&rsquo;entra\u00eener avec lui, Bezalel Smotrich a refus\u00e9, malgr\u00e9 son opposition \u00e0 la tr\u00eave dans la bande de Gaza, de quitter la coalition au pouvoir.\u00a0<\/p>\n\n\n\n<p>Le ministre a seulement conc\u00e9d\u00e9 un sursis\u00a0: il menace de faire tomber le gouvernement si Isra\u00ebl ne reprend pas la guerre dans six semaines,\u00a0\u00e0 l&rsquo;issue de la premi\u00e8re phase de l&rsquo;accord de cessez-le-feu.\u00a0Ainsi, \u00e9crit le journal isra\u00e9lien\u00a0<em>Haaretz<\/em> (Nouvelle fen\u00eatre),\u00a0<em>\u00ab\u00a0si\u00a0<\/em>[Donald]\u00a0<em>Trump contraint\u00a0<\/em>[Benyamin]\u00a0<em>N\u00e9tanyahou \u00e0 poursuivre vers la seconde phase,\u00a0la coalition risque d&rsquo;\u00e9clater\u00a0\u00bb\u00a0<\/em>. De quoi faire dire \u00e0\u00a0CNN(Nouvelle fen\u00eatre)\u00a0que\u00a0<em>\u00ab\u00a0de profonds clivages dans la politique isra\u00e9lienne pourraient menacer la long\u00e9vit\u00e9 de l\u2019accord\u00a0\u00bb<\/em>.\u00a0<\/p>\n","protected":false},"excerpt":{"rendered":"<p>Pour le Premier ministre isra\u00e9lien, les cons\u00e9quences de la tr\u00eave avec le Hamas sont aussi politiques. Les trois ministres du<\/p>\n","protected":false},"author":1,"featured_media":47322,"comment_status":"open","ping_status":"open","sticky":false,"template":"","format":"standard","meta":{"footnotes":""},"categories":[51],"tags":[],"class_list":["post-50830","post","type-post","status-publish","format-standard","has-post-thumbnail","hentry","category-general"],"_links":{"self":[{"href":"https:\/\/dekkbi.com\/index.php?rest_route=\/wp\/v2\/posts\/50830","targetHints":{"allow":["GET"]}}],"collection":[{"href":"https:\/\/dekkbi.com\/index.php?rest_route=\/wp\/v2\/posts"}],"about":[{"href":"https:\/\/dekkbi.com\/index.php?rest_route=\/wp\/v2\/types\/post"}],"author":[{"embeddable":true,"href":"https:\/\/dekkbi.com\/index.php?rest_route=\/wp\/v2\/users\/1"}],"replies":[{"embeddable":true,"href":"https:\/\/dekkbi.com\/index.php?rest_route=%2Fwp%2Fv2%2Fcomments&post=50830"}],"version-history":[{"count":1,"href":"https:\/\/dekkbi.com\/index.php?rest_route=\/wp\/v2\/posts\/50830\/revisions"}],"predecessor-version":[{"id":50831,"href":"https:\/\/dekkbi.com\/index.php?rest_route=\/wp\/v2\/posts\/50830\/revisions\/50831"}],"wp:featuredmedia":[{"embeddable":true,"href":"https:\/\/dekkbi.com\/index.php?rest_route=\/wp\/v2\/media\/47322"}],"wp:attachment":[{"href":"https:\/\/dekkbi.com\/index.php?rest_route=%2Fwp%2Fv2%2Fmedia&parent=50830"}],"wp:term":[{"taxonomy":"category","embeddable":true,"href":"https:\/\/dekkbi.com\/index.php?rest_route=%2Fwp%2Fv2%2Fcategories&post=50830"},{"taxonomy":"post_tag","embeddable":true,"href":"https:\/\/dekkbi.com\/index.php?rest_route=%2Fwp%2Fv2%2Ftags&post=50830"}],"curies":[{"name":"wp","href":"https:\/\/api.w.org\/{rel}","templated":true}]}}