{"id":50825,"date":"2025-01-21T10:55:16","date_gmt":"2025-01-21T10:55:16","guid":{"rendered":"https:\/\/dekkbi.com\/?p=50825"},"modified":"2025-01-21T10:55:16","modified_gmt":"2025-01-21T10:55:16","slug":"le-chef-de-lonu-met-en-garde-israel-contre-une-annexion-de-la-cisjordanie","status":"publish","type":"post","link":"https:\/\/dekkbi.com\/?p=50825","title":{"rendered":"Le chef de l&rsquo;ONU met en garde Isra\u00ebl contre une annexion de la Cisjordanie"},"content":{"rendered":"\n<p>Alors que le cessez-le-feu s\u2019est maintenu aujourd\u2019hui entre Isra\u00ebl et le Hamas, apr\u00e8s le premier \u00e9change d\u2019otages contre des prisonniers, le Conseil de s\u00e9curit\u00e9 se r\u00e9unit en ce moment sur le m\u00eame dossier. Le secr\u00e9taire g\u00e9n\u00e9ral de l\u2019ONU, Antonio Guterres, et les membres du Conseil se sont f\u00e9licit\u00e9s pour cet accord, qui doit mettre fin \u00e0 15 mois de guerre. Le chef de l&rsquo;ONU a exprim\u00e9 sa profonde pr\u00e9occupation face \u00e0 une \u00ab&nbsp;<em>menace existentielle \u00e0 l&rsquo;int\u00e9grit\u00e9 et la contigu\u00eft\u00e9 du Territoire palestinien occup\u00e9 de Gaza et Cisjordanie<\/em>&nbsp;\u00bb.<\/p>\n\n\n\n<p>Par :RFI<\/p>\n\n\n\n<p>Ils se disent \u00ab\u00a0<em>prudemment optimistes<\/em>\u00a0\u00bb. Ce sont les mots du ministre alg\u00e9rien des Affaires \u00e9trang\u00e8res, Ahmed Attaf, qui pr\u00e9side le d\u00e9bat aujourd\u2019hui, rapporte notre correspondante \u00e0 New York,\u00a0<strong>Carrie Nooten<\/strong>. Impossible de ne pas se f\u00e9liciter de cet accord, mais le Conseil l\u2019ayant appel\u00e9 de ses v\u0153ux depuis 15 mois, et connaissant la volatilit\u00e9 sur le terrain, il reste prudent. Tous les diplomates ont rappel\u00e9 au Hamas et \u00e0\u00a0<strong>Isra\u00ebl<\/strong>\u00a0l\u2019importance de se tenir \u00e0 ce cessez-le-feu et ses conditions.\u00a0<\/p>\n\n\n\n<p>Le patron de l\u2019ONU a expliqu\u00e9 comment l\u2019aide humanitaire, qui peut enfin passer en flots importants vers Gaza, est en train de se d\u00e9ployer. Et il a aussi surtout mis en garde, alors que de hauts responsables isra\u00e9liens parlent ouvertement d\u2019une annexion formelle de la totalit\u00e9 ou de parties de la Cisjordanie. Selon les r\u00e8gles des Nations Unies, il s\u2019agirait d\u2019une tr\u00e8s grave violation du droit international, a-t-il martel\u00e9.<\/p>\n\n\n\n<h2 class=\"wp-block-heading\">Annexer la Cisjordanie serait une \u00abtr\u00e8s grave violation du droit international\u00bb<\/h2>\n\n\n\n<p>\u00ab\u00a0<em>Je suis profond\u00e9ment pr\u00e9occup\u00e9 par la menace existentielle \u00e0 l&rsquo;int\u00e9grit\u00e9 et la contigu\u00eft\u00e9 du Territoire palestinien occup\u00e9 de Gaza et de Cisjordanie<\/em>\u00a0\u00bb, a d\u00e9clar\u00e9\u00a0<strong>Antonio Guterres<\/strong>\u00a0lors d&rsquo;une r\u00e9union du Conseil de s\u00e9curit\u00e9 sur la situation au Proche-Orient. \u00ab\u00a0<em>De hauts responsables isra\u00e9liens parlent ouvertement d&rsquo;une annexion formelle de la totalit\u00e9 ou de parties de la Cisjordanie dans les mois qui viennent. Toute annexion de la sorte serait une tr\u00e8s grave violation du droit international<\/em>\u00a0\u00bb, a-t-il insist\u00e9, alors que le retour lundi de\u00a0<strong>Donald Trump<\/strong>\u00a0\u00e0 la Maison Blanche ravive en Isra\u00ebl le d\u00e9bat sur cette question sensible.<\/p>\n\n\n\n<p>Pour afficher ce contenu X (Twitter), il est n\u00e9cessaire d&rsquo;autoriser les cookies de mesure d&rsquo;audience et de publicit\u00e9.AccepterG\u00e9rer mes choix<\/p>\n\n\n\n<h2 class=\"wp-block-heading\">Les partisans de l&rsquo;annexion galvanis\u00e9s par l&rsquo;arriv\u00e9e de Trump&nbsp;<\/h2>\n\n\n\n<p>Cette r\u00e9union se passe en m\u00eame temps que Donald Trump vient de pr\u00eater serment, or lors de son premier mandat, le pr\u00e9sident am\u00e9ricain avait notamment pr\u00e9sent\u00e9 un plan pr\u00e9voyant l&rsquo;annexion par Isra\u00ebl de pr\u00e8s de 30% de la Cisjordanie. Et l&rsquo;intention de Donald Trump de nommer Mike Huckabee, proche des milieux isra\u00e9liens pro-colonisation, au poste d&rsquo;ambassadeur des \u00c9tats-Unis en Isra\u00ebl, a galvanis\u00e9 les partisans de l&rsquo;annexion.<\/p>\n\n\n\n<p>R\u00e9p\u00e9tant son soutien \u00e0 une solution \u00e0 deux \u00c9tats, \u00ab&nbsp;<em>avec Isra\u00ebl et la Palestine vivant c\u00f4te-\u00e0-c\u00f4te en paix et s\u00e9curit\u00e9&nbsp;<\/em>\u00bb, Antonio Guterres a d&rsquo;autre part appel\u00e9 \u00e0 un \u00ab&nbsp;<em>effort collectif&nbsp;<\/em>\u00bb pour permettre \u00ab&nbsp;<em>la r\u00e9unification effective de Gaza avec la Cisjordanie, aux niveaux politique, \u00e9conomique, social et administratif<\/em>&nbsp;\u00bb. Une conf\u00e9rence sur le sujet doit d\u2019ailleurs se tenir le 25 juin 2025 \u00e0 New York, co-pr\u00e9sid\u00e9e par la France et l\u2019Arabie saoudite.&nbsp;Maged Abdelaziz, l\u2019ambassadeur de la Ligue des pays arabes aux Nations unies, a rappel\u00e9 que la Cour internationale de justice a demand\u00e9 \u00e0 Isra\u00ebl de mettre fin \u00e0 sa pr\u00e9sence dans les territoires occup\u00e9s.<\/p>\n\n\n\n<p>Antonio Guterres a \u00e9galement salu\u00e9 comme une \u00ab<em>&nbsp;lueur d&rsquo;espoir&nbsp;<\/em>\u00bb l&rsquo;accord de cessez-le-feu entr\u00e9 en vigueur dimanche \u00e0 Gaza en parall\u00e8le de la lib\u00e9ration d&rsquo;otages. \u00ab<em>&nbsp;Maintenant, les parties doivent respecter leurs engagements et appliquer l&rsquo;accord totalement. J&rsquo;appelle les parties \u00e0 assurer que cet accord m\u00e8ne \u00e0 la lib\u00e9ration de tous les otages et \u00e0 un cessez-le-feu permanent \u00e0 Gaza<\/em>&nbsp;, a-t-il ajout\u00e9.&nbsp;Plusieurs pays, comme la Grande-Bretagne, ont exhort\u00e9 Isra\u00ebl \u00e0 ne pas mettre en danger la capacit\u00e9 de l&rsquo;UNRWA \u00e0 fonctionner, ce qui fragiliserait encore plus l\u2019aide apport\u00e9e aux r\u00e9fugi\u00e9s palestiniens.<\/p>\n","protected":false},"excerpt":{"rendered":"<p>Alors que le cessez-le-feu s\u2019est maintenu aujourd\u2019hui entre Isra\u00ebl et le Hamas, apr\u00e8s le premier \u00e9change d\u2019otages contre des prisonniers,<\/p>\n","protected":false},"author":1,"featured_media":8175,"comment_status":"open","ping_status":"open","sticky":false,"template":"","format":"standard","meta":{"footnotes":""},"categories":[51],"tags":[],"class_list":["post-50825","post","type-post","status-publish","format-standard","has-post-thumbnail","hentry","category-general"],"_links":{"self":[{"href":"https:\/\/dekkbi.com\/index.php?rest_route=\/wp\/v2\/posts\/50825","targetHints":{"allow":["GET"]}}],"collection":[{"href":"https:\/\/dekkbi.com\/index.php?rest_route=\/wp\/v2\/posts"}],"about":[{"href":"https:\/\/dekkbi.com\/index.php?rest_route=\/wp\/v2\/types\/post"}],"author":[{"embeddable":true,"href":"https:\/\/dekkbi.com\/index.php?rest_route=\/wp\/v2\/users\/1"}],"replies":[{"embeddable":true,"href":"https:\/\/dekkbi.com\/index.php?rest_route=%2Fwp%2Fv2%2Fcomments&post=50825"}],"version-history":[{"count":1,"href":"https:\/\/dekkbi.com\/index.php?rest_route=\/wp\/v2\/posts\/50825\/revisions"}],"predecessor-version":[{"id":50826,"href":"https:\/\/dekkbi.com\/index.php?rest_route=\/wp\/v2\/posts\/50825\/revisions\/50826"}],"wp:featuredmedia":[{"embeddable":true,"href":"https:\/\/dekkbi.com\/index.php?rest_route=\/wp\/v2\/media\/8175"}],"wp:attachment":[{"href":"https:\/\/dekkbi.com\/index.php?rest_route=%2Fwp%2Fv2%2Fmedia&parent=50825"}],"wp:term":[{"taxonomy":"category","embeddable":true,"href":"https:\/\/dekkbi.com\/index.php?rest_route=%2Fwp%2Fv2%2Fcategories&post=50825"},{"taxonomy":"post_tag","embeddable":true,"href":"https:\/\/dekkbi.com\/index.php?rest_route=%2Fwp%2Fv2%2Ftags&post=50825"}],"curies":[{"name":"wp","href":"https:\/\/api.w.org\/{rel}","templated":true}]}}