{"id":50815,"date":"2025-01-21T10:27:23","date_gmt":"2025-01-21T10:27:23","guid":{"rendered":"https:\/\/dekkbi.com\/?p=50815"},"modified":"2025-01-21T10:27:24","modified_gmt":"2025-01-21T10:27:24","slug":"limmatriculation-des-motos-au-senegal-un-enjeu-majeur","status":"publish","type":"post","link":"https:\/\/dekkbi.com\/?p=50815","title":{"rendered":"L\u2019immatriculation des motos au S\u00e9n\u00e9gal : un enjeu majeur"},"content":{"rendered":"\n<p>Le secteur du transport au S\u00e9n\u00e9gal, particuli\u00e8rement celui des motos, a connu une croissance exponentielle ces derni\u00e8res ann\u00e9es, surtout dans des villes comme Dakar, Kaolack, et d\u2019autres centres urbains. Si les motos offrent une solution rapide et \u00e9conomique face aux d\u00e9fis de mobilit\u00e9, elles sont \u00e9galement au c\u0153ur de nombreux d\u00e9fis en mati\u00e8re de s\u00e9curit\u00e9 routi\u00e8re, d&rsquo;organisation du transport, et de r\u00e9gulation du march\u00e9. Le gouvernement du S\u00e9n\u00e9gal, dans un souci de rationalisation et de s\u00e9curit\u00e9, a mis en place une nouvelle mesure visant l&rsquo;immatriculation des motos et l&rsquo;obtention d&rsquo;un permis de conduire pour les conducteurs. Cependant, cette d\u00e9cision suscite une forte contestation parmi les conducteurs, qui la jugent co\u00fbteuse et mal expliqu\u00e9e.<br><br>Les motos ont fait leur apparition dans le paysage urbain s\u00e9n\u00e9galais d\u00e8s les ann\u00e9es 1990, mais leur utilisation \u00e0 des fins de transport de personnes et de marchandises a v\u00e9ritablement explos\u00e9 au cours des deux derni\u00e8res d\u00e9cennies. \u00c0 l\u2019origine, elles \u00e9taient principalement utilis\u00e9es par des particuliers comme moyen de transport individuel. Cependant, \u00e0 partir des ann\u00e9es 2000, un nouveau ph\u00e9nom\u00e8ne est n\u00e9 : les motos-taxis. Ces motos, principalement utilis\u00e9es pour le transport de passagers, sont devenues une alternative populaire aux taxis traditionnels, en particulier dans des villes comme Dakar et Kaolack, o\u00f9 la circulation est souvent congestionn\u00e9e.<br>\u00c0 Kaolack, ville du centre du pays, les motos ont \u00e9galement r\u00e9pondu \u00e0 un besoin vital : celui de faciliter les d\u00e9placements dans une ville en plein d\u00e9veloppement et dans des zones rurales souvent mal desservies par d\u2019autres moyens de transport. Dans cette r\u00e9gion, les motos ont rapidement \u00e9t\u00e9 adopt\u00e9es pour la livraison de marchandises, donnant naissance \u00e0 un autre mod\u00e8le de transport, plus informel mais tout aussi efficace, connu sous le nom de \u00ab\u00a0tiak tiak\u00a0\u00bb . Ces motos sont devenues les piliers d&rsquo;un secteur en plein essor, o\u00f9 les conducteurs transportent des biens et des colis pour des particuliers ou des entreprises locales.<br><br>Malgr\u00e9 les avantages ind\u00e9niables de cette r\u00e9forme, l&rsquo;introduction de l\u2019immatriculation obligatoire des motos et de l\u2019obligation pour les conducteurs d\u2019obtenir un permis de conduire a rencontr\u00e9 une vive r\u00e9sistance de la part des acteurs du secteur. Plusieurs raisons expliquent cette grogne :<\/p>\n\n\n\n<p><strong>Le co\u00fbt \u00e9lev\u00e9 :<\/strong>\u00a0Le principal reproche des conducteurs concerne le co\u00fbt de l&rsquo;immatriculation, estim\u00e9 \u00e0 28 000 francs CFA. Pour de nombreux conducteurs, notamment ceux des \u00ab\u00a0tiak tiak\u00a0\u00bb, qui ont des revenus modestes, ce montant repr\u00e9sente une charge importante, d&rsquo;autant plus que d&rsquo;autres frais (permis de conduire, assurance, entretien de la moto) viennent s\u2019ajouter. Ils estiment que cette r\u00e9gulation devrait \u00eatre gratuite ou, \u00e0 tout le moins, moins on\u00e9reuse.<\/p>\n\n\n\n<p><strong>Le manque de communication et de sensibilisation<\/strong>\u00a0: Beaucoup de conducteurs ne per\u00e7oivent pas l\u2019utilit\u00e9 imm\u00e9diate de l&rsquo;immatriculation et du permis de conduire. Ils ne sont pas inform\u00e9s des b\u00e9n\u00e9fices \u00e0 long terme de cette mesure, comme une meilleure s\u00e9curit\u00e9 routi\u00e8re, la possibilit\u00e9 de lutter contre les vols, ou encore la l\u00e9gitimit\u00e9 juridique des conducteurs de moto dans leurs activit\u00e9s professionnelles.<\/p>\n\n\n\n<p><strong>Une mauvaise pr\u00e9paration du secteur :<\/strong>\u00a0Le gouvernement n\u2019a pas suffisamment consult\u00e9 les acteurs du secteur, ce qui a conduit \u00e0 un manque de dialogue. Il est essentiel de reconna\u00eetre que les motos de transport ne sont pas toutes utilis\u00e9es de la m\u00eame mani\u00e8re, ce qui n\u00e9cessite une diff\u00e9renciation des mesures selon les types d\u2019usage.<br>Afin de surmonter ces obstacles et de faire accepter la mesure, voici quelques recommandations qui pourraient \u00eatre mises en place par le gouvernement du S\u00e9n\u00e9gal :<\/p>\n\n\n\n<p><strong>1. R\u00e9pertorier les trois types de motos :<\/strong><br>Comme il existe, selon l\u2019usage, trois types de motos au S\u00e9n\u00e9gal\u00a0: celles utilis\u00e9es par des particuliers, celles utilis\u00e9es pour le transport de passagers et celles d\u00e9di\u00e9es \u00e0 la livraison (tiak tiak)\u00a0; il serait pertinent de les identifier distinctement.<br>Une solution pourrait \u00eatre de d\u00e9dier une couleur \u00e0 chaque type de moto en fonction de son usage, comme c\u2019est d\u00e9j\u00e0 le cas pour les taxis (jaune et noir) et les voitures particuli\u00e8res. Cette identification visuelle permettrait de distinguer facilement les motos et d\u2019assurer un meilleur contr\u00f4le des autorit\u00e9s.<\/p>\n\n\n\n<p><strong>2. D\u00e9livrer des licences d\u2019exploitation :<\/strong><br>Les motos destin\u00e9es au transport de passagers ou \u00e0 la livraison devraient b\u00e9n\u00e9ficier d&rsquo;une licence d\u2019exploitation sp\u00e9cifique. Cela permettrait de mieux encadrer ces activit\u00e9s tout en permettant aux conducteurs de travailler dans un cadre l\u00e9gal. Les licences pourraient \u00eatre subordonn\u00e9es \u00e0 des conditions d\u2019assurance et \u00e0 la s\u00e9curit\u00e9 des motos, tout en offrant des tarifs pr\u00e9f\u00e9rentiels pour les professionnels.<\/p>\n\n\n\n<p><strong>3. Faciliter les d\u00e9marches administratives et r\u00e9duire le co\u00fbt :<\/strong><br>Le co\u00fbt de l\u2019immatriculation pourrait \u00eatre r\u00e9vis\u00e9 et un paiement \u00e9chelonn\u00e9 ou subventionn\u00e9 pourrait \u00eatre mis en place, notamment pour les conducteurs \u00e0 faible revenu. Par ailleurs, simplifier les d\u00e9marches administratives et organiser des guichets mobiles dans les zones rurales ou \u00e9loign\u00e9es serait un moyen de rendre l\u2019immatriculation plus accessible.<br>Au-del\u00e0, une strat\u00e9gie de communication cibl\u00e9e est cruciale pour faciliter l\u2019adoption de la mesure.<\/p>\n\n\n\n<ul class=\"wp-block-list\">\n<li>Organiser des campagnes de sensibilisation \u00e0 travers les m\u00e9dias, notamment la radio et la t\u00e9l\u00e9vision, pour expliquer les avantages de l\u2019immatriculation : identification rapide en cas de vol, meilleur contr\u00f4le des accidents, s\u00e9curit\u00e9 routi\u00e8re accrue. Ces campagnes devraient \u00eatre adapt\u00e9es \u00e0 chaque type de public, en mettant en avant les b\u00e9n\u00e9fices sp\u00e9cifiques pour les conducteurs de transport et de livraison.<\/li>\n\n\n\n<li>Dialoguer avec les acteurs du secteur : Cr\u00e9er des espaces de dialogue entre le gouvernement et les conducteurs de motos, ainsi que les organisations professionnelles, pour discuter des pr\u00e9occupations et des solutions pratiques. Une approche participative renforcerait la l\u00e9gitimit\u00e9 de la mesure et apaiserait les tensions.<\/li>\n\n\n\n<li>Une communication de proximit\u00e9 : Mettre en place des agents de proximit\u00e9 qui se rendront directement dans les quartiers, les garages de motos et les zones rurales pour expliquer la proc\u00e9dure d\u2019immatriculation et les avantages li\u00e9s \u00e0 la r\u00e9gulation. Ce contact direct permettra de dissiper les malentendus et de r\u00e9pondre aux pr\u00e9occupations des conducteurs.<\/li>\n\n\n\n<li>Proposer des r\u00e9ductions ou des avantages pour les conducteurs qui immatriculent leur moto dans un d\u00e9lai donn\u00e9, comme des assurances \u00e0 tarifs r\u00e9duits ou des bonifications pour la s\u00e9curit\u00e9 (r\u00e9duction des amendes ou aides pour l\u2019achat d\u2019\u00e9quipements de s\u00e9curit\u00e9).<\/li>\n<\/ul>\n\n\n\n<p>Nous sommes tous d\u2019accord que l\u2019immatriculation des motos et l\u2019obtention d\u2019un permis de conduire pour les conducteurs sont des \u00e9tapes importantes pour la modernisation et la s\u00e9curisation du secteur du transport au S\u00e9n\u00e9gal. Cependant, la r\u00e9ussite de cette r\u00e9forme d\u00e9pend largement de la capacit\u00e9 du gouvernement \u00e0 instaurer un dialogue avec les conducteurs et \u00e0 adapter la mesure \u00e0 la r\u00e9alit\u00e9 du terrain. Une communication transparente et des mesures d\u2019accompagnement, telles que la diff\u00e9renciation des motos par leur usage, la r\u00e9duction des co\u00fbts et des incitations \u00e0 l\u2019immatriculation, seront essentielles pour faire passer cette r\u00e9forme et en garantir le succ\u00e8s.<\/p>\n\n\n\n<p><strong>Souleymane Ly<\/strong><br><strong>Sp\u00e9cialiste en communication<\/strong><br><strong>julesly10@yahoo.fr<\/strong><\/p>\n\n\n\n<p><\/p>\n","protected":false},"excerpt":{"rendered":"<p>Le secteur du transport au S\u00e9n\u00e9gal, particuli\u00e8rement celui des motos, a connu une croissance exponentielle ces derni\u00e8res ann\u00e9es, surtout dans<\/p>\n","protected":false},"author":1,"featured_media":50816,"comment_status":"open","ping_status":"open","sticky":false,"template":"","format":"standard","meta":{"footnotes":""},"categories":[21],"tags":[],"class_list":["post-50815","post","type-post","status-publish","format-standard","has-post-thumbnail","hentry","category-societe"],"_links":{"self":[{"href":"https:\/\/dekkbi.com\/index.php?rest_route=\/wp\/v2\/posts\/50815","targetHints":{"allow":["GET"]}}],"collection":[{"href":"https:\/\/dekkbi.com\/index.php?rest_route=\/wp\/v2\/posts"}],"about":[{"href":"https:\/\/dekkbi.com\/index.php?rest_route=\/wp\/v2\/types\/post"}],"author":[{"embeddable":true,"href":"https:\/\/dekkbi.com\/index.php?rest_route=\/wp\/v2\/users\/1"}],"replies":[{"embeddable":true,"href":"https:\/\/dekkbi.com\/index.php?rest_route=%2Fwp%2Fv2%2Fcomments&post=50815"}],"version-history":[{"count":1,"href":"https:\/\/dekkbi.com\/index.php?rest_route=\/wp\/v2\/posts\/50815\/revisions"}],"predecessor-version":[{"id":50817,"href":"https:\/\/dekkbi.com\/index.php?rest_route=\/wp\/v2\/posts\/50815\/revisions\/50817"}],"wp:featuredmedia":[{"embeddable":true,"href":"https:\/\/dekkbi.com\/index.php?rest_route=\/wp\/v2\/media\/50816"}],"wp:attachment":[{"href":"https:\/\/dekkbi.com\/index.php?rest_route=%2Fwp%2Fv2%2Fmedia&parent=50815"}],"wp:term":[{"taxonomy":"category","embeddable":true,"href":"https:\/\/dekkbi.com\/index.php?rest_route=%2Fwp%2Fv2%2Fcategories&post=50815"},{"taxonomy":"post_tag","embeddable":true,"href":"https:\/\/dekkbi.com\/index.php?rest_route=%2Fwp%2Fv2%2Ftags&post=50815"}],"curies":[{"name":"wp","href":"https:\/\/api.w.org\/{rel}","templated":true}]}}