{"id":50796,"date":"2025-01-21T10:06:17","date_gmt":"2025-01-21T10:06:17","guid":{"rendered":"https:\/\/dekkbi.com\/?p=50796"},"modified":"2025-01-21T10:06:18","modified_gmt":"2025-01-21T10:06:18","slug":"le-cdeps-interdit-dacces-a-la-maison-de-la-presse-sambou-biagui-apporte-sa-replique","status":"publish","type":"post","link":"https:\/\/dekkbi.com\/?p=50796","title":{"rendered":"Le CDEPS interdit d\u2019acc\u00e8s \u00e0 la maison de la presse : Sambou Biagui apporte sa r\u00e9plique"},"content":{"rendered":"\n<p><strong>Apr\u00e8s la sortie du Conseil des Diffuseurs et \u00c9diteurs de la Presse du S\u00e9n\u00e9gal (CDEPS), l\u2019accusant d\u2019avoir interdit l\u2019acc\u00e8s \u00e0 ses membres \u00e0 la Maison de la Presse Babacar Tour\u00e9, pour la tenue d\u2019une conf\u00e9rence de presse hier, lundi 20 janvier 2025, Sambou Biagui s\u2019est d\u00e9fendu par le non-respect des r\u00e8gles administratives requises. Selon le Directeur de la Maison de la Presse Babacar Tour\u00e9, le CDEPS, qui a officiellement saisi la Direction par courrier hier, lundi 20 janvier, pourra tenir sa conf\u00e9rence de presse mercredi prochain.&nbsp;<\/strong><strong>La Coordination des Associations de Presse, stup\u00e9fi\u00e9e, d\u00e9nonce cette interdiction, une premi\u00e8re dans l\u2019histoire de la presse du S\u00e9n\u00e9gal et depuis l\u2019ouverture de la Maison de la Presse en 2014.<\/strong><\/p>\n\n\n\n<p>Dans un communiqu\u00e9 publi\u00e9 apr\u00e8s la sortie du Conseil des Diffuseurs et \u00c9diteurs de la Presse du S\u00e9n\u00e9gal (CDEPS),&nbsp; Sambou Biagui, le Directeur de la Maison de la Presse Babacar Tour\u00e9, apporte sa r\u00e9plique.&nbsp; Il dit&nbsp;<em>\u00abavoir constat\u00e9 avec regret que la conf\u00e9rence de presse, qui \u00e9tait pr\u00e9vue hier, lundi 20 janvier 2025, \u00e0 11h 00 mn, par le Conseil des Diffuseurs et \u00c9diteurs de la Presse du S\u00e9n\u00e9gal (CDEPS), n\u2019a pas pu se tenir dans ses locaux \u00e0 cause du non-respect des proc\u00e9dures administratives requises\u00bb.&nbsp;<\/em>Sambou Biagui explique que,&nbsp;<em>\u00abpour les associations regroupant des professionnels et ou le patronat, il leur est juste demand\u00e9 d\u2019adresser une demande \u00e9crite de mise \u00e0 disposition au Directeur g\u00e9n\u00e9ral pour acc\u00e9der aux salles sans payer\u00bb.<\/em>&nbsp;Pour lui,&nbsp;<em>\u00abce formalisme, qui n\u2019a pas \u00e9t\u00e9 respect\u00e9 par les organisateurs (CDEPS), permet \u00e0 ses services de planifier les activit\u00e9s suivant la disponibilit\u00e9 des espaces\u00bb.<\/em><\/p>\n\n\n\n<p>Ce manquement \u00e9tant corrig\u00e9 par le CDEPS, qui a fait parvenir \u00e0 la Direction une demande \u00e9crite de mise \u00e0 disposition d\u2019une salle, dat\u00e9e du 20 janvier et sign\u00e9 par son pr\u00e9sident, Mamoudou Ibra Kane, la conf\u00e9rence de presse, initialement pr\u00e9vue hier, lundi 20 janvier, va se tenir demain, mercredi 22 janvier \u00e0 11h 00, \u00e0 la Salle de Conf\u00e9rence au rez-de-Chauss\u00e9e. Signalons que dans une note qui nous est parvenue, le Conseil des Diffuseurs et \u00c9diteurs de Presse du S\u00e9n\u00e9gal (CDEPS) sollicite, aupr\u00e8s de Sambou Biagui, une salle pour la tenue d\u2019un point de presse ce mercredi 22 janvier 2025 \u00e0 la Maison de la Presse Babacar Tour\u00e9. Il annonce que le point de presse est pr\u00e9vu \u00e0 11h00 pr\u00e9cises et ne devrait exc\u00e9der 13h30. Il est ouvert aux m\u00e9dias nationaux et aux correspondants de la presse \u00e9trang\u00e8re repr\u00e9sent\u00e9e au S\u00e9n\u00e9gal.<\/p>\n\n\n\n<p><strong>La CAP exprime son indignation<\/strong><\/p>\n\n\n\n<p>La Coordination des Associations de Presse (CAP) se dit stup\u00e9fi\u00e9e par la mesure d\u2019interdiction inflig\u00e9e au Conseil des Diffuseurs et \u00c9diteurs de Presse du S\u00e9n\u00e9gal (CDEPS) d\u2019acc\u00e9der \u00e0 la Maison de la Presse Babacar Tour\u00e9.&nbsp;<em>\u00abPour la premi\u00e8re fois dans l\u2019histoire de la presse du S\u00e9n\u00e9gal et depuis l\u2019ouverture de la Maison de la Presse en 2014, une association fa\u00eeti\u00e8re reconnue par les pairs, est interdit d\u2019y tenir une activit\u00e9 de communication\u00bb<\/em>, souligne-t-elle. Selon la CAP, &nbsp;la Maison de la Presse Babacar Tour\u00e9, est le refuge naturel des journalistes et acteurs des m\u00e9dias.&nbsp;<em>\u00abSi un journaliste ou technicien des m\u00e9dias est inqui\u00e9t\u00e9, il a le droit d\u2019aller s\u2019y refugier, comme s\u2019il \u00e9tait dans l\u2019ambassade de son pays \u00e0 l\u2019\u00e9tranger. En somme, elle repr\u00e9sente pour la profession un sanctuaire de la libert\u00e9 de la presse\u00bb<\/em>, insiste la CAP<em>.<\/em><\/p>\n\n\n\n<p>Pour preuve, elle rappelle qu\u2019<em>\u00abentre 2022 et 2023, toutes les activit\u00e9s hostiles \u00e0 l\u2019ancien pouvoir, pour d\u00e9noncer les arrestations, emprisonnements et tentatives de musellement des m\u00e9dias, ont \u00e9t\u00e9 organis\u00e9es \u00e0 la Maison de la Presse. En effet, nous y avons tenu des points de presse, des conf\u00e9rences de presse, des veill\u00e9es nocturnes et m\u00eame des sit-in \u00e0 l\u2019initiative d\u2019une ou des associations de presse\u00bb.\u00a0<\/em>La Coordination des Associations de Presse trouve que,\u00a0<em>\u00abla Maison de la Presse doit \u00eatre au-dessus des clivages partisans de toute sorte et la profession ne saurait s\u2019accommoder \u00e0 une tentative de politisation\u00bb.<\/em>\u00a0Aussi ces associations faiti\u00e8res qui composent la CAP d\u00e9noncent-elles, \u00e0 l\u2019unanimit\u00e9, cette interdiction faite au CDEPS.<\/p>\n\n\n\n<p>SOURCE SUDQUOTIDIEN<\/p>\n\n\n\n<p><\/p>\n","protected":false},"excerpt":{"rendered":"<p>Apr\u00e8s la sortie du Conseil des Diffuseurs et \u00c9diteurs de la Presse du S\u00e9n\u00e9gal (CDEPS), l\u2019accusant d\u2019avoir interdit l\u2019acc\u00e8s \u00e0<\/p>\n","protected":false},"author":1,"featured_media":50797,"comment_status":"open","ping_status":"open","sticky":false,"template":"","format":"standard","meta":{"footnotes":""},"categories":[26],"tags":[],"class_list":["post-50796","post","type-post","status-publish","format-standard","has-post-thumbnail","hentry","category-fait-divers"],"_links":{"self":[{"href":"https:\/\/dekkbi.com\/index.php?rest_route=\/wp\/v2\/posts\/50796","targetHints":{"allow":["GET"]}}],"collection":[{"href":"https:\/\/dekkbi.com\/index.php?rest_route=\/wp\/v2\/posts"}],"about":[{"href":"https:\/\/dekkbi.com\/index.php?rest_route=\/wp\/v2\/types\/post"}],"author":[{"embeddable":true,"href":"https:\/\/dekkbi.com\/index.php?rest_route=\/wp\/v2\/users\/1"}],"replies":[{"embeddable":true,"href":"https:\/\/dekkbi.com\/index.php?rest_route=%2Fwp%2Fv2%2Fcomments&post=50796"}],"version-history":[{"count":1,"href":"https:\/\/dekkbi.com\/index.php?rest_route=\/wp\/v2\/posts\/50796\/revisions"}],"predecessor-version":[{"id":50798,"href":"https:\/\/dekkbi.com\/index.php?rest_route=\/wp\/v2\/posts\/50796\/revisions\/50798"}],"wp:featuredmedia":[{"embeddable":true,"href":"https:\/\/dekkbi.com\/index.php?rest_route=\/wp\/v2\/media\/50797"}],"wp:attachment":[{"href":"https:\/\/dekkbi.com\/index.php?rest_route=%2Fwp%2Fv2%2Fmedia&parent=50796"}],"wp:term":[{"taxonomy":"category","embeddable":true,"href":"https:\/\/dekkbi.com\/index.php?rest_route=%2Fwp%2Fv2%2Fcategories&post=50796"},{"taxonomy":"post_tag","embeddable":true,"href":"https:\/\/dekkbi.com\/index.php?rest_route=%2Fwp%2Fv2%2Ftags&post=50796"}],"curies":[{"name":"wp","href":"https:\/\/api.w.org\/{rel}","templated":true}]}}