{"id":50780,"date":"2025-01-21T09:47:32","date_gmt":"2025-01-21T09:47:32","guid":{"rendered":"https:\/\/dekkbi.com\/?p=50780"},"modified":"2025-01-21T09:47:32","modified_gmt":"2025-01-21T09:47:32","slug":"barrage-daffignam-des-populations-reclament-louverture-dune-embouchure-pour-sauver-leurs-rizieres","status":"publish","type":"post","link":"https:\/\/dekkbi.com\/?p=50780","title":{"rendered":"Barrage d\u2019Affignam: des populations r\u00e9clament l\u2019ouverture d\u2019une embouchure pour sauver leurs rizi\u00e8res"},"content":{"rendered":"\n<p>Affignam, (APS) \u2013 Des populations regroup\u00e9es autour d\u2019un cadre de concertation sur le barrage d\u2019Affignam, dans le d\u00e9partement de Bignona (sud), r\u00e9clament l\u2019ouverture d\u2019une embouchure pour sauver leurs rizi\u00e8res impact\u00e9es par la construction de cet ouvrage anti-sel.\u00a0<\/p>\n\n\n\n<p>Elles ont organis\u00e9, dimanche \u00e0 Affignam, dans la commune de Mangagoulac, une mobilisation pour d\u00e9noncer l\u2019impact de ce barrage anti-sel dont la pose de la premi\u00e8re pierre avait \u00e9t\u00e9 faite le 8 mai 1983 par l\u2019ancien pr\u00e9sident de la R\u00e9publique Abdou Diouf.<\/p>\n\n\n\n<p>L\u2019ouvrage hydro-agricole avait \u00e9t\u00e9 r\u00e9habilit\u00e9 en 2020 par le gouvernement de la R\u00e9publique de Chine pour permettre l\u2019am\u00e9nagement des terres dans cette zone.<\/p>\n\n\n\n<p>\u00ab&nbsp;Nous avons sonn\u00e9 la mobilisation pour exprimer notre amertume et d\u00e9noncer les difficult\u00e9s que les populations du village d\u2019Affignam en particulier et du d\u00e9partement de Bignona en g\u00e9n\u00e9ral rencontrent depuis l\u2019installation du barrage. Nos rizi\u00e8res ne produisent plus, nos puits n\u2019ont plus d\u2019eau, nos terres devenues arides, nos arbres, tout comme la mangrove ont disparu&nbsp;\u00bb, a d\u00e9plor\u00e9 le porte-parole des populations, D\u00e8me Diatta.<\/p>\n\n\n\n<p>\u00ab&nbsp;Le barrage est en train de nous causer beaucoup de tort. Depuis 40 ans, nous vivons un mal. Et pour cause, nous n\u2019avons plus de poissons dans le d\u00e9partement de Bignona&nbsp;\u00bb, a-t-il ajout\u00e9.<\/p>\n\n\n\n<p>D\u2019apr\u00e8s lui, \u00ab&nbsp;la construction du barrage d\u2019Affignam a beaucoup impact\u00e9 la vie des populations et les cons\u00e9quences qu\u2019il a entrain\u00e9es sont \u00e0 la fois n\u00e9fastes et incommensurables&nbsp;\u00bb.<\/p>\n\n\n\n<p>M. Diatta dit avoir interpel\u00e9 le chef de l\u2019Etat et le Premier ministre sur le fait que le barrage \u00ab&nbsp;n\u2019a plus d\u2019utilit\u00e9&nbsp;\u00bb pour les populations locales.<\/p>\n\n\n\n<p>\u00ab&nbsp;Nous plaidons pour la construction d\u2019un pont \u00e0 c\u00f4t\u00e9 de ce barrage d\u2019Affignam qui va nous permettre d\u2019avoir une mar\u00e9e haute et une mar\u00e9e basse et des poissons&nbsp;\u00bb, a-t-il dit.<\/p>\n\n\n\n<p>Bilaly Keita, le directeur du barrage d\u2019Affignam, a reconnu que la construction de cet ouvrage est aujourd\u2019hui \u00e0 l\u2019origine de nombreux d\u00e9sagr\u00e9ments.&nbsp;<\/p>\n\n\n\n<p>N\u00e9anmoins, a-t-il indiqu\u00e9, l\u2019Etat a mis en place des programmes et projets dans la vall\u00e9e de Bignona.<\/p>\n\n\n\n<p>\u00ab&nbsp;C\u2019est le cas du projet PROVAL-CV qui est en train de faire des am\u00e9nagements dans la vall\u00e9e et d\u2019ici juin 2025, nous aurons les premiers am\u00e9nagements&nbsp;\u00bb, a rassur\u00e9 M. Keita, reconnaissant que le barrage d\u2019Affignam est d\u2019abord un ouvrage anti-sel qui joue pleinement son r\u00f4le.<\/p>\n\n\n\n<p>Toutefois, a-t-il dit, \u00ab&nbsp;les immenses potentialit\u00e9s de la vall\u00e9e de Bignona ne sont pas exploit\u00e9es par les producteurs&nbsp;\u00bb.<\/p>\n\n\n\n<p>\u00ab&nbsp;Il appartient \u00e0 la population de mettre en valeur ces superficies laiss\u00e9es en friche pour encourager l\u2019Etat qui a mis en place les infrastructures secondaires, les intrants, le mat\u00e9riel agricole et des structures d\u2019accompagnement, \u00e0 faire plus et mieux&nbsp;\u00bb, a plaid\u00e9 Bilaly Keita.<\/p>\n","protected":false},"excerpt":{"rendered":"<p>Affignam, (APS) \u2013 Des populations regroup\u00e9es autour d\u2019un cadre de concertation sur le barrage d\u2019Affignam, dans le d\u00e9partement de Bignona<\/p>\n","protected":false},"author":1,"featured_media":50781,"comment_status":"open","ping_status":"open","sticky":false,"template":"","format":"standard","meta":{"footnotes":""},"categories":[3],"tags":[],"class_list":["post-50780","post","type-post","status-publish","format-standard","has-post-thumbnail","hentry","category-event-more-news"],"_links":{"self":[{"href":"https:\/\/dekkbi.com\/index.php?rest_route=\/wp\/v2\/posts\/50780","targetHints":{"allow":["GET"]}}],"collection":[{"href":"https:\/\/dekkbi.com\/index.php?rest_route=\/wp\/v2\/posts"}],"about":[{"href":"https:\/\/dekkbi.com\/index.php?rest_route=\/wp\/v2\/types\/post"}],"author":[{"embeddable":true,"href":"https:\/\/dekkbi.com\/index.php?rest_route=\/wp\/v2\/users\/1"}],"replies":[{"embeddable":true,"href":"https:\/\/dekkbi.com\/index.php?rest_route=%2Fwp%2Fv2%2Fcomments&post=50780"}],"version-history":[{"count":1,"href":"https:\/\/dekkbi.com\/index.php?rest_route=\/wp\/v2\/posts\/50780\/revisions"}],"predecessor-version":[{"id":50782,"href":"https:\/\/dekkbi.com\/index.php?rest_route=\/wp\/v2\/posts\/50780\/revisions\/50782"}],"wp:featuredmedia":[{"embeddable":true,"href":"https:\/\/dekkbi.com\/index.php?rest_route=\/wp\/v2\/media\/50781"}],"wp:attachment":[{"href":"https:\/\/dekkbi.com\/index.php?rest_route=%2Fwp%2Fv2%2Fmedia&parent=50780"}],"wp:term":[{"taxonomy":"category","embeddable":true,"href":"https:\/\/dekkbi.com\/index.php?rest_route=%2Fwp%2Fv2%2Fcategories&post=50780"},{"taxonomy":"post_tag","embeddable":true,"href":"https:\/\/dekkbi.com\/index.php?rest_route=%2Fwp%2Fv2%2Ftags&post=50780"}],"curies":[{"name":"wp","href":"https:\/\/api.w.org\/{rel}","templated":true}]}}