{"id":50776,"date":"2025-01-21T09:40:44","date_gmt":"2025-01-21T09:40:44","guid":{"rendered":"https:\/\/dekkbi.com\/?p=50776"},"modified":"2025-01-21T09:41:05","modified_gmt":"2025-01-21T09:41:05","slug":"administration-publique-le-premier-ministre-sengage-a-mener-vaille-que-vaille-les-reformes","status":"publish","type":"post","link":"https:\/\/dekkbi.com\/?p=50776","title":{"rendered":"Administration publique : le Premier ministre s\u2019engage \u00e0 mener \u2018\u2019vaille que vaille\u2019\u2019 les r\u00e9formes"},"content":{"rendered":"\n<p>Diamniadio,  (APS) \u2013 Le Premier ministre a assur\u00e9 les usagers des services publics, lundi, \u00e0 Diamniadio (ouest), de sa d\u00e9termination \u00e0 mener \u2018\u2019vaille que vaille\u2019\u2019 les r\u00e9formes attendues, m\u00eame s\u2019il reconna\u00eet que la transformation vis\u00e9e ne sera pas ais\u00e9e.<\/p>\n\n\n\n<p>\u2018\u2019Les ruptures que nous voulons voir advenir nous demanderont beaucoup d\u2019efforts\u2019\u2019, a tenu \u00e0 pr\u00e9ciser d\u2019abord Ousmane Sonko, lors de la cl\u00f4ture de la conf\u00e9rence des administrateurs et managers publics, en pr\u00e9sence de centaines de personnes, dont des membres du gouvernement, des directeurs g\u00e9n\u00e9raux et des membres de conseils d\u2019administration de soci\u00e9t\u00e9s nationales, de fonctionnaires et d\u2019agents du secteur parapublic.<\/p>\n\n\n\n<p>Devant eux, le Premier ministre a relev\u00e9 \u2018\u2019une pr\u00e9valence et une persistance nocives des pratiques malsaines de corruption, de d\u00e9tournements\u2019\u2019, etc., au sein de l\u2019Administration publique s\u00e9n\u00e9galaise.<\/p>\n\n\n\n<p>Il a signal\u00e9, parmi les d\u00e9fauts des secteurs public et parapublic du pays, l\u2019\u2018\u2019absence d\u2019une vision et d\u2019une direction strat\u00e9gique claires et partag\u00e9es pour une administration au service du d\u00e9veloppement et, notamment, d\u2019un secteur priv\u00e9 productif et conqu\u00e9rant\u2019\u2019.<\/p>\n\n\n\n<p><strong>\u2018\u2019Mon gouvernement agira avec toute l\u2019\u00e9nergie n\u00e9cessaire\u2019\u2019<\/strong><\/p>\n\n\n\n<p>Le but de la conf\u00e9rence des administrateurs et managers publics \u00e9tant de \u2018\u2019renforcer la coh\u00e9rence et l\u2019efficacit\u00e9 de l\u2019action publique\u2019\u2019, dans le contexte qu\u2019il a d\u00e9j\u00e0 d\u00e9crit, M. Sonko estime qu\u2019\u2018\u2019il est urgent que notre gouvernement et notre administration s\u2019ajustent\u2019\u2019.<\/p>\n\n\n\n<p>\u2018\u2019Cependant, a-t-il signal\u00e9, nous sommes conscients que cette transformation ne sera pas ais\u00e9e au regard de l\u2019histoire, des habitudes et de leurs cons\u00e9quences.\u2019\u2019 \u2018\u2019Et pourtant, a soutenu le Premier ministre, nous devrons r\u00e9aliser cette transformation. La r\u00e9aliser co\u00fbte que co\u00fbte, vaille que vaille.\u2019\u2019<\/p>\n\n\n\n<p>\u2018\u2019Pour y parvenir, je veillerai personnellement, avec mon gouvernement, \u00e0 la mise en place du cadre de gouvernance du changement, \u00e0 la neutralisation des obstacles au changement et au respect strict de la d\u00e9ontologie\u2019\u2019, a-t-il assur\u00e9.<\/p>\n\n\n\n<p>Ousmane Sonko estime, pour l\u2019atteinte des objectifs de la conf\u00e9rence des administrateurs et managers publics, qu\u2019\u2018\u2019il nous faudra (\u2026) identifier, combattre et neutraliser les obstacles au changement\u2019\u2019.<\/p>\n\n\n\n<p>\u2018\u2019Toutes les tentatives de r\u00e9forme, de transformation syst\u00e9mique des structures et de l\u2019infrastructure de l\u2019\u00c9tat se sont toujours sold\u00e9es par des \u00e9checs, en totalit\u00e9 ou en partie. La faute certainement \u00e0 la faiblesse des volont\u00e9s politiques qui les ont port\u00e9es\u2019\u2019, a-t-il d\u00e9clar\u00e9.&nbsp;<\/p>\n\n\n\n<p>\u2018\u2019Mais la faute aussi et surtout aux vives r\u00e9ticences au changement, au conservatisme bureaucratique et aux lobbies de pr\u00e9servation d\u2019int\u00e9r\u00eats de groupes professionnels ou occultes\u2019\u2019, a poursuivi le chef du gouvernement.<\/p>\n\n\n\n<p>Il s\u2019est engag\u00e9 \u00e0 faire en sorte que l\u2019\u2018\u2019administration suive le processus enclench\u00e9 dans la plus stricte discipline\u2019\u2019. \u2018\u2019Le contraire conforterait l\u2019id\u00e9e, souvent \u00e9mise, de la pr\u00e9sence \u00e0 c\u00f4t\u00e9 de l\u2019\u00c9tat apparent, d\u2019un \u00c9tat profond et souterrain, d\u2019une hi\u00e9rarchie parall\u00e8le et informelle, qui d\u00e9tiendrait secr\u00e8tement le pouvoir d\u00e9cisionnel, survivant aux alternances politiques\u2026\u2019\u2019<\/p>\n\n\n\n<p>\u2018\u2019Mon gouvernement agira avec toute l\u2019\u00e9nergie n\u00e9cessaire, contre toute entrave vicieuse au processus de transformation\u2019\u2019, a promis Ousmane Sonko, exhortant les administrateurs et les managers publics \u2018\u2019\u00e0 bannir et \u00e0 combattre radicalement toute forme de d\u00e9viance et manquement \u00e0 l\u2019\u00e9thique et la d\u00e9ontologie\u2019\u2019.<\/p>\n\n\n\n<p><strong>Des \u2018\u2019services publics complexes et co\u00fbteux\u2019\u2019<\/strong><\/p>\n\n\n\n<p>\u2018\u2019Je voudrais vous confirmer que, depuis le 24 mars 2024, avec l\u2019\u00e9lection du pr\u00e9sident Bassirou Diomaye Faye, nous sommes entr\u00e9s d\u00e9sormais dans l\u2019\u00e8re de la tol\u00e9rance z\u00e9ro, aussi bien pour la d\u00e9tection que pour la sanction de ces pratiques occultes, conform\u00e9ment \u00e0 nos engagements en mati\u00e8re de reddition des comptes devant le peuple\u2026\u2019\u2019<\/p>\n\n\n\n<p>Il estime que \u2018\u2019le renouveau du S\u00e9n\u00e9gal passe par une Administration publique efficace, capable de d\u00e9construire les mauvais choix, de remettre en cause les agencements organisationnels et d\u2019inscrire son action dans une dynamique de performance, le tout dans un cadre institutionnel moderne\u2019\u2019.<\/p>\n\n\n\n<p>En intervenant \u00e0 l\u2019ouverture de la conf\u00e9rence, le pr\u00e9sident de la R\u00e9publique a relev\u00e9 plusieurs faiblesses de l\u2019Administration publique.<\/p>\n\n\n\n<p>Bassirou Diomaye Faye a parl\u00e9 d\u2019une administration \u2018\u2019fig\u00e9e dans des sch\u00e9mas\u2019\u2019 h\u00e9rit\u00e9s de l\u2019histoire coloniale, d\u2019un \u2018\u2019secteur parapublic hypertrophi\u00e9\u2019\u2019, de \u2018\u2019services publics complexes et co\u00fbteux\u2019\u2019, etc.<\/p>\n\n\n\n<p>ESF\/OID<\/p>\n","protected":false},"excerpt":{"rendered":"<p>Diamniadio, (APS) \u2013 Le Premier ministre a assur\u00e9 les usagers des services publics, lundi, \u00e0 Diamniadio (ouest), de sa d\u00e9termination<\/p>\n","protected":false},"author":1,"featured_media":50777,"comment_status":"open","ping_status":"open","sticky":false,"template":"","format":"standard","meta":{"footnotes":""},"categories":[6],"tags":[],"class_list":["post-50776","post","type-post","status-publish","format-standard","has-post-thumbnail","hentry","category-politics"],"_links":{"self":[{"href":"https:\/\/dekkbi.com\/index.php?rest_route=\/wp\/v2\/posts\/50776","targetHints":{"allow":["GET"]}}],"collection":[{"href":"https:\/\/dekkbi.com\/index.php?rest_route=\/wp\/v2\/posts"}],"about":[{"href":"https:\/\/dekkbi.com\/index.php?rest_route=\/wp\/v2\/types\/post"}],"author":[{"embeddable":true,"href":"https:\/\/dekkbi.com\/index.php?rest_route=\/wp\/v2\/users\/1"}],"replies":[{"embeddable":true,"href":"https:\/\/dekkbi.com\/index.php?rest_route=%2Fwp%2Fv2%2Fcomments&post=50776"}],"version-history":[{"count":1,"href":"https:\/\/dekkbi.com\/index.php?rest_route=\/wp\/v2\/posts\/50776\/revisions"}],"predecessor-version":[{"id":50778,"href":"https:\/\/dekkbi.com\/index.php?rest_route=\/wp\/v2\/posts\/50776\/revisions\/50778"}],"wp:featuredmedia":[{"embeddable":true,"href":"https:\/\/dekkbi.com\/index.php?rest_route=\/wp\/v2\/media\/50777"}],"wp:attachment":[{"href":"https:\/\/dekkbi.com\/index.php?rest_route=%2Fwp%2Fv2%2Fmedia&parent=50776"}],"wp:term":[{"taxonomy":"category","embeddable":true,"href":"https:\/\/dekkbi.com\/index.php?rest_route=%2Fwp%2Fv2%2Fcategories&post=50776"},{"taxonomy":"post_tag","embeddable":true,"href":"https:\/\/dekkbi.com\/index.php?rest_route=%2Fwp%2Fv2%2Ftags&post=50776"}],"curies":[{"name":"wp","href":"https:\/\/api.w.org\/{rel}","templated":true}]}}