{"id":50769,"date":"2025-01-21T09:33:15","date_gmt":"2025-01-21T09:33:15","guid":{"rendered":"https:\/\/dekkbi.com\/?p=50769"},"modified":"2025-01-21T09:36:31","modified_gmt":"2025-01-21T09:36:31","slug":"modernisation-de-ladministration-publique-le-president-bassirou-diomaye-faye-annonce-le-lancement-dun-new-deal-technologique","status":"publish","type":"post","link":"https:\/\/dekkbi.com\/?p=50769","title":{"rendered":"Modernisation de l\u2019administration publique\u00a0: Le Pr\u00e9sident Bassirou Diomaye Faye annonce le lancement d\u2019un New deal technologique"},"content":{"rendered":"\n<p><strong>Dans son allocution de ce lundi, \u00e0 l\u2019occasion de la premi\u00e8re Conf\u00e9rence des administrateurs et managers du publics camp), le pr\u00e9sident de la R\u00e9publique, Bassirou Diomaye Faye, a pos\u00e9 les bases d\u2019une r\u00e9forme ambitieuse pour moderniser le secteur public et am\u00e9liorer la gouvernance du pays. Insistant sur l\u2019importance de la transformation num\u00e9rique, il a exprim\u00e9 son d\u00e9sir de rendre les administrations plus transparentes, plus accessibles et plus efficaces.<\/strong><\/p>\n\n\n\n<p>\u00ab Le temps est \u00e9galement venu d\u2019acc\u00e9l\u00e9rer la transformation num\u00e9rique de nos administrations. La d\u00e9mat\u00e9rialisation des formalit\u00e9s et leur accessibilit\u00e9 simplifi\u00e9e repr\u00e9sentent des gages de transparence et de bonne gouvernance \u00bb, a-t-il notamment d\u00e9clar\u00e9. Cette prise de position met en lumi\u00e8re la volont\u00e9 du pr\u00e9sident de tirer parti des technologies de l\u2019information et de la communication pour r\u00e9inventer la relation entre les citoyens et l\u2019administration publique.<\/p>\n\n\n\n<p>En ligne avec cet objectif, M. Faye a charg\u00e9 le Premier ministre, chef du gouvernement, de lancer une r\u00e9forme cruciale portant sur les syst\u00e8mes de gestion des finances publiques. L\u2019int\u00e9gration de syst\u00e8mes d\u2019information financi\u00e8re de l\u2019\u00c9tat vise \u00e0 moderniser la gestion des fonds publics, \u00e0 assurer un meilleur contr\u00f4le des d\u00e9penses et \u00e0 favoriser une plus grande transparence dans l\u2019utilisation des ressources nationales.<\/p>\n\n\n\n<p>Mais le v\u00e9ritable point d\u2019orgue de cette d\u00e9claration est le lancement du \u00ab New Deal technologique \u00bb, pr\u00e9vu pour le 24 f\u00e9vrier 2025. Ce projet ambitieux a pour objectif de donner au service public une nouvelle dimension, plus moderne, plus r\u00e9active et plus tourn\u00e9e vers l\u2019avenir. \u00ab Ce New Deal technologique nous permettra de b\u00e2tir un service public moderne, agile et tourn\u00e9 vers l\u2019avenir \u00bb, a ajout\u00e9 le Pr\u00e9sident Faye, soulignant que cette transformation est essentielle pour pr\u00e9parer le pays aux d\u00e9fis du XXIe si\u00e8cle.<\/p>\n\n\n\n<p>Le \u00ab New deal technologique \u00bb s\u2019inscrit dans une vision \u00e0 long terme visant \u00e0 am\u00e9liorer l\u2019efficacit\u00e9 des services publics tout en r\u00e9pondant aux attentes des citoyens. En favorisant la digitalisation des d\u00e9marches administratives, le Pr\u00e9sident Faye entend simplifier l\u2019acc\u00e8s des citoyens aux services de l\u2019\u00c9tat et renforcer<\/p>\n\n\n\n<p><strong>Salla GUEYE et Moussa SOW (Photo)<\/strong><\/p>\n\n\n\n<p>LESOLEIL<\/p>\n","protected":false},"excerpt":{"rendered":"<p>Dans son allocution de ce lundi, \u00e0 l\u2019occasion de la premi\u00e8re Conf\u00e9rence des administrateurs et managers du publics camp), le<\/p>\n","protected":false},"author":1,"featured_media":50770,"comment_status":"open","ping_status":"open","sticky":false,"template":"","format":"standard","meta":{"footnotes":""},"categories":[6],"tags":[],"class_list":["post-50769","post","type-post","status-publish","format-standard","has-post-thumbnail","hentry","category-politics"],"_links":{"self":[{"href":"https:\/\/dekkbi.com\/index.php?rest_route=\/wp\/v2\/posts\/50769","targetHints":{"allow":["GET"]}}],"collection":[{"href":"https:\/\/dekkbi.com\/index.php?rest_route=\/wp\/v2\/posts"}],"about":[{"href":"https:\/\/dekkbi.com\/index.php?rest_route=\/wp\/v2\/types\/post"}],"author":[{"embeddable":true,"href":"https:\/\/dekkbi.com\/index.php?rest_route=\/wp\/v2\/users\/1"}],"replies":[{"embeddable":true,"href":"https:\/\/dekkbi.com\/index.php?rest_route=%2Fwp%2Fv2%2Fcomments&post=50769"}],"version-history":[{"count":1,"href":"https:\/\/dekkbi.com\/index.php?rest_route=\/wp\/v2\/posts\/50769\/revisions"}],"predecessor-version":[{"id":50771,"href":"https:\/\/dekkbi.com\/index.php?rest_route=\/wp\/v2\/posts\/50769\/revisions\/50771"}],"wp:featuredmedia":[{"embeddable":true,"href":"https:\/\/dekkbi.com\/index.php?rest_route=\/wp\/v2\/media\/50770"}],"wp:attachment":[{"href":"https:\/\/dekkbi.com\/index.php?rest_route=%2Fwp%2Fv2%2Fmedia&parent=50769"}],"wp:term":[{"taxonomy":"category","embeddable":true,"href":"https:\/\/dekkbi.com\/index.php?rest_route=%2Fwp%2Fv2%2Fcategories&post=50769"},{"taxonomy":"post_tag","embeddable":true,"href":"https:\/\/dekkbi.com\/index.php?rest_route=%2Fwp%2Fv2%2Ftags&post=50769"}],"curies":[{"name":"wp","href":"https:\/\/api.w.org\/{rel}","templated":true}]}}