{"id":50766,"date":"2025-01-21T09:30:42","date_gmt":"2025-01-21T09:30:42","guid":{"rendered":"https:\/\/dekkbi.com\/?p=50766"},"modified":"2025-01-21T09:30:43","modified_gmt":"2025-01-21T09:30:43","slug":"cem-khar-ndoffene-diouf-le-premier-college-de-fatick-rattrape-par-lage","status":"publish","type":"post","link":"https:\/\/dekkbi.com\/?p=50766","title":{"rendered":"CEM Khar Ndoff\u00e8ne Diouf: Le premier coll\u00e8ge de Fatick rattrap\u00e9 par l\u2019\u00e2ge"},"content":{"rendered":"\n<p>Premier coll\u00e8ge de la r\u00e9gion de Fatick, construit en 1962, le Coll\u00e8ge d\u2019enseignement moyen (Cem) Khar Ndoff\u00e8ne Diouf souffre de v\u00e9tust\u00e9. Mais l\u2019\u00e9tablissement, m\u00eame s\u2019il a perdu son lustre d\u2019antan, se distingue par ses bons r\u00e9sultats.<\/p>\n\n\n\n<p>Le visage joyeux qu\u2019offrait le Coll\u00e8ge d\u2019enseignement moyen (Cem) Khar Ndoff\u00e8ne Diouf, il y a des ann\u00e9es en arri\u00e8re, n\u2019est plus qu\u2019un souvenir pour nombre de Fatickois. Les b\u00e2timents de l\u2019\u00e9tablissement, \u00e9rig\u00e9 en 1962, rappellent l\u2019architecture coloniale, avec leur belle configuration et d\u00e9corations sur les murs. Mais, pour certains, ce qui faisait le charme de l\u2019\u00e9cole, c\u2019\u00e9tait la piste \u00e9tablie \u00e0 l\u2019int\u00e9rieur de l\u2019\u00e9tablissement, compl\u00e8tement d\u00e9labr\u00e9e aujourd\u2019hui. Dans son bureau, Moussa Diouf, en bon chef d\u2019\u00e9tablissement, est tr\u00e8s actif.<\/p>\n\n\n\n<p>Les sollicitations fusent de partout, en t\u00e9moignent les coups de fil. Bien que trop pris, M. Diouf s\u2019est tout de m\u00eame prononc\u00e9 sur l\u2019\u00e9tat du coll\u00e8ge. Les mots sortis de sa bouche en disent long sur la n\u00e9cessit\u00e9 de venir \u00e0 la rescousse. \u00ab\u2009Les conditions de travail ne sont pas faciles. On fournit \u00e9norm\u00e9ment d\u2019efforts pour y arriver. Au-del\u00e0 des effectifs pl\u00e9thoriques, la v\u00e9tust\u00e9 de l\u2019\u00e9cole et tant d\u2019autres probl\u00e8mes nous pr\u00e9occupent\u2009\u00bb, confie-t-il. Des effectifs pl\u00e9thoriques Des salles surpeupl\u00e9es. Tel est le quotidien auquel font face les enseignants du Cem Khar Ndoff\u00e8ne Diouf. Certaines classes accueillent plus de 60 \u00e9l\u00e8ves.<\/p>\n\n\n\n<p>La salle de documentation informatique est souvent transform\u00e9e en lieu d\u2019apprentissage. Pour un effectif total de plus de 1500 \u00e9l\u00e8ves, l\u2019\u00e9tablissement ne compte que 18 salles physiques alors que les classes p\u00e9dagogiques sont au nombre de 24. Les classes de 5e se trouvent en situation de nomades. L\u2019ann\u00e9e derni\u00e8re, pour all\u00e9ger le fardeau, la direction du Cem \u00e9tait oblig\u00e9e d\u2019emprunter une salle \u00e0 l\u2019\u00e9cole \u00e9l\u00e9mentaire Khaly Niang pour les cours. Un cadre peu propice aux apprentissages En outre, l\u2019environnement dans lequel se trouve l\u2019\u00e9cole reste un v\u00e9ritable casse-t\u00eate. Au-del\u00e0 des vieux b\u00e2timents, le cadre de travail pose aussi un s\u00e9rieux probl\u00e8me. La fourniture d\u2019\u00e9lectricit\u00e9 est d\u00e9fectueuse et les toilettes sont dans un \u00e9tat repoussant. D\u00e9j\u00e0, les anciennes toilettes sont aujourd\u2019hui ferm\u00e9es.<\/p>\n\n\n\n<p>Heureusement que celles construites par les pionniers de l\u2019\u00e9cole sont l\u00e0 pour sauver les meubles. Mais, c\u2019est loin d\u2019\u00eatre suffisant. M\u00eame au niveau de l\u2019administration, les toilettes ne sont pas commodes. Les infrastructures sportives ne sont pas aussi en reste. Le terrain multifonctionnel, comme le t\u00e9moigne le Principal, ne remplit presque plus les conditions requises pour les activit\u00e9s sportives. La situation du Cem est devenue une pr\u00e9occupation majeure pour les parents d\u2019\u00e9l\u00e8ves. Boubacar Dieng, enseignant \u00e0 la retraite, qui dirige l\u2019association r\u00e9gionale des parents d\u2019\u00e9l\u00e8ves de Fatick, note que le probl\u00e8me des infrastructures scolaires dans la r\u00e9gion de Fatick est g\u00e9n\u00e9ral.<\/p>\n\n\n\n<p>Les effectifs pl\u00e9thoriques tout comme la v\u00e9tust\u00e9 des classes sont le lot quotidien de tous les coll\u00e8ges et lyc\u00e9es de la r\u00e9gion. S\u2019y ajoute l\u2019existence de laboratoires aussi. \u00ab\u2009La r\u00e9gion ne compte que deux blocs scientifiques. L\u2019un \u00e0 Sokone et l\u2019autre \u00e0 Fatick. Ce nombre insuffisant de blocs pose un r\u00e9el probl\u00e8me pour l\u2019enseignement des sciences\u2009\u00bb, note l\u2019enseignant \u00e0 la retraite. Il invite les collectivit\u00e9s territoriales \u00e0 renforcer les initiatives dans le secteur de l\u2019\u00e9ducation. Il cite le Conseil d\u00e9partemental qui a enti\u00e8rement r\u00e9habilit\u00e9 le laboratoire du lyc\u00e9e Coumba Ndoff\u00e8ne, sans compter les salles de classe construites dans certaines \u00e9coles.<\/p>\n\n\n\n<p>L\u2019excellence, malgr\u00e9 tout Malgr\u00e9 toutes ces difficult\u00e9s, le Cem Khar Ndoff\u00e8ne Diouf arrive \u00e0 sortir la t\u00eate de l\u2019eau en termes de r\u00e9sultats. C\u2019est une \u00e9cole de r\u00e9f\u00e9rence comme le t\u00e9moigne le chef de l\u2019\u00e9tablissement. Selon Moussa Diouf, les taux de r\u00e9ussite au Bfem d\u00e9passent 50%, chaque ann\u00e9e. \u00ab\u2009Cette ann\u00e9e, on a r\u00e9alis\u00e9 un taux de r\u00e9ussite de 67,68% au Bfem. M\u00eame si c\u2019est moins qu\u2019en 2023 o\u00f9 on avait atteint les 76,30%, c\u2019est une bonne performance au niveau de l\u2019acad\u00e9mie.<\/p>\n\n\n\n<p>80% des \u00e9l\u00e8ves passent chaque ann\u00e9e en classe sup\u00e9rieure\u2009\u00bb, se r\u00e9jouit le Principal du Cem. L\u2019ancien professeur de math\u00e9matiques de rappeler \u00e9galement que des initiatives sont d\u00e9velopp\u00e9es au niveau interne pour maintenir cette cadence en termes de r\u00e9sultats. \u00ab\u2009L\u2019\u00e9cole a initi\u00e9 la journ\u00e9e de l\u2019excellence, qui honore ses 100 meilleurs \u00e9l\u00e8ves ayant une moyenne sup\u00e9rieure ou \u00e9gale \u00e0 15\/20. D\u2019ailleurs, cette ann\u00e9e co\u00efncide avec la deuxi\u00e8me \u00e9dition qui a vu plus de 60% des \u00e9l\u00e8ves remplir les conditions requises pour \u00eatre prim\u00e9s. Ainsi, la meilleure \u00e9l\u00e8ve de l\u2019ann\u00e9e derni\u00e8re s\u2019est encore illustr\u00e9e en obtenant une moyenne de 18,63% et sera r\u00e9compens\u00e9e \u00e0 nouveau\u2009\u00bb, a indiqu\u00e9 M. Diouf qui se f\u00e9licite de l\u2019attention que les petits-enfants de la marraine de l\u2019\u00e9cole, Khar Ndoff\u00e8ne Diouf, accordent \u00e0 cet \u00e9tablissement.<\/p>\n\n\n\n<p><strong>Par El Hadji Fod\u00e9 SARR <\/strong><br><strong>(Correspondant  &#8211; LESOLEIL)<\/strong><\/p>\n","protected":false},"excerpt":{"rendered":"<p>Premier coll\u00e8ge de la r\u00e9gion de Fatick, construit en 1962, le Coll\u00e8ge d\u2019enseignement moyen (Cem) Khar Ndoff\u00e8ne Diouf souffre de<\/p>\n","protected":false},"author":1,"featured_media":50767,"comment_status":"open","ping_status":"open","sticky":false,"template":"","format":"standard","meta":{"footnotes":""},"categories":[26],"tags":[],"class_list":["post-50766","post","type-post","status-publish","format-standard","has-post-thumbnail","hentry","category-fait-divers"],"_links":{"self":[{"href":"https:\/\/dekkbi.com\/index.php?rest_route=\/wp\/v2\/posts\/50766","targetHints":{"allow":["GET"]}}],"collection":[{"href":"https:\/\/dekkbi.com\/index.php?rest_route=\/wp\/v2\/posts"}],"about":[{"href":"https:\/\/dekkbi.com\/index.php?rest_route=\/wp\/v2\/types\/post"}],"author":[{"embeddable":true,"href":"https:\/\/dekkbi.com\/index.php?rest_route=\/wp\/v2\/users\/1"}],"replies":[{"embeddable":true,"href":"https:\/\/dekkbi.com\/index.php?rest_route=%2Fwp%2Fv2%2Fcomments&post=50766"}],"version-history":[{"count":1,"href":"https:\/\/dekkbi.com\/index.php?rest_route=\/wp\/v2\/posts\/50766\/revisions"}],"predecessor-version":[{"id":50768,"href":"https:\/\/dekkbi.com\/index.php?rest_route=\/wp\/v2\/posts\/50766\/revisions\/50768"}],"wp:featuredmedia":[{"embeddable":true,"href":"https:\/\/dekkbi.com\/index.php?rest_route=\/wp\/v2\/media\/50767"}],"wp:attachment":[{"href":"https:\/\/dekkbi.com\/index.php?rest_route=%2Fwp%2Fv2%2Fmedia&parent=50766"}],"wp:term":[{"taxonomy":"category","embeddable":true,"href":"https:\/\/dekkbi.com\/index.php?rest_route=%2Fwp%2Fv2%2Fcategories&post=50766"},{"taxonomy":"post_tag","embeddable":true,"href":"https:\/\/dekkbi.com\/index.php?rest_route=%2Fwp%2Fv2%2Ftags&post=50766"}],"curies":[{"name":"wp","href":"https:\/\/api.w.org\/{rel}","templated":true}]}}