{"id":50764,"date":"2025-01-21T09:28:33","date_gmt":"2025-01-21T09:28:33","guid":{"rendered":"https:\/\/dekkbi.com\/?p=50764"},"modified":"2025-01-21T09:37:11","modified_gmt":"2025-01-21T09:37:11","slug":"le-pour-et-le-contre-dune-possible-adhesion-du-togo-a-laes","status":"publish","type":"post","link":"https:\/\/dekkbi.com\/?p=50764","title":{"rendered":"Le pour et le contre d&rsquo;une possible adh\u00e9sion du Togo \u00e0 l&rsquo;AES"},"content":{"rendered":"\n<p>Au Togo, la r\u00e9cente d\u00e9claration du ministre togolais des Affaires \u00e9trang\u00e8res, Robert Dussey, sur une \u00e9ventuelle int\u00e9gration du pays \u00e0 l&rsquo;Alliance des \u00c9tats du Sahel (AES) suscite de vives discussions. De nombreux Togolais s&rsquo;interrogent sur les avantages qu&rsquo;une telle adh\u00e9sion pourrait pr\u00e9senter pour leur pays.<\/p>\n\n\n\n<p>Selon le docteur Ekue Foly Gada, directeur de l&rsquo;Institut d&rsquo;\u00e9tudes strat\u00e9giques de l&rsquo;universit\u00e9 de Lom\u00e9, \u00ab\u00a0il y aurait plus de d\u00e9savantages que d&rsquo;avantages. Parce qu&rsquo;en \u00e9tant hors de cette zone, le Togo, avec son port, peut n\u00e9gocier des contrats et gagner, et avoir des avantages macro\u00e9conomiques importants\u00a0\u00bb.<\/p>\n\n\n\n<h3 class=\"wp-block-heading\">Faible impact \u00e9conomique<\/h3>\n\n\n\n<p>Anani Sossou, journaliste et analyste politique, pr\u00e9dit \u00e9galement que \u00ab\u00a0l&rsquo;impact \u00e9conomique pour le Togo, en entrant dans l&rsquo;AES, ne serait pas significativement sup\u00e9rieur \u00e0 ce qui existe d\u00e9j\u00e0 aujourd&rsquo;hui\u00a0\u00bb.<\/p>\n\n\n\n<p>Anani Sossou exprime, par ailleurs, son scepticisme quant \u00e0 la pertinence des d\u00e9clarations du ministre Robert Dussey : \u00ab\u00a0Je pense que le ministre des Affaires \u00e9trang\u00e8res a \u00e9t\u00e9 imprudent en tenant de tels propos, puisque, ce faisant, il met en difficult\u00e9 le pr\u00e9sident togolais vis-\u00e0-vis de ses pairs et de ses homologues d&rsquo;Afrique de l&rsquo;Ouest. Ce sont des propos compl\u00e8tement illogiques, imprudents et pas du tout diplomatiques\u00a0\u00bb.<\/p>\n\n\n\n<h3 class=\"wp-block-heading\">Des propos du ministre mal compris<\/h3>\n\n\n\n<p>De son c\u00f4t\u00e9, Ekue Foly Gada souligne une erreur d&rsquo;interpr\u00eatation et estime que Robert Dussey s&rsquo;est content\u00e9 de r\u00e9pondre de mani\u00e8re simple \u00e0 une question triviale pos\u00e9e par un journaliste. L&rsquo;universitaire rappelle par ailleurs que la politique \u00e9trang\u00e8re d&rsquo;un \u00c9tat ne se d\u00e9cide pas du jour au lendemain.<\/p>\n\n\n\n<p>Pour lui, \u00ab\u00a0on peut comprendre qu&rsquo;un \u00c9tat qui a telle ou telle position ne peut pas d&rsquo;un jour \u00e0 l&rsquo;autre dire qu&rsquo;il change de communaut\u00e9 pour rentrer dans l&rsquo;AES. Quelle que soit la fa\u00e7on dont on tourne l&rsquo;affaire, il n&rsquo;est pas possible d&rsquo;imputer au ministre togolais des Affaires \u00e9trang\u00e8res une d\u00e9claration qui serait consid\u00e9r\u00e9e comme \u00e9tant officielle sur une position du Togo, conjecturelle du Togo vis-\u00e0-vis de l&rsquo;AES. Donc il ne s&rsquo;agit pas ici du fait que le Togo veut rentrer dans l&rsquo;AES\u00a0\u00bb.<\/p>\n\n\n\n<p>Selon Ekue Foly Gada, le Togo n&rsquo;est pas v\u00e9ritablement pr\u00eat \u00e0 entrer dans un regroupement comme celui-l\u00e0, mais Lom\u00e9 pourrait jouir de son positionnement g\u00e9ostrat\u00e9gique dans la sous-r\u00e9gion en entretenant de bonnes relations avec l&rsquo;AES.<\/p>\n\n\n\n<p>Auteur: No\u00ebl Tad\u00e9gnon <br>SOURCE : MSN.COM<\/p>\n","protected":false},"excerpt":{"rendered":"<p>Au Togo, la r\u00e9cente d\u00e9claration du ministre togolais des Affaires \u00e9trang\u00e8res, Robert Dussey, sur une \u00e9ventuelle int\u00e9gration du pays \u00e0<\/p>\n","protected":false},"author":1,"featured_media":50608,"comment_status":"open","ping_status":"open","sticky":false,"template":"","format":"standard","meta":{"footnotes":""},"categories":[6],"tags":[],"class_list":["post-50764","post","type-post","status-publish","format-standard","has-post-thumbnail","hentry","category-politics"],"_links":{"self":[{"href":"https:\/\/dekkbi.com\/index.php?rest_route=\/wp\/v2\/posts\/50764","targetHints":{"allow":["GET"]}}],"collection":[{"href":"https:\/\/dekkbi.com\/index.php?rest_route=\/wp\/v2\/posts"}],"about":[{"href":"https:\/\/dekkbi.com\/index.php?rest_route=\/wp\/v2\/types\/post"}],"author":[{"embeddable":true,"href":"https:\/\/dekkbi.com\/index.php?rest_route=\/wp\/v2\/users\/1"}],"replies":[{"embeddable":true,"href":"https:\/\/dekkbi.com\/index.php?rest_route=%2Fwp%2Fv2%2Fcomments&post=50764"}],"version-history":[{"count":1,"href":"https:\/\/dekkbi.com\/index.php?rest_route=\/wp\/v2\/posts\/50764\/revisions"}],"predecessor-version":[{"id":50765,"href":"https:\/\/dekkbi.com\/index.php?rest_route=\/wp\/v2\/posts\/50764\/revisions\/50765"}],"wp:featuredmedia":[{"embeddable":true,"href":"https:\/\/dekkbi.com\/index.php?rest_route=\/wp\/v2\/media\/50608"}],"wp:attachment":[{"href":"https:\/\/dekkbi.com\/index.php?rest_route=%2Fwp%2Fv2%2Fmedia&parent=50764"}],"wp:term":[{"taxonomy":"category","embeddable":true,"href":"https:\/\/dekkbi.com\/index.php?rest_route=%2Fwp%2Fv2%2Fcategories&post=50764"},{"taxonomy":"post_tag","embeddable":true,"href":"https:\/\/dekkbi.com\/index.php?rest_route=%2Fwp%2Fv2%2Ftags&post=50764"}],"curies":[{"name":"wp","href":"https:\/\/api.w.org\/{rel}","templated":true}]}}