{"id":50761,"date":"2025-01-21T09:27:05","date_gmt":"2025-01-21T09:27:05","guid":{"rendered":"https:\/\/dekkbi.com\/?p=50761"},"modified":"2025-01-21T09:42:43","modified_gmt":"2025-01-21T09:42:43","slug":"ouverture-de-la-session-parlementaire-ivoirienne-le-president-el-hadji-malick-ndiaye-accueilli-avec-respect-et-admiration","status":"publish","type":"post","link":"https:\/\/dekkbi.com\/?p=50761","title":{"rendered":"Ouverture de la session parlementaire ivoirienne : Le pr\u00e9sident El Hadji Malick Ndiaye accueilli avec respect et admiration"},"content":{"rendered":"\n<p><strong>Le pr\u00e9sident de l\u2019Assembl\u00e9e nationale, El Hadji Malick Ndiaye, a eu droit \u00e0 une standing ovation lors de la c\u00e9r\u00e9monie solennelle de rentr\u00e9e parlementaire de la C\u00f4te d\u2019ivoire qui s\u2019est ouverte \u00e0 Abidjan ce lundi 20 janvier.<\/strong><\/p>\n\n\n\n<p>Il est invit\u00e9 par son homologue ivoirien Adama Bictogo, \u00e0 l\u2019image des pr\u00e9sidents des Parlements du Ghana Alban kingsford Bagbing, du B\u00e9nin, Gbehounou Louis Vlavonou, du Togo Kodjo Sevon Adedze, du pr\u00e9sident du S\u00e9nat du Nig\u00e9ria Godswill Akpabio et du vice-pr\u00e9sident du Parlement de la Cedeao, Jibrin Barau.<br>El Hadji Malick Ndiaye a \u00e9t\u00e9 bien ovationn\u00e9 par l\u2019assistance d\u00e8s qu\u2019il s\u2019est pr\u00e9sent\u00e9 devant la tribune de m\u00eame qu\u2019 \u00e0 la fin de son discours porteur de nouvelles dynamiques.<\/p>\n\n\n\n<p>Le plus jeune pr\u00e9sident de l\u2019Assembl\u00e9e nationale en Afrique a r\u00e9affirm\u00e9 sa volont\u00e9 de densifier la coop\u00e9ration parlementaire.<\/p>\n\n\n\n<p>Il urge, pour lui, \u00ab de renforcer la coordination, l\u2019harmonisation l\u00e9gislative&nbsp; afin de b\u00e2tir une Cedeao v\u00e9ritablement tourn\u00e9e vers les peuples et r\u00e9pondant pleinement \u00e0 leurs aspirations. \u00bb<\/p>\n\n\n\n<p>El Hadji Malick Ndiaye est aussi revenu, dans son intervention tr\u00e8s suivie, sur l\u2019ambition des nouvelles autorit\u00e9s s\u00e9n\u00e9galaises \u00e0 \u00ab maintenir cet \u00e9lan de coop\u00e9ration et de consolider les relations d\u2019amiti\u00e9 et de fraternit\u00e9 entre nos peuples.\u00bb<br>Le pr\u00e9sident de l\u2019Assembl\u00e9e nationale entreprend ainsi son premier voyage officiel depuis sa prise de fonction le 02 d\u00e9cembre dernier.<\/p>\n\n\n\n<p><strong>Matel BOCOUM<\/strong><\/p>\n\n\n\n<p>LESOLEIL<\/p>\n","protected":false},"excerpt":{"rendered":"<p>Le pr\u00e9sident de l\u2019Assembl\u00e9e nationale, El Hadji Malick Ndiaye, a eu droit \u00e0 une standing ovation lors de la c\u00e9r\u00e9monie<\/p>\n","protected":false},"author":1,"featured_media":50779,"comment_status":"open","ping_status":"open","sticky":false,"template":"","format":"standard","meta":{"footnotes":""},"categories":[6],"tags":[],"class_list":["post-50761","post","type-post","status-publish","format-standard","has-post-thumbnail","hentry","category-politics"],"_links":{"self":[{"href":"https:\/\/dekkbi.com\/index.php?rest_route=\/wp\/v2\/posts\/50761","targetHints":{"allow":["GET"]}}],"collection":[{"href":"https:\/\/dekkbi.com\/index.php?rest_route=\/wp\/v2\/posts"}],"about":[{"href":"https:\/\/dekkbi.com\/index.php?rest_route=\/wp\/v2\/types\/post"}],"author":[{"embeddable":true,"href":"https:\/\/dekkbi.com\/index.php?rest_route=\/wp\/v2\/users\/1"}],"replies":[{"embeddable":true,"href":"https:\/\/dekkbi.com\/index.php?rest_route=%2Fwp%2Fv2%2Fcomments&post=50761"}],"version-history":[{"count":1,"href":"https:\/\/dekkbi.com\/index.php?rest_route=\/wp\/v2\/posts\/50761\/revisions"}],"predecessor-version":[{"id":50763,"href":"https:\/\/dekkbi.com\/index.php?rest_route=\/wp\/v2\/posts\/50761\/revisions\/50763"}],"wp:featuredmedia":[{"embeddable":true,"href":"https:\/\/dekkbi.com\/index.php?rest_route=\/wp\/v2\/media\/50779"}],"wp:attachment":[{"href":"https:\/\/dekkbi.com\/index.php?rest_route=%2Fwp%2Fv2%2Fmedia&parent=50761"}],"wp:term":[{"taxonomy":"category","embeddable":true,"href":"https:\/\/dekkbi.com\/index.php?rest_route=%2Fwp%2Fv2%2Fcategories&post=50761"},{"taxonomy":"post_tag","embeddable":true,"href":"https:\/\/dekkbi.com\/index.php?rest_route=%2Fwp%2Fv2%2Ftags&post=50761"}],"curies":[{"name":"wp","href":"https:\/\/api.w.org\/{rel}","templated":true}]}}