{"id":50726,"date":"2025-01-20T10:15:54","date_gmt":"2025-01-20T10:15:54","guid":{"rendered":"https:\/\/dekkbi.com\/?p=50726"},"modified":"2025-01-20T10:29:21","modified_gmt":"2025-01-20T10:29:21","slug":"cest-aux-palestiniens-de-decider-de-leur-avenir-qui-pour-gouverner-la-bande-de-gaza","status":"publish","type":"post","link":"https:\/\/dekkbi.com\/?p=50726","title":{"rendered":"\u00abC&rsquo;est aux Palestiniens de d\u00e9cider de leur avenir\u00bb: qui pour gouverner Gaza?"},"content":{"rendered":"\n<p>Le cessez-le-feu est en vigueur dans la bande de Gaza depuis ce dimanche 19 janvier. Comme il s\u2019y est engag\u00e9, le Hamas a lib\u00e9r\u00e9 trois otages isra\u00e9liennes. Trois femmes. Toutes des civiles. En \u00e9change, Isra\u00ebl a \u00e9galement rel\u00e2ch\u00e9 90 d\u00e9tenus palestiniens. Gaza, le jour d\u2019apr\u00e8s, qui pour gouverner l\u2019enclave d\u00e9vast\u00e9e ? Durant 15 mois de guerre, Isra\u00ebl a rejet\u00e9 cat\u00e9goriquement toute solution politique \u00e0 Gaza. Alors, avec le d\u00e9but du cessez-le-feu, le Hamas a tenu \u00e0 marquer son territoire. En un temps record, ses forces de l\u2019ordre se sont d\u00e9ploy\u00e9es \u00e0 Gaza. Que pensent les Gazaouis de cette situation ?<\/p>\n\n\n\n<p><em>Reportage dans la bande de Gaza de<\/em>&nbsp;<strong>Rami El Meghari<\/strong>,&nbsp;<em>avec notre correspondant \u00e0 J\u00e9rusalem<\/em>,&nbsp;<strong>Sami Boukhelifa<\/strong><\/p>\n\n\n\n<p>Des hommes en armes, encagoul\u00e9s, qui d\u00e9filent dans les rues de Gaza. La police du Hamas est de retour. Le mouvement palestinien fait une d\u00e9monstration de force. Son message : \u00ab\u00a0<em>Il est toujours ma\u00eetre de la bande de Gaza\u00a0<\/em>\u00bb. \u00ab\u00a0<em>Si le Hamas reste au pouvoir, l\u2019instabilit\u00e9 persistera\u00a0<\/em>\u00bb, avertit\u00a0<strong>Isra\u00ebl<\/strong>. \u00ab<em>\u00a0Isra\u00ebl n\u2019a pas son mot \u00e0 dire\u00a0<\/em>\u00bb, s\u2019indigne Mohamed.<\/p>\n\n\n\n<p>\u00ab<em>&nbsp;Les forces d\u2019occupation isra\u00e9liennes peuvent affirmer ce qu\u2019elles veulent, Mais c\u2019est aux Palestiniens de d\u00e9cider de leur avenir&nbsp;<\/em>\u00bb, clame Mohamed. \u00ab<em>&nbsp;Nous devons constituer un gouvernement d\u2019union nationale pour nous sortir de la crise et reconstruire Gaza<\/em>&nbsp;\u00bb.<\/p>\n\n\n\n<p><\/p>\n\n\n\n<h2 class=\"wp-block-heading\">\u00ab&nbsp;<em>Les Isra\u00e9liens ont tout d\u00e9truit sauf le Hamas&#8230;<\/em>&nbsp;\u00bb<\/h2>\n\n\n\n<p>Wael, lui aussi, est en col\u00e8re contre l\u2019\u00c9tat h\u00e9breu. \u00ab<em>&nbsp;Qui sont les gens qui ont \u00e9t\u00e9 tu\u00e9s par les Isra\u00e9liens ? Des innocents, des enfants, des femmes. Isra\u00ebl a d\u00e9truit nos maisons et a commis un g\u00e9nocide. Les Isra\u00e9liens ont tout d\u00e9truit sauf le Hamas. Le Hamas reste en place&nbsp;<\/em>\u00bb.<\/p>\n\n\n\n<p>Mais ce n\u2019est pas forc\u00e9ment une bonne chose, regrette Randa. \u00ab&nbsp;<em>Je ne souhaite pas qu\u2019un parti soit seul au pouvoir \u00e0 Gaza. Nous voulons un gouvernement d\u2019union, qui repr\u00e9sente l\u2019ensemble des Palestiniens. Et nous voulons des jeunes, de nouveaux visages. Le peuple n\u2019en peut plus de ceux qui s\u2019accrochent au pouvoir<\/em>&nbsp;\u00bb.<\/p>\n\n\n\n<p>SOURCE RFI<\/p>\n","protected":false},"excerpt":{"rendered":"<p>Le cessez-le-feu est en vigueur dans la bande de Gaza depuis ce dimanche 19 janvier. Comme il s\u2019y est engag\u00e9,<\/p>\n","protected":false},"author":1,"featured_media":50727,"comment_status":"open","ping_status":"open","sticky":false,"template":"","format":"standard","meta":{"footnotes":""},"categories":[51],"tags":[],"class_list":["post-50726","post","type-post","status-publish","format-standard","has-post-thumbnail","hentry","category-general"],"_links":{"self":[{"href":"https:\/\/dekkbi.com\/index.php?rest_route=\/wp\/v2\/posts\/50726","targetHints":{"allow":["GET"]}}],"collection":[{"href":"https:\/\/dekkbi.com\/index.php?rest_route=\/wp\/v2\/posts"}],"about":[{"href":"https:\/\/dekkbi.com\/index.php?rest_route=\/wp\/v2\/types\/post"}],"author":[{"embeddable":true,"href":"https:\/\/dekkbi.com\/index.php?rest_route=\/wp\/v2\/users\/1"}],"replies":[{"embeddable":true,"href":"https:\/\/dekkbi.com\/index.php?rest_route=%2Fwp%2Fv2%2Fcomments&post=50726"}],"version-history":[{"count":2,"href":"https:\/\/dekkbi.com\/index.php?rest_route=\/wp\/v2\/posts\/50726\/revisions"}],"predecessor-version":[{"id":50740,"href":"https:\/\/dekkbi.com\/index.php?rest_route=\/wp\/v2\/posts\/50726\/revisions\/50740"}],"wp:featuredmedia":[{"embeddable":true,"href":"https:\/\/dekkbi.com\/index.php?rest_route=\/wp\/v2\/media\/50727"}],"wp:attachment":[{"href":"https:\/\/dekkbi.com\/index.php?rest_route=%2Fwp%2Fv2%2Fmedia&parent=50726"}],"wp:term":[{"taxonomy":"category","embeddable":true,"href":"https:\/\/dekkbi.com\/index.php?rest_route=%2Fwp%2Fv2%2Fcategories&post=50726"},{"taxonomy":"post_tag","embeddable":true,"href":"https:\/\/dekkbi.com\/index.php?rest_route=%2Fwp%2Fv2%2Ftags&post=50726"}],"curies":[{"name":"wp","href":"https:\/\/api.w.org\/{rel}","templated":true}]}}