{"id":50695,"date":"2025-01-20T09:36:43","date_gmt":"2025-01-20T09:36:43","guid":{"rendered":"https:\/\/dekkbi.com\/?p=50695"},"modified":"2025-01-20T09:36:43","modified_gmt":"2025-01-20T09:36:43","slug":"lancement-du-cadre-de-reflexion-democratique-et-patriotique-crdp-50","status":"publish","type":"post","link":"https:\/\/dekkbi.com\/?p=50695","title":{"rendered":"LANCEMENT DU \u00abCADRE DE R\u00c9FLEXION D\u00c9MOCRATIQUE ET PATRIOTIQUE CRDP-50\u00bb"},"content":{"rendered":"\n<h1 class=\"wp-block-heading\">Appel \u00e0 la refondation de la d\u00e9mocratie s\u00e9n\u00e9galaise<\/h1>\n\n\n\n<p>Le S\u00e9n\u00e9gal, mod\u00e8le d\u00e9mocratique en Afrique, est confront\u00e9 \u00e0 des d\u00e9fis institutionnels et sociopolitiques dans un contexte marqu\u00e9 par des bouleversements \u00e9conomiques, des revendications sociales et une qu\u00eate de souverainet\u00e9 nationale accrue. Ces enjeux ont \u00e9t\u00e9 au c\u0153ur d\u2019un panel intitul\u00e9 : \u00ab Quel mod\u00e8le d\u00e9mocratique pour un S\u00e9n\u00e9gal souverain, stable et int\u00e9gr\u00e9 ? \u00bb et organis\u00e9, samedi dernier, lors du lancement du Cadre de r\u00e9flexion d\u00e9mocratique et patriotique (Crdp-50), une instance de r\u00e9flexion et de proposition au service de la vision du parti Pastef.<\/p>\n\n\n\n<p>Le Cadre de r\u00e9flexion d\u00e9mocratique et patriotique (Cdrdp-50) a \u00e9t\u00e9 officiellement lanc\u00e9. Lors de la conf\u00e9rence de pr\u00e9sentation autour du th\u00e8me : \u00ab Quel mod\u00e8le d\u00e9mocratique pour un S\u00e9n\u00e9gal souverain, stable et int\u00e9gr\u00e9 ? \u00bb, les discussions ont mis en exergue des pr\u00e9occupations centrales. Il s\u2019agit, entre autres, de la r\u00e9forme institutionnelle, la justice, la gouvernance \u00e9conomique, la gestion des ressources naturelles et la n\u00e9cessit\u00e9 de renforcer la participation citoyenne dans le processus d\u00e9mocratique. L\u2019enseignant-chercheur en droit Ngouda Mboup a soulign\u00e9 que le mod\u00e8le d\u00e9mocratique s\u00e9n\u00e9galais est inspir\u00e9 des normes occidentales souvent appliqu\u00e9es, de mani\u00e8re rigide et d\u00e9connect\u00e9e, aux r\u00e9alit\u00e9s locales.<\/p>\n\n\n\n<p>Selon lui, la n\u00e9cessit\u00e9 d\u2019une africanisation de la d\u00e9mocratie ne serait pas un rejet des principes universels, mais un appel \u00e0 leur adaptation, afin qu\u2019ils servent r\u00e9ellement les aspirations des populations locales. \u00ab Une d\u00e9mocratie authentique ne peut \u00eatre qu\u2019une d\u00e9mocratie enracin\u00e9e \u00bb, a d\u00e9clar\u00e9 le pr\u00e9sident du Conseil d\u2019administration du Port autonome de Dakar (Pad). Adama Sadio, chercheur en sciences politiques, a, pour sa part, insist\u00e9 sur l\u2019importance de pacifier les relations politiques, en particulier entre la majorit\u00e9 pr\u00e9sidentielle et l\u2019opposition. Il a propos\u00e9 des m\u00e9canismes juridiques pour garantir un dialogue institutionnalis\u00e9, soulignant que les tensions politiques chroniques affaiblissent non seulement les institutions, mais aussi la confiance des citoyens envers la classe politique.<\/p>\n\n\n\n<p><strong>Une justice ind\u00e9pendante<\/strong><\/p>\n\n\n\n<p>Un autre aspect crucial abord\u00e9 lors de ce panel est celui de la gouvernance \u00e9conomique \u00e9troitement li\u00e9e \u00e0 la gestion des ressources naturelles. Ngouda Mboup a rappel\u00e9 que la richesse du S\u00e9n\u00e9gal en ressources p\u00e9troli\u00e8res et gazi\u00e8res peut \u00eatre une b\u00e9n\u00e9diction ou un fardeau suivant la mani\u00e8re dont elles sont g\u00e9r\u00e9es. Il a ainsi insist\u00e9 sur l\u2019importance d\u2019une transparence absolue dans l\u2019exploitation de ces ressources et d\u2019un renforcement du contr\u00f4le parlementaire. Le juriste a \u00e9galement mis en exergue l\u2019absence de consultation des communaut\u00e9s locales dans les grands projets \u00e9conomiques, un facteur qui alimente souvent les conflits sociaux.<\/p>\n\n\n\n<p>\u00c0 son avis, l\u2019inclusion des populations dans les processus d\u00e9cisionnels, \u00e0 travers des m\u00e9canismes de dialogue public et de participation citoyenne, est essentielle pour \u00e9viter les d\u00e9rives et garantir une redistribution \u00e9quitable des richesses. Le d\u00e9put\u00e9 Amadou B\u00e2, repr\u00e9sentant du parti Pastef, a ax\u00e9 son intervention sur la r\u00e9forme du syst\u00e8me judiciaire s\u00e9n\u00e9galais. Selon lui, l\u2019ind\u00e9pendance de la justice est un enjeu fondamental pour restaurer la confiance des citoyens dans les institutions. Il a propos\u00e9 la transformation du Conseil constitutionnel en une v\u00e9ritable Cour constitutionnelle dot\u00e9e de pr\u00e9rogatives \u00e9largies. Le 5e vice-pr\u00e9sident de l\u2019Assembl\u00e9e nationale a \u00e9galement \u00e9voqu\u00e9 la n\u00e9cessit\u00e9 de r\u00e9former le r\u00f4le du procureur, qu\u2019il consid\u00e8re comme une partie ayant une ma\u00eetrise parfaite des dossiers au cours de l\u2019audience. \u00ab Tant que le procureur restera un instrument de pouvoir, la justice s\u00e9n\u00e9galaise ne pourra pas \u00eatre ind\u00e9pendante \u00bb, a-t-il affirm\u00e9.<\/p>\n\n\n\n<p>Amadou B\u00e2 de plaider aussi pour un syst\u00e8me o\u00f9 les juges du si\u00e8ge b\u00e9n\u00e9ficient de plus d\u2019autonomie, notamment par la protection du principe d\u2019inamovibilit\u00e9 ; ce qui permettrait de r\u00e9duire l\u2019ing\u00e9rence politique dans les affaires judiciaires. Aminata Tour\u00e9, haute repr\u00e9sentante du pr\u00e9sident Bassirou Diomaye Faye, a, de son c\u00f4t\u00e9, insist\u00e9 sur la n\u00e9cessit\u00e9 de promouvoir une citoyennet\u00e9 active pour revitaliser la d\u00e9mocratie s\u00e9n\u00e9galaise. Elle a soulign\u00e9 que la faible participation des citoyens dans les processus politiques, surtout des jeunes et des femmes, est un frein au d\u00e9veloppement d\u2019une soci\u00e9t\u00e9 inclusive et \u00e9quilibr\u00e9e.<\/p>\n\n\n\n<p>Pour y rem\u00e9dier, l\u2019ancien Premier ministre propose la r\u00e9forme des programmes \u00e9ducatifs afin de promouvoir, d\u00e8s le plus jeune \u00e2ge, les valeurs d\u00e9mocratiques, le civisme et l\u2019\u00e9thique. Mme Tour\u00e9 a \u00e9galement d\u00e9nonc\u00e9 la corruption end\u00e9mique qui gangr\u00e8ne les institutions et sugg\u00e9r\u00e9 des mesures fortes pour y rem\u00e9dier. Le panel a, en outre, abord\u00e9 la question de l\u2019int\u00e9gration r\u00e9gionale dans le cadre de la Communaut\u00e9 \u00e9conomique des \u00c9tats de l\u2019Afrique de l\u2019Ouest (Cedeao). Ngouda Mboup a ainsi salu\u00e9 les efforts de l\u2019organisation ouest africaine pour harmoniser les politiques \u00e9conomiques et juridiques dans la r\u00e9gion. Cependant, il a appel\u00e9 \u00e0 une meilleure prise en compte des sp\u00e9cificit\u00e9s nationales dans les m\u00e9canismes d\u2019int\u00e9gration. Le juriste a aussi \u00e9voqu\u00e9 la souverainet\u00e9, qu\u2019il consid\u00e8re comme un enjeu central pour le S\u00e9n\u00e9gal. \u00c0 l\u2019en croire, une souverainet\u00e9 effective ne peut \u00eatre garantie que si le pays parvient \u00e0 r\u00e9duire sa d\u00e9pendance \u00e9conomique envers l\u2019ext\u00e9rieur. Cela passe par une valorisation des ressources nationales, une industrialisation accrue et une promotion du potentiel s\u00e9n\u00e9galais.<\/p>\n\n\n\n<p><strong>Daouda DIOUF<\/strong><\/p>\n","protected":false},"excerpt":{"rendered":"<p>Appel \u00e0 la refondation de la d\u00e9mocratie s\u00e9n\u00e9galaise Le S\u00e9n\u00e9gal, mod\u00e8le d\u00e9mocratique en Afrique, est confront\u00e9 \u00e0 des d\u00e9fis institutionnels<\/p>\n","protected":false},"author":1,"featured_media":50696,"comment_status":"open","ping_status":"open","sticky":false,"template":"","format":"standard","meta":{"footnotes":""},"categories":[6],"tags":[],"class_list":["post-50695","post","type-post","status-publish","format-standard","has-post-thumbnail","hentry","category-politics"],"_links":{"self":[{"href":"https:\/\/dekkbi.com\/index.php?rest_route=\/wp\/v2\/posts\/50695","targetHints":{"allow":["GET"]}}],"collection":[{"href":"https:\/\/dekkbi.com\/index.php?rest_route=\/wp\/v2\/posts"}],"about":[{"href":"https:\/\/dekkbi.com\/index.php?rest_route=\/wp\/v2\/types\/post"}],"author":[{"embeddable":true,"href":"https:\/\/dekkbi.com\/index.php?rest_route=\/wp\/v2\/users\/1"}],"replies":[{"embeddable":true,"href":"https:\/\/dekkbi.com\/index.php?rest_route=%2Fwp%2Fv2%2Fcomments&post=50695"}],"version-history":[{"count":1,"href":"https:\/\/dekkbi.com\/index.php?rest_route=\/wp\/v2\/posts\/50695\/revisions"}],"predecessor-version":[{"id":50697,"href":"https:\/\/dekkbi.com\/index.php?rest_route=\/wp\/v2\/posts\/50695\/revisions\/50697"}],"wp:featuredmedia":[{"embeddable":true,"href":"https:\/\/dekkbi.com\/index.php?rest_route=\/wp\/v2\/media\/50696"}],"wp:attachment":[{"href":"https:\/\/dekkbi.com\/index.php?rest_route=%2Fwp%2Fv2%2Fmedia&parent=50695"}],"wp:term":[{"taxonomy":"category","embeddable":true,"href":"https:\/\/dekkbi.com\/index.php?rest_route=%2Fwp%2Fv2%2Fcategories&post=50695"},{"taxonomy":"post_tag","embeddable":true,"href":"https:\/\/dekkbi.com\/index.php?rest_route=%2Fwp%2Fv2%2Ftags&post=50695"}],"curies":[{"name":"wp","href":"https:\/\/api.w.org\/{rel}","templated":true}]}}