{"id":50680,"date":"2025-01-20T09:19:31","date_gmt":"2025-01-20T09:19:31","guid":{"rendered":"https:\/\/dekkbi.com\/?p=50680"},"modified":"2025-01-20T09:19:41","modified_gmt":"2025-01-20T09:19:41","slug":"rse-la-ville-de-thies-a-engage-de-larges-concertations-avec-les-societes-minieres-maire","status":"publish","type":"post","link":"https:\/\/dekkbi.com\/?p=50680","title":{"rendered":"RSE: la ville de Thi\u00e8s a engag\u00e9 \u00abde larges concertations\u00bb avec les soci\u00e9t\u00e9s mini\u00e8res (maire)"},"content":{"rendered":"\n<p>Thi\u00e8s, (APS) \u2013 La ville de Thi\u00e8s a engag\u00e9 \u00ab\u00a0de larges concertations\u00a0\u00bb avec les entreprises mini\u00e8res implant\u00e9es dans la r\u00e9gion, afin de les faire contribuer \u00e0 l\u2019effort de d\u00e9veloppement, a-t-on appris de son maire, Babacar Diop.<\/p>\n\n\n\n<p>S\u2019exprimant en marge d\u2019un forum sur la gouvernance des ressources mini\u00e8res dans la r\u00e9gion de Thi\u00e8s, samedi, Babacar Diop a r\u00e9v\u00e9l\u00e9 que la municipalit\u00e9 qu\u2019il dirige a engag\u00e9 \u00ab&nbsp;de larges concertations, afin de trouver les voies et moyens&nbsp;\u00bb de faire participer les entreprises mini\u00e8res \u00ab&nbsp;\u00e0 l\u2019effort de d\u00e9veloppement&nbsp;\u00bb.<\/p>\n\n\n\n<p>Il a \u00e9voqu\u00e9 la probl\u00e9matique de la r\u00e9partition \u00e9quitable des ressources naturelles, comme source de stabilit\u00e9 dans une soci\u00e9t\u00e9 d\u00e9mocratique.<\/p>\n\n\n\n<p>&nbsp;\u00bbLe fond de la question qui est pos\u00e9e, c\u2019est la question de la justice sociale dans nos soci\u00e9t\u00e9s [\u2026], la source principale des conflits dans les soci\u00e9t\u00e9s humaines&nbsp;\u00bb, a dit Babacar Diop.<\/p>\n\n\n\n<p>\u00ab&nbsp;Je parle de la r\u00e9partition dans sa globalit\u00e9, la r\u00e9partition des droits [mais] aussi des ressources dans une soci\u00e9t\u00e9&nbsp;\u00bb, a insist\u00e9 l\u2019\u00e9dile.<\/p>\n\n\n\n<p>Selon lui, d\u00e8s lors que \u00ab&nbsp;les ressources naturelles appartiennent au peuple&nbsp;\u00bb, tel que le stipule la Constitution du S\u00e9n\u00e9gal, elles doivent faire l\u2019objet d\u2019une \u00ab&nbsp;r\u00e9partition \u00e9quitable&nbsp;\u00bb.<\/p>\n\n\n\n<p>\u00ab&nbsp;Le grand probl\u00e8me, c\u2019est comment organiser (cette) r\u00e9partition \u00e9quitable&nbsp;\u00bb, a-t-il ajout\u00e9.<\/p>\n\n\n\n<p>Soulignant l\u2019importance et la n\u00e9cessit\u00e9 de tenir de telles rencontres, dans l\u2019espoir de \u00ab&nbsp;nourrir le dialogue&nbsp;\u00bb, il estime que de tels d\u00e9bats devraient aider les autorit\u00e9s \u00e0 corriger la situation, pour \u00ab&nbsp;une r\u00e9partition \u00e9quitable&nbsp;\u00bb des ressources naturelles.<\/p>\n\n\n\n<p>Une distribution des ressources sur la base de l\u2019\u00e9quit\u00e9, est de nature \u00e0 garantir \u00ab&nbsp;la confiance et la stabilit\u00e9 dans une soci\u00e9t\u00e9 d\u00e9mocratique, et permet de b\u00e2tir des institutions stables&nbsp;\u00bb, a dit Babacar Diop, qui enseigne par ailleurs, la philosophie \u00e0 l\u2019universit\u00e9 Cheikh Anta Diop de Dakar.<\/p>\n\n\n\n<p>\u00ab&nbsp;Un \u00c9tat ouvert aujourd\u2019hui, ne peut pas ne pas encourager l\u2019investissement (des) multinationales&nbsp;\u00bb pour l\u2019aider \u00e0 exploiter ses ressources naturelles, a-t-il affirm\u00e9.<\/p>\n\n\n\n<p>Il reste ces multinationales \u00ab&nbsp;ne viennent pas en philanthropes, elles viennent pour gagner de l\u2019argent&nbsp;\u00bb, a admis l\u2019\u00e9dile, selon qui&nbsp;\u00ab&nbsp;l\u2019augmentation de la richesse est acceptable et tol\u00e9rable \u00e0 une seule condition: qu\u2019elle puisse accompagner le d\u00e9veloppement des communaut\u00e9s&nbsp;\u00bb.<\/p>\n\n\n\n<p>&nbsp;\u00bbSi leurs investissements participent \u00e0 polluer l\u2019atmosph\u00e8re, \u00e0 exploiter, surexploiter les populations et \u00e0 (les) appauvrir davantage, alors que les ressources quittent le pays et (profitent) \u00e0 d\u2019autres, \u00e0 partir de ce moment, c\u2019est une question de justice qui se pose&nbsp;\u00bb, a-t-il martel\u00e9.<\/p>\n\n\n\n<p>La question est donc de savoir comment les multinationales peuvent contribuer concr\u00e8tement \u00e0 l\u2019am\u00e9lioration des conditions de vie des populations, a-t-il laiss\u00e9 entendre.<\/p>\n\n\n\n<p>BT\/ADI\/BK<\/p>\n","protected":false},"excerpt":{"rendered":"<p>Thi\u00e8s, (APS) \u2013 La ville de Thi\u00e8s a engag\u00e9 \u00ab\u00a0de larges concertations\u00a0\u00bb avec les entreprises mini\u00e8res implant\u00e9es dans la r\u00e9gion,<\/p>\n","protected":false},"author":1,"featured_media":49584,"comment_status":"open","ping_status":"open","sticky":false,"template":"","format":"standard","meta":{"footnotes":""},"categories":[3],"tags":[],"class_list":["post-50680","post","type-post","status-publish","format-standard","has-post-thumbnail","hentry","category-event-more-news"],"_links":{"self":[{"href":"https:\/\/dekkbi.com\/index.php?rest_route=\/wp\/v2\/posts\/50680","targetHints":{"allow":["GET"]}}],"collection":[{"href":"https:\/\/dekkbi.com\/index.php?rest_route=\/wp\/v2\/posts"}],"about":[{"href":"https:\/\/dekkbi.com\/index.php?rest_route=\/wp\/v2\/types\/post"}],"author":[{"embeddable":true,"href":"https:\/\/dekkbi.com\/index.php?rest_route=\/wp\/v2\/users\/1"}],"replies":[{"embeddable":true,"href":"https:\/\/dekkbi.com\/index.php?rest_route=%2Fwp%2Fv2%2Fcomments&post=50680"}],"version-history":[{"count":1,"href":"https:\/\/dekkbi.com\/index.php?rest_route=\/wp\/v2\/posts\/50680\/revisions"}],"predecessor-version":[{"id":50681,"href":"https:\/\/dekkbi.com\/index.php?rest_route=\/wp\/v2\/posts\/50680\/revisions\/50681"}],"wp:featuredmedia":[{"embeddable":true,"href":"https:\/\/dekkbi.com\/index.php?rest_route=\/wp\/v2\/media\/49584"}],"wp:attachment":[{"href":"https:\/\/dekkbi.com\/index.php?rest_route=%2Fwp%2Fv2%2Fmedia&parent=50680"}],"wp:term":[{"taxonomy":"category","embeddable":true,"href":"https:\/\/dekkbi.com\/index.php?rest_route=%2Fwp%2Fv2%2Fcategories&post=50680"},{"taxonomy":"post_tag","embeddable":true,"href":"https:\/\/dekkbi.com\/index.php?rest_route=%2Fwp%2Fv2%2Ftags&post=50680"}],"curies":[{"name":"wp","href":"https:\/\/api.w.org\/{rel}","templated":true}]}}