{"id":50678,"date":"2025-01-20T09:18:03","date_gmt":"2025-01-20T09:18:03","guid":{"rendered":"https:\/\/dekkbi.com\/?p=50678"},"modified":"2025-01-20T09:18:04","modified_gmt":"2025-01-20T09:18:04","slug":"rapatriement-des-corps-des-senegalais-decedes-en-cote-divoire-malick-ndiaye-rassure-les-religieux","status":"publish","type":"post","link":"https:\/\/dekkbi.com\/?p=50678","title":{"rendered":"Rapatriement des corps des S\u00e9n\u00e9galais d\u00e9c\u00e9d\u00e9s en C\u00f4te d\u2019ivoire: Malick Ndiaye\u00a0rassure les religieux"},"content":{"rendered":"\n<p>La deuxi\u00e8me personnalit\u00e9 de l\u2019\u00e9tat, El Malick Ndiaye a pris, hier, dimanche 19 janvier, l\u2019engagement ferme de veiller \u00e0 une prise en charge des pr\u00e9occupations de la communaut\u00e9 s\u00e9n\u00e9galaise bas\u00e9e en C\u00f4te d\u2019ivoire.<\/p>\n\n\n\n<p>Il a soulign\u00e9, dans cette optique, que des r\u00e9ponses concr\u00e8tes seront apport\u00e9es avec une attention particuli\u00e8re pour le rapatriement des corps des S\u00e9n\u00e9galais d\u00e9c\u00e9d\u00e9s en terre ivoirienne. C\u2019\u00e9tait lors d\u2019une rencontre avec des autorit\u00e9s religieuses s\u00e9n\u00e9galaises, en pr\u00e9lude \u00e0 l\u2019ouverture, ce lundi 20 janvier, de la premi\u00e8re session parlementaire de la C\u00f4te d\u2019ivoire, o\u00f9 il participe comme invit\u00e9 d\u2019honneur.<\/p>\n\n\n\n<p>Selon Oustaz Talla Faye, le secr\u00e9taire du collectif des imams s\u00e9n\u00e9galais, ce dossier leur tient \u00e0 c\u0153ur. \u00ab Nous sommes sortis satisfaits de cette rencontre. Nous avons abord\u00e9 plusieurs points mais le principal concerne le rapatriement des d\u00e9pouilles s\u00e9n\u00e9galaises qui co\u00fbte cher. Il faut d\u00e9bourser au moins 4 millions de F cfa pour entreprendre les d\u00e9marches n\u00e9cessaires. Pass\u00e9 un certain nombre d\u2019ann\u00e9es, des corps peuvent \u00eatre d\u00e9terr\u00e9s et enterr\u00e9s dans des fosses communes comme stipul\u00e9 par la loi en vigueur ici. Nous avons toujours sollicit\u00e9 une subvention de l\u2019\u00e9tat, le pr\u00e9sident de l\u2019Assembl\u00e9e nationale nous a fourni une r\u00e9ponse positive, nous gardons espoir \u00bb a t \u2013il indiqu\u00e9.<\/p>\n\n\n\n<p>Interpel\u00e9 \u00e0 l\u2019issue de cette audience, le P\u00e8re S\u00e9bastien Di\u00e9m\u00e9, en mission en C\u00f4te d\u2019ivoire depuis 2015, encourage, pour sa part, les nouvelles autorit\u00e9s \u00e0 se maintenir dans cette dynamique. \u00ab Nous voulons d\u2019un S\u00e9n\u00e9gal qui pr\u00e9serve son identit\u00e9, qui reste uni et pose des jalons pour un meilleur respect des principes religieux. Le pr\u00e9sident nous a \u00e9galement fait comprendre que l\u2019Etat ne nous a pas oubli\u00e9s, nous le remercions pour cette marque de consid\u00e9ration. La rencontre a \u00e9t\u00e9 fructueuse. Nous avons toujours voulu d\u2019autorit\u00e9s qui soient proches et accessibles aux populations. Qu\u2019elles continuent \u00e0 visiter de temps en temps la diaspora. Nous sommes un et indivisible \u00bb.<\/p>\n\n\n\n<p><strong>Matel BOCOUM<\/strong> &#8211; LESOLEIL<\/p>\n","protected":false},"excerpt":{"rendered":"<p>La deuxi\u00e8me personnalit\u00e9 de l\u2019\u00e9tat, El Malick Ndiaye a pris, hier, dimanche 19 janvier, l\u2019engagement ferme de veiller \u00e0 une<\/p>\n","protected":false},"author":1,"featured_media":47665,"comment_status":"open","ping_status":"open","sticky":false,"template":"","format":"standard","meta":{"footnotes":""},"categories":[21],"tags":[],"class_list":["post-50678","post","type-post","status-publish","format-standard","has-post-thumbnail","hentry","category-societe"],"_links":{"self":[{"href":"https:\/\/dekkbi.com\/index.php?rest_route=\/wp\/v2\/posts\/50678","targetHints":{"allow":["GET"]}}],"collection":[{"href":"https:\/\/dekkbi.com\/index.php?rest_route=\/wp\/v2\/posts"}],"about":[{"href":"https:\/\/dekkbi.com\/index.php?rest_route=\/wp\/v2\/types\/post"}],"author":[{"embeddable":true,"href":"https:\/\/dekkbi.com\/index.php?rest_route=\/wp\/v2\/users\/1"}],"replies":[{"embeddable":true,"href":"https:\/\/dekkbi.com\/index.php?rest_route=%2Fwp%2Fv2%2Fcomments&post=50678"}],"version-history":[{"count":1,"href":"https:\/\/dekkbi.com\/index.php?rest_route=\/wp\/v2\/posts\/50678\/revisions"}],"predecessor-version":[{"id":50679,"href":"https:\/\/dekkbi.com\/index.php?rest_route=\/wp\/v2\/posts\/50678\/revisions\/50679"}],"wp:featuredmedia":[{"embeddable":true,"href":"https:\/\/dekkbi.com\/index.php?rest_route=\/wp\/v2\/media\/47665"}],"wp:attachment":[{"href":"https:\/\/dekkbi.com\/index.php?rest_route=%2Fwp%2Fv2%2Fmedia&parent=50678"}],"wp:term":[{"taxonomy":"category","embeddable":true,"href":"https:\/\/dekkbi.com\/index.php?rest_route=%2Fwp%2Fv2%2Fcategories&post=50678"},{"taxonomy":"post_tag","embeddable":true,"href":"https:\/\/dekkbi.com\/index.php?rest_route=%2Fwp%2Fv2%2Ftags&post=50678"}],"curies":[{"name":"wp","href":"https:\/\/api.w.org\/{rel}","templated":true}]}}