{"id":50668,"date":"2025-01-17T11:41:07","date_gmt":"2025-01-17T11:41:07","guid":{"rendered":"https:\/\/dekkbi.com\/?p=50668"},"modified":"2025-01-17T11:58:30","modified_gmt":"2025-01-17T11:58:30","slug":"leglise-catholique-demande-a-la-justice-douvrir-une-enquete-sur-labbe-pierre","status":"publish","type":"post","link":"https:\/\/dekkbi.com\/?p=50668","title":{"rendered":"R\u00e9v\u00e9lations de violences sexuelles &#8211; L&rsquo;Eglise catholique demande \u00e0 la justice d&rsquo;ouvrir une enqu\u00eate sur l&rsquo;abb\u00e9 Pierre"},"content":{"rendered":"\n<p>Apr\u00e8s l&rsquo;ouverture de ses archives, l&rsquo;\u00c9glise catholique a pris une mesure \u00e0 la symbolique forte vendredi en demandant \u00e0 la justice d&rsquo;ouvrir une enqu\u00eate sur l&rsquo;abb\u00e9 Pierre, dans le sillage de nouvelles r\u00e9v\u00e9lations de violences sexuelles.<\/p>\n\n\n\n<p>Le pr\u00e9sident de la Conf\u00e9rence des \u00e9v\u00eaques de France (CEF) \u00c9ric de Moulins-Beaufort a annonc\u00e9 sur RMC qu&rsquo;il avait \u00ab\u00a0saisi la justice\u00a0\u00bb mardi pour qu&rsquo;elle \u00e9tudie la possibilit\u00e9 d&rsquo;une enqu\u00eate sur le pr\u00eatre, longtemps figure iconique de la d\u00e9fense des d\u00e9munis mais qui a fait l&rsquo;objet de nouvelles accusations gravissimes cette semaine.<\/p>\n\n\n\n<p>Le responsable explique avoir \u00ab\u00a0\u00e9crit un signalement au procureur de Paris pour lui demander de r\u00e9fl\u00e9chir \u00e0 ouvrir une enqu\u00eate sur l&rsquo;abb\u00e9 Pierre\u00a0\u00bb. Dans un communiqu\u00e9 la CEF pr\u00e9cise que ce signalement a \u00e9t\u00e9 fait \u00ab\u00a0pour non-d\u00e9nonciation de viols et agressions sexuelles sur personnes vuln\u00e9rables et mineurs\u00a0\u00bb.<\/p>\n\n\n\n<p>Il s&rsquo;agit aussi d&rsquo;enqu\u00eater sur \u00ab\u00a0d&rsquo;\u00e9ventuelles autres victimes ou \u00e9ventuels complices\u00a0\u00bb, a pr\u00e9cis\u00e9 Mgr de Moulins-Beaufort, en soulignant que le parquet \u00ab\u00a0a des moyens d&rsquo;investigation qu&rsquo;une commission d&rsquo;enqu\u00eate historique comme celle qu&rsquo;a r\u00e9unie Emma\u00fcs (&#8230;) n&rsquo;a pas\u00a0\u00bb. Cette commission a commenc\u00e9 ses travaux en janvier pour une dur\u00e9e pr\u00e9visible de deux ans.<\/p>\n\n\n\n<h2 class=\"wp-block-heading\">\u00ab\u00a0V\u00e9rit\u00e9\u00a0\u00bb<\/h2>\n\n\n\n<p>Car il faut aller \u00ab\u00a0jusqu&rsquo;au bout de la v\u00e9rit\u00e9\u00a0\u00bb, a martel\u00e9 le pr\u00e9sident de la CEF, en redisant son \u00ab\u00a0horreur\u00a0\u00bb apr\u00e8s les nouvelles r\u00e9v\u00e9lations du cabinet sp\u00e9cialis\u00e9 Ega\u00e9 lundi et la diffusion de deux documentaires t\u00e9l\u00e9vis\u00e9s cette semaine.<\/p>\n\n\n\n<p>Dans le rapport publi\u00e9 lundi, le pr\u00eatre d\u00e9c\u00e9d\u00e9 en 2007 est vis\u00e9 par neuf nouvelles accusations de violences sexuelles, ce qui porte \u00e0 33 le nombre total de t\u00e9moignages depuis le premier rapport du cabinet Ega\u00e9, mandat\u00e9 par Emma\u00fcs, qui avait cr\u00e9\u00e9 une d\u00e9flagration en juillet.<\/p>\n\n\n\n<p>Parmi les nouvelles r\u00e9v\u00e9lations, une membre de la famille de l&rsquo;abb\u00e9 Pierre assure avoir subi de sa part des \u00ab\u00a0contacts sexuels sur ses seins et sa bouche \u00e0 la fin des ann\u00e9es 90\u00a0\u00bb. Un autre t\u00e9moignage fait \u00e9tat d&rsquo;un \u00ab\u00a0acte sexuel avec p\u00e9n\u00e9tration sur un gar\u00e7on mineur\u00a0\u00bb.<\/p>\n\n\n\n<p>\u00ab\u00a0Tout cela mis bout \u00e0 bout dessine le portrait d\u2019un pr\u00e9dateur\u00a0\u00bb, avait estim\u00e9 lundi Tarek Daher, d\u00e9l\u00e9gu\u00e9 g\u00e9n\u00e9ral d\u2019Emma\u00fcs France.<\/p>\n\n\n\n<p>Selon Mgr de Moulins-Beaufort, \u00ab\u00a0\u00e0 chaque rapport du cabinet on franchit un seuil dans la d\u00e9couverte de ce qu&rsquo;il a pu faire\u00a0\u00bb, et \u00ab\u00a0une sorte de syst\u00e8me qu&rsquo;il semble avoir construit\u00a0\u00bb.<\/p>\n\n\n\n<p>Une action en justice risque toutefois de se heurter \u00e0 des obstacles, compte-tenu de l&rsquo;anciennet\u00e9 des faits remontant \u00e0 une p\u00e9riode allant des ann\u00e9es 50 aux ann\u00e9es 2000.<\/p>\n\n\n\n<p>Ces faits ne peuvent faire l&rsquo;objet de poursuites p\u00e9nales s&rsquo;agissant de l&rsquo;abb\u00e9 Pierre, mort, ce qui entra\u00eene l&rsquo;extinction de toute poursuite. Quant aux personnes qui n&rsquo;ont pas d\u00e9nonc\u00e9 les actes, l&rsquo;anciennet\u00e9 des faits rend probable la prescription de toute infraction \u00e9ventuelle &#8212; m\u00eame si le calcul en la mati\u00e8re est toujours compliqu\u00e9.<\/p>\n\n\n\n<h2 class=\"wp-block-heading\">\u00ab\u00a0peine immense\u00a0\u00bb<\/h2>\n\n\n\n<p>Vendredi le pr\u00e9sident de la CEF a redit aux victimes sa \u00ab\u00a0peine immense\u00a0\u00bb, et incit\u00e9 \u00ab\u00a0toute personne qui aurait subi des violences sexuelles de la part de l&rsquo;abb\u00e9 Pierre \u00e0 se manifester si elle le souhaite aupr\u00e8s de l\u00a0\u00bbun des dispositifs d&rsquo;\u00e9coute de l&rsquo;\u00c9glise, ou mis en place par Emma\u00fcs\u00a0\u00bb.<\/p>\n\n\n\n<p>Depuis les r\u00e9v\u00e9lations de juillet l\u2019\u00c9glise s&rsquo;est retrouv\u00e9e sous pression pour faire la lumi\u00e8re sur le silence autour des comportements de l&rsquo;abb\u00e9 Pierre.<\/p>\n\n\n\n<p>Mgr de Moulins Beaufort a plusieurs fois assur\u00e9 que l&rsquo;affaire n&rsquo;\u00e9tait pas de notori\u00e9t\u00e9 publique au sein de l&rsquo;institution, m\u00eame si quelques \u00e9v\u00eaques avaient pu \u00eatre au courant de comportements probl\u00e9matiques \u00e0 l&rsquo;\u00e9poque.<\/p>\n\n\n\n<p>La CEF a ouvert en septembre les archives de l\u2019\u00c9glise sur l&rsquo;abb\u00e9 Pierre, d\u00e9rogeant au d\u00e9lai habituel de 75 ans. Dans le mince dossier cartonn\u00e9 consult\u00e9 par l&rsquo;AFP, lettres et notes \u00e9voquent certes un comportement \u00ab\u00a0probl\u00e9matique\u00a0\u00bb mais la nature n&rsquo;en est jamais explicit\u00e9e.<\/p>\n","protected":false},"excerpt":{"rendered":"<p>Apr\u00e8s l&rsquo;ouverture de ses archives, l&rsquo;\u00c9glise catholique a pris une mesure \u00e0 la symbolique forte vendredi en demandant \u00e0 la<\/p>\n","protected":false},"author":1,"featured_media":41882,"comment_status":"open","ping_status":"open","sticky":false,"template":"","format":"standard","meta":{"footnotes":""},"categories":[51],"tags":[],"class_list":["post-50668","post","type-post","status-publish","format-standard","has-post-thumbnail","hentry","category-general"],"_links":{"self":[{"href":"https:\/\/dekkbi.com\/index.php?rest_route=\/wp\/v2\/posts\/50668","targetHints":{"allow":["GET"]}}],"collection":[{"href":"https:\/\/dekkbi.com\/index.php?rest_route=\/wp\/v2\/posts"}],"about":[{"href":"https:\/\/dekkbi.com\/index.php?rest_route=\/wp\/v2\/types\/post"}],"author":[{"embeddable":true,"href":"https:\/\/dekkbi.com\/index.php?rest_route=\/wp\/v2\/users\/1"}],"replies":[{"embeddable":true,"href":"https:\/\/dekkbi.com\/index.php?rest_route=%2Fwp%2Fv2%2Fcomments&post=50668"}],"version-history":[{"count":3,"href":"https:\/\/dekkbi.com\/index.php?rest_route=\/wp\/v2\/posts\/50668\/revisions"}],"predecessor-version":[{"id":50671,"href":"https:\/\/dekkbi.com\/index.php?rest_route=\/wp\/v2\/posts\/50668\/revisions\/50671"}],"wp:featuredmedia":[{"embeddable":true,"href":"https:\/\/dekkbi.com\/index.php?rest_route=\/wp\/v2\/media\/41882"}],"wp:attachment":[{"href":"https:\/\/dekkbi.com\/index.php?rest_route=%2Fwp%2Fv2%2Fmedia&parent=50668"}],"wp:term":[{"taxonomy":"category","embeddable":true,"href":"https:\/\/dekkbi.com\/index.php?rest_route=%2Fwp%2Fv2%2Fcategories&post=50668"},{"taxonomy":"post_tag","embeddable":true,"href":"https:\/\/dekkbi.com\/index.php?rest_route=%2Fwp%2Fv2%2Ftags&post=50668"}],"curies":[{"name":"wp","href":"https:\/\/api.w.org\/{rel}","templated":true}]}}