{"id":50665,"date":"2025-01-17T11:39:29","date_gmt":"2025-01-17T11:39:29","guid":{"rendered":"https:\/\/dekkbi.com\/?p=50665"},"modified":"2025-01-17T11:39:30","modified_gmt":"2025-01-17T11:39:30","slug":"le-soudan-du-sud-impose-un-couvre-feu-nocturne-apres-des-pillages-a-juba","status":"publish","type":"post","link":"https:\/\/dekkbi.com\/?p=50665","title":{"rendered":"Le Soudan du sud impose un couvre-feu nocturne apr\u00e8s des pillages \u00e0 Juba"},"content":{"rendered":"\n<p>Un couvre-feu nocturne a \u00e9t\u00e9 ordonn\u00e9 au Soudan du Sud apr\u00e8s qu&rsquo;une manifestation a d\u00e9g\u00e9n\u00e9r\u00e9 en pillages de commerces appartenant \u00e0 des Soudanais jeudi soir dans la capitale Juba, a annonc\u00e9 vendredi l&rsquo;inspecteur g\u00e9n\u00e9ral de la police nationale.<\/p>\n\n\n\n<p>\u00ab\u00a0En r\u00e9ponse, nous avons ordonn\u00e9 un couvre-feu \u00e0 partir de 18H00\u00a0\u00bb, a d\u00e9clar\u00e9 Abraham Manyuat \u00e0 la t\u00e9l\u00e9vision publique, la South Sudan Broadcasting Corporation.<\/p>\n\n\n\n<p>\u00ab\u00a0Ces mesures additionnelles visent \u00e0 pr\u00e9venir toute violation de propri\u00e9t\u00e9s publiques ou priv\u00e9es\u00a0\u00bb, a-t-il ajout\u00e9.<\/p>\n\n\n\n<p>Une manifestation avait \u00e9t\u00e9 organis\u00e9e \u00e0 Juba jeudi soir pour protester contre des informations faisant \u00e9tat du meurtre r\u00e9cent de 29 citoyens sud-soudanais \u00e0 Wad Madani, dans l&rsquo;\u00c9tat d&rsquo;Al-Jazira au Soudan voisin, en proie \u00e0 la guerre.<\/p>\n\n\n\n<p>Le rassemblement a d\u00e9g\u00e9n\u00e9r\u00e9 en pillages de commerces appartenant \u00e0 des Soudanais et la police a tir\u00e9 jeudi soir des coups de feu pour disperser les manifestants. L&rsquo;AFP n&rsquo;avait \u00e0 ce stade pas connaissance de victimes.<\/p>\n\n\n\n<p>T\u00f4t vendredi matin, le calme semblait revenu \u00e0 Juba, malgr\u00e9 des tirs sporadiques. La plupart des commerces restaient par ailleurs ferm\u00e9s et l&rsquo;arm\u00e9e et la police \u00e9taient d\u00e9ploy\u00e9es aux principales intersections.<\/p>\n\n\n\n<p>Une nouvelle manifestation a d\u00e9but\u00e9 plus tard dans la matin\u00e9e \u00e0 Juba, de m\u00eame que dans les villes de Bor, Aweil et Wau.<\/p>\n\n\n\n<p>La pr\u00e9sidence avait appel\u00e9 \u00ab\u00a0\u00e0 la retenue\u00a0\u00bb dans un communiqu\u00e9 transmis jeudi soir.<\/p>\n\n\n\n<p>\u00ab\u00a0Je vous appelle tous \u00e0 exercer de la retenue et \u00e0 permettre aux gouvernements du Soudan du Sud et du Soudan de r\u00e9gler cette question\u00a0\u00bb, a d\u00e9clar\u00e9 le bureau du pr\u00e9sident Salva Kiir.<\/p>\n\n\n\n<p>\u00ab\u00a0Nous ne devons pas laisser la col\u00e8re obscurcir notre jugement, et les individus qui fuient les violences m\u00e9ritent la protection\u00a0\u00bb, a ajout\u00e9 la pr\u00e9sidence.<\/p>\n\n\n\n<p>De nombreux citoyens soudanais r\u00e9sident ou se sont r\u00e9fugi\u00e9s au Soudan du Sud, qui a obtenu l&rsquo;ind\u00e9pendance de son voisin en 2011 et est depuis frapp\u00e9 par une instabilit\u00e9 chronique.<\/p>\n\n\n\n<p>Le Soudan est depuis avril 2023 en proie \u00e0 une guerre opposant l&rsquo;arm\u00e9e dirig\u00e9e par le g\u00e9n\u00e9ral Burhane aux paramilitaires des Forces de soutien rapide (FSR) men\u00e9s par son ancien alli\u00e9, le g\u00e9n\u00e9ral Mohamed Hamdane Daglo.<\/p>\n","protected":false},"excerpt":{"rendered":"<p>Un couvre-feu nocturne a \u00e9t\u00e9 ordonn\u00e9 au Soudan du Sud apr\u00e8s qu&rsquo;une manifestation a d\u00e9g\u00e9n\u00e9r\u00e9 en pillages de commerces appartenant<\/p>\n","protected":false},"author":1,"featured_media":50666,"comment_status":"open","ping_status":"open","sticky":false,"template":"","format":"standard","meta":{"footnotes":""},"categories":[6],"tags":[],"class_list":["post-50665","post","type-post","status-publish","format-standard","has-post-thumbnail","hentry","category-politics"],"_links":{"self":[{"href":"https:\/\/dekkbi.com\/index.php?rest_route=\/wp\/v2\/posts\/50665","targetHints":{"allow":["GET"]}}],"collection":[{"href":"https:\/\/dekkbi.com\/index.php?rest_route=\/wp\/v2\/posts"}],"about":[{"href":"https:\/\/dekkbi.com\/index.php?rest_route=\/wp\/v2\/types\/post"}],"author":[{"embeddable":true,"href":"https:\/\/dekkbi.com\/index.php?rest_route=\/wp\/v2\/users\/1"}],"replies":[{"embeddable":true,"href":"https:\/\/dekkbi.com\/index.php?rest_route=%2Fwp%2Fv2%2Fcomments&post=50665"}],"version-history":[{"count":1,"href":"https:\/\/dekkbi.com\/index.php?rest_route=\/wp\/v2\/posts\/50665\/revisions"}],"predecessor-version":[{"id":50667,"href":"https:\/\/dekkbi.com\/index.php?rest_route=\/wp\/v2\/posts\/50665\/revisions\/50667"}],"wp:featuredmedia":[{"embeddable":true,"href":"https:\/\/dekkbi.com\/index.php?rest_route=\/wp\/v2\/media\/50666"}],"wp:attachment":[{"href":"https:\/\/dekkbi.com\/index.php?rest_route=%2Fwp%2Fv2%2Fmedia&parent=50665"}],"wp:term":[{"taxonomy":"category","embeddable":true,"href":"https:\/\/dekkbi.com\/index.php?rest_route=%2Fwp%2Fv2%2Fcategories&post=50665"},{"taxonomy":"post_tag","embeddable":true,"href":"https:\/\/dekkbi.com\/index.php?rest_route=%2Fwp%2Fv2%2Ftags&post=50665"}],"curies":[{"name":"wp","href":"https:\/\/api.w.org\/{rel}","templated":true}]}}