{"id":50652,"date":"2025-01-17T11:22:18","date_gmt":"2025-01-17T11:22:18","guid":{"rendered":"https:\/\/dekkbi.com\/?p=50652"},"modified":"2025-01-17T11:27:34","modified_gmt":"2025-01-17T11:27:34","slug":"coupe-caf-le-jaraaf-de-dakar-senvole-pour-lalgerie-cette-nuit-apres-des-contretemps-resolus","status":"publish","type":"post","link":"https:\/\/dekkbi.com\/?p=50652","title":{"rendered":"Coupe CAF : Le Jaraaf de Dakar s\u2019envole pour l\u2019Alg\u00e9rie cette nuit"},"content":{"rendered":"\n<p>Le Jaraaf de Dakar s\u2019envole ce vendredi \u00e0 1h du matin pour Alger, en vue de son match capital face \u00e0 l\u2019USM Alger, pr\u00e9vu dimanche \u00e0 19 heures. Une partie de la d\u00e9l\u00e9gation voyagera cette nuit, tandis que le reste suivra demain, a appris wiwsport.<\/p>\n\n\n\n<p>Le club de la m\u00e9dina affrontera l\u2019USM Alger ce dimanche \u00e0 19 heures au Stade du 5 Juillet 1962, pour un match d\u00e9cisif. Malgr\u00e9 des retards dans la r\u00e9ception des billets d\u2019avion, initialement sous la responsabilit\u00e9 du minist\u00e8re des Sports, la situation a \u00e9t\u00e9 finalement r\u00e9gularis\u00e9e, permettant au club de confirmer son d\u00e9placement d\u00e8s cette nuit.<\/p>\n\n\n\n<p>En raison de la disponibilit\u00e9 limit\u00e9e des places sur les vols d\u2019Air Alg\u00e9rie, la d\u00e9l\u00e9gation voyagera en deux groupes. Le premier, compos\u00e9 de certains joueurs et membres du staff, vont quitter Dakar cette nuit \u00e0 1h du matin pour un trajet d\u2019environ 4h30. Le second groupe, incluant une partie de l\u2019encadrement technique, les rejoindra demain \u00e0 la m\u00eame heure.<\/p>\n\n\n\n<p>Avant leur d\u00e9part, l\u2019entra\u00eeneur Malick Daf a dirig\u00e9 une s\u00e9ance d\u2019entra\u00eenement cet apr\u00e8s-midi \u00e0 Dakar, r\u00e9unissant l\u2019ensemble de l\u2019\u00e9quipe. Dans une ambiance studieuse, les joueurs ont affich\u00e9 une concentration maximale, d\u00e9termin\u00e9s \u00e0 d\u00e9crocher une qualification pour les quarts de finale de la Coupe CAF.<\/p>\n\n\n\n<p>wiwsport.com<\/p>\n","protected":false},"excerpt":{"rendered":"<p>Le Jaraaf de Dakar s\u2019envole ce vendredi \u00e0 1h du matin pour Alger, en vue de son match capital face<\/p>\n","protected":false},"author":1,"featured_media":32957,"comment_status":"open","ping_status":"open","sticky":false,"template":"","format":"standard","meta":{"footnotes":""},"categories":[9],"tags":[],"class_list":["post-50652","post","type-post","status-publish","format-standard","has-post-thumbnail","hentry","category-sports"],"_links":{"self":[{"href":"https:\/\/dekkbi.com\/index.php?rest_route=\/wp\/v2\/posts\/50652","targetHints":{"allow":["GET"]}}],"collection":[{"href":"https:\/\/dekkbi.com\/index.php?rest_route=\/wp\/v2\/posts"}],"about":[{"href":"https:\/\/dekkbi.com\/index.php?rest_route=\/wp\/v2\/types\/post"}],"author":[{"embeddable":true,"href":"https:\/\/dekkbi.com\/index.php?rest_route=\/wp\/v2\/users\/1"}],"replies":[{"embeddable":true,"href":"https:\/\/dekkbi.com\/index.php?rest_route=%2Fwp%2Fv2%2Fcomments&post=50652"}],"version-history":[{"count":2,"href":"https:\/\/dekkbi.com\/index.php?rest_route=\/wp\/v2\/posts\/50652\/revisions"}],"predecessor-version":[{"id":50660,"href":"https:\/\/dekkbi.com\/index.php?rest_route=\/wp\/v2\/posts\/50652\/revisions\/50660"}],"wp:featuredmedia":[{"embeddable":true,"href":"https:\/\/dekkbi.com\/index.php?rest_route=\/wp\/v2\/media\/32957"}],"wp:attachment":[{"href":"https:\/\/dekkbi.com\/index.php?rest_route=%2Fwp%2Fv2%2Fmedia&parent=50652"}],"wp:term":[{"taxonomy":"category","embeddable":true,"href":"https:\/\/dekkbi.com\/index.php?rest_route=%2Fwp%2Fv2%2Fcategories&post=50652"},{"taxonomy":"post_tag","embeddable":true,"href":"https:\/\/dekkbi.com\/index.php?rest_route=%2Fwp%2Fv2%2Ftags&post=50652"}],"curies":[{"name":"wp","href":"https:\/\/api.w.org\/{rel}","templated":true}]}}