{"id":50633,"date":"2025-01-17T10:59:19","date_gmt":"2025-01-17T10:59:19","guid":{"rendered":"https:\/\/dekkbi.com\/?p=50633"},"modified":"2025-01-17T11:05:26","modified_gmt":"2025-01-17T11:05:26","slug":"farba-ngom-meme-si-je-dois-aller-en-prison","status":"publish","type":"post","link":"https:\/\/dekkbi.com\/?p=50633","title":{"rendered":"Poursuites contre Farba Ngom : L\u2019APR SONNE LA R\u00c9SISTANCE"},"content":{"rendered":"\n<p><strong>Les poursuites engag\u00e9es contre le d\u00e9put\u00e9 Farba Ngom, membre du groupe parlementaire de l\u2019opposition, \u00abTakku Wallu Senegaal\u00bb, sont une \u00abmachination politique\u00bb contre un \u00abfils du Fouta\u00bb. C\u2019est la lecture que le parti Alliance pour la R\u00e9publique (Apr) a faite de l\u2019affaire du d\u00e9put\u00e9 cit\u00e9 dans un suppos\u00e9 blanchiment d\u2019argent. Les Ap\u00e9ristes affirment que le Premier ministre et leader du parti Pastef, Ousmane Sonko, les trouvera sur son chemin.&nbsp;<\/strong><strong>Par Malick GAYE \u2013<\/strong><\/p>\n\n\n\n<p>La proc\u00e9dure judiciaire enclench\u00e9e contre le d\u00e9put\u00e9 Farba Ngom, membre du groupe parlementaire de l\u2019opposition, \u00abTakku Wallu Senegaal\u00bb, a des relents de \u00abr\u00e8glement de comptes politiques\u00bb et d\u2019une volont\u00e9 de \u00absanctionner le Fouta, qui est l\u2019une des rares poches de r\u00e9sistance\u00bb au r\u00e9gime. C\u2019est la position de l\u2019Alliance pour la R\u00e9publique (Apr).<\/p>\n\n\n\n<p>Hier, le parti dirig\u00e9 par l\u2019ancien pr\u00e9sident de la R\u00e9publique, Macky Sall, a fait un point de presse pour \u00abengager le combat contre la machination politique\u00bb. C\u2019est Me Moussa Bocar Thiam, qui a lu la r\u00e9solution. \u00abLe Fouta est l\u2019une des poches de r\u00e9sistance face \u00e0 ce r\u00e9gime autoritaire. Ousmane Sonko, apr\u00e8s des s\u00e9jours dans le Nord, n\u2019a pas convaincu les fils du Fouta. Nous disons \u00abNon \u00e0 l\u2019intimidation\u00bb (\u2026) Aucun des fils du Fouta n\u2019est au gouvernement. On n\u2019a pas vu le gouvernement, lors de la crue du fleuve. Il n\u2019y a aucune promotion des fils du Fouta. Au contraire, nous constatons le licenciement de plus de 1000 jeunes au Port, \u00e0 la Lonase ; l\u2019annulation de plus 1000 bourses familiales, l\u2019arr\u00eat des chantiers de la route du Dand\u00e9mayo, l\u2019a\u00e9roport de Ourossogui. Le Fouta est sanctionn\u00e9 par le r\u00e9gime. L\u2019Etat ex\u00e9cute la volont\u00e9 de Sonko. Qui a dit&nbsp;: \u00abFarba ne participera plus jamais \u00e0 une \u00e9lection.\u00bb\u00bb, a d\u00e9clar\u00e9 Me Moussa Bocar Thiam. Qui a d\u00e9nonc\u00e9 une \u00abmachination politique\u00bb en levant l\u2019immunit\u00e9 parlementaire de Farba Ngom. \u00abNous n\u2019accepterons jamais l\u2019\u00e9limination de l\u2019un de ses fils les plus utiles. Farba n\u2019a jamais b\u00e9n\u00e9fici\u00e9 de l\u2019argent public, ni de march\u00e9 public, encore moins de nomination. Le Fouta fait partie du S\u00e9n\u00e9gal, il doit \u00eatre pris en compte dans les politiques publiques. Celui qui s\u2019attaque \u00e0 Farba, s\u2019attaque \u00e0 l\u2019Apr, au Fouta et au S\u00e9n\u00e9gal\u00bb, a conclu Me Moussa Bocar Thiam.<\/p>\n\n\n\n<p><strong>\u00abJe ne reculerai pas\u00bb<\/strong><\/p>\n\n\n\n<p>Par ailleurs, Farba Ngom, prenant la parole, s\u2019est gard\u00e9 d\u2019\u00e9voquer le fond du dossier. Il a estim\u00e9 que les poursuites contre sa personne ne sont motiv\u00e9es que par la politique. \u00abJe suis fier d\u2019\u00eatre griot. Qui emp\u00eache beaucoup de personnes de dormir\u00bb, a-t-il d\u00e9clar\u00e9.<\/p>\n\n\n\n<p>\u00abJe suis justiciable comme tous les S\u00e9n\u00e9galais\u00bb, affirme le parlementaire. Avant de dire \u00e0 l\u2019attention du Premier ministre et patron du parti Pastef, Ousmane Sonko&nbsp;: \u00abTu viens \u00e0 Agnam pour d\u00e9clarer mon dernier mandat. Ousmane tu n\u2019es pas le Proph\u00e8te. M\u00eame si je dois faire de la prison, je ferai \u00e7a dignement. Mais je ne reculerai pas. Poiurqoi je ne dois pas avoir de l\u2019argent ? Je n\u2019ai jamais touch\u00e9 l\u2019argent de l\u2019Etat du S\u00e9n\u00e9gal.\u00bb<\/p>\n\n\n\n<p>\u00abMacky a fait tout pour moi. S\u2019il compte les personnes qui lui ont tourn\u00e9 le dos, mon nom n\u2019y figurera pas\u00bb, a annonc\u00e9 Farba Ngom.<\/p>\n\n\n\n<p>Pour sa part, la pr\u00e9sidente du groupe parlementaire \u00abTakku Wallu Senegaal\u00bb, Me A\u00efssata Tall Sall, pr\u00e9vient l\u2019actuel r\u00e9gime : \u00abIls ont trouv\u00e9 dans ce pays une Nation unie et solidaire, une R\u00e9publique. Pour ce combat-l\u00e0, ils n\u2019ont qu\u2019\u00e0 \u00eatre courageux, car on le sera plus qu\u2019eux. On va continuer le combat \u00e0 l\u2019Assembl\u00e9e, de m\u00eame que sur le terrain politique. Et nous ne serons jamais pour la compromission.\u00bb<\/p>\n\n\n\n<p>Faut-il le pr\u00e9ciser, la rencontre organis\u00e9e hier par l\u2019ancien parti au pouvoir a enregistr\u00e9 la pr\u00e9sence de beaucoup de responsables de l\u2019ancien r\u00e9gime tels que A\u00efssata Tall Sall, Sidiki Kaba, Pape Malick Ndour, Modou Diagne Fada, Babacar Gaye, Abdoulaye Saydou Sow.<\/p>\n\n\n\n<p><strong>mgaye@lequotidien.sn<\/strong><\/p>\n\n\n\n<p>SOURCE LEQUOTIDIEN<\/p>\n\n\n\n<p><\/p>\n\n\n\n<p><\/p>\n","protected":false},"excerpt":{"rendered":"<p>Les poursuites engag\u00e9es contre le d\u00e9put\u00e9 Farba Ngom, membre du groupe parlementaire de l\u2019opposition, \u00abTakku Wallu Senegaal\u00bb, sont une \u00abmachination<\/p>\n","protected":false},"author":1,"featured_media":50444,"comment_status":"open","ping_status":"open","sticky":false,"template":"","format":"standard","meta":{"footnotes":""},"categories":[26],"tags":[],"class_list":["post-50633","post","type-post","status-publish","format-standard","has-post-thumbnail","hentry","category-fait-divers"],"_links":{"self":[{"href":"https:\/\/dekkbi.com\/index.php?rest_route=\/wp\/v2\/posts\/50633","targetHints":{"allow":["GET"]}}],"collection":[{"href":"https:\/\/dekkbi.com\/index.php?rest_route=\/wp\/v2\/posts"}],"about":[{"href":"https:\/\/dekkbi.com\/index.php?rest_route=\/wp\/v2\/types\/post"}],"author":[{"embeddable":true,"href":"https:\/\/dekkbi.com\/index.php?rest_route=\/wp\/v2\/users\/1"}],"replies":[{"embeddable":true,"href":"https:\/\/dekkbi.com\/index.php?rest_route=%2Fwp%2Fv2%2Fcomments&post=50633"}],"version-history":[{"count":2,"href":"https:\/\/dekkbi.com\/index.php?rest_route=\/wp\/v2\/posts\/50633\/revisions"}],"predecessor-version":[{"id":50638,"href":"https:\/\/dekkbi.com\/index.php?rest_route=\/wp\/v2\/posts\/50633\/revisions\/50638"}],"wp:featuredmedia":[{"embeddable":true,"href":"https:\/\/dekkbi.com\/index.php?rest_route=\/wp\/v2\/media\/50444"}],"wp:attachment":[{"href":"https:\/\/dekkbi.com\/index.php?rest_route=%2Fwp%2Fv2%2Fmedia&parent=50633"}],"wp:term":[{"taxonomy":"category","embeddable":true,"href":"https:\/\/dekkbi.com\/index.php?rest_route=%2Fwp%2Fv2%2Fcategories&post=50633"},{"taxonomy":"post_tag","embeddable":true,"href":"https:\/\/dekkbi.com\/index.php?rest_route=%2Fwp%2Fv2%2Ftags&post=50633"}],"curies":[{"name":"wp","href":"https:\/\/api.w.org\/{rel}","templated":true}]}}