{"id":5063,"date":"2022-12-21T16:00:18","date_gmt":"2022-12-21T16:00:18","guid":{"rendered":"https:\/\/dekkbi.com\/?p=5063"},"modified":"2022-12-21T16:00:36","modified_gmt":"2022-12-21T16:00:36","slug":"nouveaux-missiles-triade-nucleaire-effectifs-militaires-poutine-fixe-les-objectifs-de-son-armee-pour-2023","status":"publish","type":"post","link":"https:\/\/dekkbi.com\/?p=5063","title":{"rendered":"Nouveaux missiles, triade nucl\u00e9aire, effectifs militaires: Poutine fixe les objectifs de son arm\u00e9e pour 2023"},"content":{"rendered":"\n<p><strong>MISE \u00c0 JOUR<\/strong>Le pr\u00e9sident russe Vladimir Poutine a affirm\u00e9 mercredi que son pays allait continuer de d\u00e9velopper son potentiel militaire, y compris la \u201cpr\u00e9paration au combat\u201d de ses forces nucl\u00e9aires, en plein conflit en Ukraine et crise avec les Occidentaux.<\/p>\n\n\n\n<p><strong>R\u00e9daction&nbsp;<\/strong>21-12-22, 13:35&nbsp;<strong>Derni\u00e8re mise \u00e0 jour:<\/strong>&nbsp;16:08&nbsp;<strong>Source:<\/strong>&nbsp;AFP<\/p>\n\n\n\n<ul class=\"wp-block-list\">\n<li><a href=\"https:\/\/www.facebook.com\/sharer\/sharer.php?u=https%3A%2F%2Fwww.7sur7.be%2Fmonde%2Fnouveaux-missiles-triade-nucleaire-effectifs-militaires-poutine-fixe-les-objectifs-de-son-armee-pour-2023%7Ea7f584ee%2F%3Futm_source%3Dfacebook%26utm_medium%3Dsocial%26utm_campaign%3Dsocialsharing_web\"><\/a><\/li>\n\n\n\n<li><a href=\"http:\/\/twitter.com\/share?text=Nouveaux+missiles%2C+triade+nucl%C3%A9aire%2C+effectifs+militaires%3A+Poutine+fixe+les+objectifs+de+son+arm%C3%A9e+pour+2023&amp;url=https%3A%2F%2Fwww.7sur7.be%2Fmonde%2Fnouveaux-missiles-triade-nucleaire-effectifs-militaires-poutine-fixe-les-objectifs-de-son-armee-pour-2023%7Ea7f584ee%2F%3Futm_source%3Dtwitter%26utm_medium%3Dsocial%26utm_campaign%3Dsocialsharing_web\"><\/a><\/li>\n<\/ul>\n\n\n\n<figure class=\"wp-block-embed\"><div class=\"wp-block-embed__wrapper\">\nhttps:\/\/imasdk.googleapis.com\/js\/core\/bridge3.549.0_en.html#goog_1839841524\n<\/div><\/figure>\n\n\n\n<p>00:53<\/p>\n\n\n\n<p>Poutine fixe les objectifs de son arm\u00e9e pour 2023<\/p>\n\n\n\n<p>\u201cLes forces arm\u00e9es et les capacit\u00e9s de combat de nos forces arm\u00e9es augmentent constamment et chaque jour. Et ce processus, bien s\u00fbr, nous allons le d\u00e9velopper\u201d, a d\u00e9clar\u00e9 M. Poutine lors d\u2019une r\u00e9union avec des hauts grad\u00e9s de l\u2019arm\u00e9e. \u201cNous continuerons \u00e0 maintenir et \u00e0 am\u00e9liorer la pr\u00e9paration au combat de notre triade nucl\u00e9aire\u201d, a-t-il ajout\u00e9.<\/p>\n\n\n\n<p>Il a par exemple annonc\u00e9 l\u2019entr\u00e9e en service \u201cd\u00e9but janvier\u201d des nouveaux missiles hypersoniques russe de croisi\u00e8re Zircon, qui appartiennent \u00e0 la nouvelle famille d\u2019armements d\u00e9velopp\u00e9s ces derni\u00e8res ann\u00e9es par Moscou.<\/p>\n\n\n\n<h2 class=\"wp-block-heading\">D\u00e9ploiement de bases navales en Ukraine<\/h2>\n\n\n\n<p>Le chef du Kremlin s\u2019exprimait devant un parterre d\u2019officiers sup\u00e9rieurs, lors d\u2019une r\u00e9union cens\u00e9e fixer les objectifs de l\u2019arm\u00e9e russe pour l\u2019ann\u00e9e 2023, alors qu\u2019elle est pleinement engag\u00e9e en Ukraine.<\/p>\n\n\n\n<p>L\u2019une des \u201cpriorit\u00e9s\u201d sera d\u2019ailleurs de \u201ccontinuer \u00e0 mener l\u2019op\u00e9ration sp\u00e9ciale (en Ukraine) jusqu\u2019\u00e0 ce que ses t\u00e2ches aient toutes \u00e9t\u00e9 remplies\u201d, a d\u00e9clar\u00e9 le ministre russe de la D\u00e9fense, Sergue\u00ef Cho\u00efgou.<\/p>\n\n\n\n<p>Ce dernier a aussi affirm\u00e9 que Moscou allait d\u00e9ployer des bases navales pour \u201cles navires de soutien, les services de secours d\u2019urgence et les unit\u00e9s de r\u00e9paration navale\u201d dans les deux villes ukrainiennes occup\u00e9es de Berdiansk et de Marioupol.<\/p>\n\n\n\n<h2 class=\"wp-block-heading\">1,5 million de militaires<\/h2>\n\n\n\n<p>M. Cho\u00efgou a \u00e9galement assur\u00e9 qu\u2019en Ukraine \u201cles militaires russes s\u2019opposent aux forces combin\u00e9es de l\u2019Occident\u201d. \u201cLa pr\u00e9sence croissante de l\u2019Occident \u00e0 nos fronti\u00e8res et celles du B\u00e9larus, et la volont\u00e9 de l\u2019Occident de prolonger au maximum les op\u00e9rations militaires en Ukraine afin d\u2019affaiblir notre pays, suscitent une inqui\u00e9tude particuli\u00e8re\u201d, a-t-il ajout\u00e9.<\/p>\n\n\n\n<p>Sergue\u00ef Cho\u00efgou a jug\u00e9 n\u00e9cessaire d\u2019augmenter les effectifs de l\u2019arm\u00e9e russe \u00e0 1,5 million de militaires, d\u2019augmenter l\u2019\u00e2ge limite du service militaire et de cr\u00e9er deux nouvelles entit\u00e9s administratives militaires dans le nord-ouest de la Russie.<\/p>\n\n\n\n<p>\u201cJe suis d\u2019accord avec vos propositions concernant les futurs changements structurels des forces arm\u00e9es\u201d, lui a r\u00e9pondu Vladimir Poutine, en assurant que ces \u00e9volutions allaient \u00eatre men\u00e9es \u201csans dommages\u201d pour la soci\u00e9t\u00e9 et l\u2019\u00e9conomie russes.<\/p>\n\n\n\n<h2 class=\"wp-block-heading\">\u201cPas fautive\u201d<\/h2>\n\n\n\n<p>M. Poutine a par ailleurs rendu bri\u00e8vement hommage aux soldats russes tomb\u00e9s pendant l\u2019offensive. \u201cEvidemment, les op\u00e9rations militaires sont toujours associ\u00e9es \u00e0 des trag\u00e9dies et \u00e0 des pertes humaines. Mais comme c\u2019est in\u00e9vitable, il vaut mieux aujourd\u2019hui que demain\u201d, a-t-il affirm\u00e9.<\/p>\n\n\n\n<p>Le conflit en Ukraine est une \u201ctrag\u00e9die commune\u201d mais la Russie n\u2019est pas fautive, a ajout\u00e9 M. Poutine.<\/p>\n\n\n\n<h2 class=\"wp-block-heading\">\u201cAucune limitation de financement\u201d<\/h2>\n\n\n\n<p>Il a aussi assur\u00e9 que Moscou n\u2019avait aucun probl\u00e8me pour financer sa campagne militaire, malgr\u00e9 les sanctions occidentales. \u201cNous n\u2019avons aucune limitation de financement. Le pays et le gouvernement donnent tout ce que l\u2019arm\u00e9e demande. Vraiment tout!\u201d, a dit le dirigeant russe, qui a d\u00e9cr\u00e9t\u00e9 en septembre une mobilisation militaire apr\u00e8s des revers militaires de Moscou.<\/p>\n\n\n\n<p>Il a rappel\u00e9 que 300.000 Russes avaient \u00e9t\u00e9 mobilis\u00e9s depuis cette date et que, parmi eux, \u201cune partie\u201d \u00e9tait d\u00e9j\u00e0 au combat. \u201c150.000 (mobilis\u00e9s) sont en cours de formation sur des bases militaires. C\u2019est une r\u00e9serve suffisante pour mener des op\u00e9rations, une r\u00e9serve strat\u00e9gique qui n\u2019est pas utilis\u00e9e dans les op\u00e9rations militaires\u201d, a-t-il affirm\u00e9.<\/p>\n","protected":false},"excerpt":{"rendered":"<p>MISE \u00c0 JOURLe pr\u00e9sident russe Vladimir Poutine a affirm\u00e9 mercredi que son pays allait continuer de d\u00e9velopper son potentiel militaire,<\/p>\n","protected":false},"author":1,"featured_media":5064,"comment_status":"open","ping_status":"open","sticky":false,"template":"","format":"standard","meta":{"footnotes":""},"categories":[51],"tags":[],"class_list":["post-5063","post","type-post","status-publish","format-standard","has-post-thumbnail","hentry","category-general"],"_links":{"self":[{"href":"https:\/\/dekkbi.com\/index.php?rest_route=\/wp\/v2\/posts\/5063","targetHints":{"allow":["GET"]}}],"collection":[{"href":"https:\/\/dekkbi.com\/index.php?rest_route=\/wp\/v2\/posts"}],"about":[{"href":"https:\/\/dekkbi.com\/index.php?rest_route=\/wp\/v2\/types\/post"}],"author":[{"embeddable":true,"href":"https:\/\/dekkbi.com\/index.php?rest_route=\/wp\/v2\/users\/1"}],"replies":[{"embeddable":true,"href":"https:\/\/dekkbi.com\/index.php?rest_route=%2Fwp%2Fv2%2Fcomments&post=5063"}],"version-history":[{"count":1,"href":"https:\/\/dekkbi.com\/index.php?rest_route=\/wp\/v2\/posts\/5063\/revisions"}],"predecessor-version":[{"id":5065,"href":"https:\/\/dekkbi.com\/index.php?rest_route=\/wp\/v2\/posts\/5063\/revisions\/5065"}],"wp:featuredmedia":[{"embeddable":true,"href":"https:\/\/dekkbi.com\/index.php?rest_route=\/wp\/v2\/media\/5064"}],"wp:attachment":[{"href":"https:\/\/dekkbi.com\/index.php?rest_route=%2Fwp%2Fv2%2Fmedia&parent=5063"}],"wp:term":[{"taxonomy":"category","embeddable":true,"href":"https:\/\/dekkbi.com\/index.php?rest_route=%2Fwp%2Fv2%2Fcategories&post=5063"},{"taxonomy":"post_tag","embeddable":true,"href":"https:\/\/dekkbi.com\/index.php?rest_route=%2Fwp%2Fv2%2Ftags&post=5063"}],"curies":[{"name":"wp","href":"https:\/\/api.w.org\/{rel}","templated":true}]}}