{"id":50620,"date":"2025-01-17T10:28:29","date_gmt":"2025-01-17T10:28:29","guid":{"rendered":"https:\/\/dekkbi.com\/?p=50620"},"modified":"2025-01-17T10:31:29","modified_gmt":"2025-01-17T10:31:29","slug":"matam-journee-setal-sunu-reew-la-berge-du-fleuve-senegal-est-le-site-retenu","status":"publish","type":"post","link":"https:\/\/dekkbi.com\/?p=50620","title":{"rendered":"Matam &#8211; Journ\u00e9e \u2018\u2019Setal sunu reew\u2019\u2019 &#8211; La berge du fleuve S\u00e9n\u00e9gal est le site retenu"},"content":{"rendered":"\n<p>La berge du fleuve S\u00e9n\u00e9gal est le site retenu dans la r\u00e9gion de Matam pour le lancement de l\u2019\u00e9dition de la journ\u00e9e de nettoiement \u2018\u2019S\u00e9tal sunu r\u00e9ew\u2019\u2019 pr\u00e9vue le 1er f\u00e9vrier, a inform\u00e9 jeudi le gouverneur Said Dia.<\/p>\n\n\n\n<p>\u2018\u2019Pour la journ\u00e9e de nettoiement, la berge du fleuve a \u00e9t\u00e9 choisie dans la r\u00e9gion. Ce site est une vitrine de la r\u00e9gion de Matam, surtout pour ceux qui viennent de la Mauritanie par le fleuve. Il faut am\u00e9liorer l\u2019hygi\u00e8ne sur cet endroit en \u00e9vacuant toutes les ordures\u2019\u2019, a-t-il dit au cours d\u2019une rencontre avec les parties prenantes \u00e0 cette journ\u00e9e d\u2019investissement humain. Le chef de l\u2019ex\u00e9cutif r\u00e9gional estime que ce site doit \u00eatre bien nettoy\u00e9 pour qu\u2019il soit encore plus fr\u00e9quentable.<\/p>\n\n\n\n<p>Said Dia a soulign\u00e9 que les jeunes, les femmes, les chefs de village et les&nbsp; \u2018\u2019bajenou gox\u2019\u2019 ont adh\u00e9r\u00e9 \u00e0 ce choix et ont tous promis de faire le n\u00e9cessaire pour que la mobilisation soit r\u00e9ussie. \u2018\u2019Chaque pr\u00e9fet a \u00e9labor\u00e9 un plan d\u2019action pour cette journ\u00e9e. Les moyens ont aussi \u00e9t\u00e9 d\u00e9gag\u00e9s. Tout est fin pr\u00eat pour que cette journ\u00e9e soit une grande r\u00e9ussite. Nous comptons sur les populations pour une forte mobilisation\u2019\u2019, a-t-il d\u00e9clar\u00e9.<\/p>\n\n\n\n<p>Des sites ont \u00e9galement \u00e9t\u00e9 retenus dans les deux autres chefs-lieux de&nbsp; d\u00e9partement, Kanel et Ran\u00e9rou, et les arrondissements pour cette journ\u00e9e. Lors des pr\u00e9c\u00e9dentes journ\u00e9es, des sites comme les h\u00f4pitaux de Matam et de Ourossogui, la gare routi\u00e8re r\u00e9gionale, les abords des cimeti\u00e8res de Matam ou encore le march\u00e9 de Ourossogui avaient \u00e9t\u00e9 choisis par les autorit\u00e9s.<\/p>\n","protected":false},"excerpt":{"rendered":"<p>La berge du fleuve S\u00e9n\u00e9gal est le site retenu dans la r\u00e9gion de Matam pour le lancement de l\u2019\u00e9dition de<\/p>\n","protected":false},"author":1,"featured_media":50621,"comment_status":"open","ping_status":"open","sticky":false,"template":"","format":"standard","meta":{"footnotes":""},"categories":[26],"tags":[],"class_list":["post-50620","post","type-post","status-publish","format-standard","has-post-thumbnail","hentry","category-fait-divers"],"_links":{"self":[{"href":"https:\/\/dekkbi.com\/index.php?rest_route=\/wp\/v2\/posts\/50620","targetHints":{"allow":["GET"]}}],"collection":[{"href":"https:\/\/dekkbi.com\/index.php?rest_route=\/wp\/v2\/posts"}],"about":[{"href":"https:\/\/dekkbi.com\/index.php?rest_route=\/wp\/v2\/types\/post"}],"author":[{"embeddable":true,"href":"https:\/\/dekkbi.com\/index.php?rest_route=\/wp\/v2\/users\/1"}],"replies":[{"embeddable":true,"href":"https:\/\/dekkbi.com\/index.php?rest_route=%2Fwp%2Fv2%2Fcomments&post=50620"}],"version-history":[{"count":2,"href":"https:\/\/dekkbi.com\/index.php?rest_route=\/wp\/v2\/posts\/50620\/revisions"}],"predecessor-version":[{"id":50623,"href":"https:\/\/dekkbi.com\/index.php?rest_route=\/wp\/v2\/posts\/50620\/revisions\/50623"}],"wp:featuredmedia":[{"embeddable":true,"href":"https:\/\/dekkbi.com\/index.php?rest_route=\/wp\/v2\/media\/50621"}],"wp:attachment":[{"href":"https:\/\/dekkbi.com\/index.php?rest_route=%2Fwp%2Fv2%2Fmedia&parent=50620"}],"wp:term":[{"taxonomy":"category","embeddable":true,"href":"https:\/\/dekkbi.com\/index.php?rest_route=%2Fwp%2Fv2%2Fcategories&post=50620"},{"taxonomy":"post_tag","embeddable":true,"href":"https:\/\/dekkbi.com\/index.php?rest_route=%2Fwp%2Fv2%2Ftags&post=50620"}],"curies":[{"name":"wp","href":"https:\/\/api.w.org\/{rel}","templated":true}]}}