{"id":50610,"date":"2025-01-17T10:08:49","date_gmt":"2025-01-17T10:08:49","guid":{"rendered":"https:\/\/dekkbi.com\/?p=50610"},"modified":"2025-01-17T10:08:50","modified_gmt":"2025-01-17T10:08:50","slug":"apres-la-pax-romana-place-a-la-pax-americana","status":"publish","type":"post","link":"https:\/\/dekkbi.com\/?p=50610","title":{"rendered":"Apr\u00e8s la Pax Romana, place \u00e0 la Pax Americana"},"content":{"rendered":"\n<p>Si vis pacem, para bellum. Cette c\u00e9l\u00e8bre locution latine, signifiant \u00ab Si tu veux la paix, pr\u00e9pare la guerre \u00bb, semble devenir un cr\u00e9do trumpien. Donald Trump, qui sera investi pr\u00e9sident de la toute-puissance am\u00e9ricaine lundi, affiche, depuis l\u2019annonce de son \u00e9lection le 5 novembre dernier, une ambition d\u00e9mesur\u00e9e en mati\u00e8re de conqu\u00eate territoriale. Le pr\u00e9sident fra\u00eechement \u00e9lu a exprim\u00e9 des vell\u00e9it\u00e9s expansionnistes vis-\u00e0-vis du voisin canadien.<\/p>\n\n\n\n<p>\u00ab De nombreux Canadiens souhaitent que le Canada devienne le 51e \u00c9tat (des \u00c9tats-Unis, ndlr). Je pense que c\u2019est une excellente id\u00e9e \u00bb, a tweet\u00e9 Trump mi-d\u00e9cembre.Cette d\u00e9claration a suscit\u00e9 des r\u00e9actions virulentes et une vive indignation du c\u00f4t\u00e9 du drapeau \u00e0 la feuille d\u2019\u00e9rable, notamment de la part de son Premier ministre d\u00e9missionnaire, Justin Trudeau.<\/p>\n\n\n\n<p>Par le pass\u00e9, le Canada a d\u00e9j\u00e0 subi \u00e0 deux reprises (en 1776 et en 1812) des tentatives d\u2019invasion militaire de la part de son encombrant voisin am\u00e9ricain. Mais Trump propose cette fois un changement de strat\u00e9gie : il envisage de conqu\u00e9rir le Canada par la \u00ab force \u00e9conomique \u00bb. Par exemple, il a \u00e9voqu\u00e9 l\u2019imposition de tarifs douaniers de 25 % sur les importations canadiennes.<\/p>\n\n\n\n<p>Une \u00ab menace \u00bb prise au s\u00e9rieux, sachant que le Canada r\u00e9alise 75 % de ses \u00e9changes commerciaux avec les \u00c9tats-Unis.Cette posture n\u2019\u00e9pargne pas le Mexique, l\u2019autre pays formant, avec les \u00c9tats-Unis et le Canada, le trio de l\u2019Accord de libre-\u00e9change nord-am\u00e9ricain (ALENA), r\u00e9vis\u00e9 en 2020. Trump souhaite ren\u00e9gocier les accords commerciaux avec ces deux voisins.<\/p>\n\n\n\n<p>Mais son app\u00e9tit ne se limite pas \u00e0 l\u2019Am\u00e9rique du Nord.Les signaux qu\u2019il envoie \u00e0 l\u2019Europe et au reste du monde ne sont pas toujours rassurants. Par exemple, lorsque son fils, Donald Trump Junior, visite le Groenland, il s\u2019agit d\u2019une man\u0153uvre g\u00e9opolitique visant \u00e0 contrer les ambitions russes en Arctique, qui pourraient repr\u00e9senter une menace pour les \u00c9tats-Unis. Si son opposition frontale avec la Russie inqui\u00e8te, celle qu\u2019il affiche face \u00e0 la Chine risque de perturber durablement l\u2019\u00e9quilibre diplomatique mondial. Concernant la Chine, Trump invoque l\u2019exemple du Canal de Panama, o\u00f9 des droits de p\u00e9age jug\u00e9s dissuasifs pour les navires am\u00e9ricains seraient attribu\u00e9s \u00e0 l\u2019influence croissante de P\u00e9kin.<\/p>\n\n\n\n<p>Ce dernier joue d\u00e9sormais un r\u00f4le de premier plan dans de nombreuses \u00e9conomies d\u2019Am\u00e9rique latine, s\u2019imposant comme un \u00ab grand fr\u00e8re \u00bb \u00e9conomique.<\/p>\n\n\n\n<p><strong>Et l\u2019Afrique dans tout cela ?<\/strong><\/p>\n\n\n\n<p>Trump imposera-t-il le m\u00eame diktat \u00e0 ce continent, auquel son premier mandat n\u2019a gu\u00e8re accord\u00e9 d\u2019attention ? Comme l\u2019a rappel\u00e9 Rama Yade dans la presse, en 2025 et 2026, \u00ab les principaux outils commerciaux am\u00e9ricains \u00e0 destination de l\u2019Afrique \u2013 l\u2019African Growth and Opportunity Act (AGOA), la Development Finance Corporation (DFC) et Eximbank \u2013 devront \u00eatre discut\u00e9s pour leur renouvellement par le Congr\u00e8s \u00bb.<\/p>\n\n\n\n<p>Les ambitions expansionnistes de cette Am\u00e9rique version Trump rappellent celles de la Rome imp\u00e9riale \u00e0 l\u2019\u00e9poque de l\u2019empereur Auguste, p\u00e9riode connue sous le nom de Pax Romana. Ce concept, attest\u00e9 pour la premi\u00e8re fois chez Tite-Live (59 av. J.-C. \u2013 17 ap. J.-C.), d\u00e9signait la paix impos\u00e9e par Rome \u00e0 ses ennemis vaincus, comme Carthage (actuelle Tunisie) apr\u00e8s la premi\u00e8re guerre punique en 241 av. J.-C. Il ne s\u2019agissait pas d\u2019une paix n\u00e9goci\u00e9e sur un pied d\u2019\u00e9galit\u00e9, mais de trait\u00e9s dont les clauses \u00e9taient dict\u00e9es par Rome, symbolisant sa domination sur ses partenaires.<\/p>\n\n\n\n<p>Cependant le concept de Pax Romana n\u2019a jamais d\u00e9sign\u00e9 une p\u00e9riode totalement exempte de conflits.Trump n\u2019est pas Auguste, m\u00eame s\u2019il aspire \u00e0 rev\u00eatir ses habits. Quant \u00e0 Musk et Zuckerberg, ces narrateurs de r\u00e9cits contemporains par le biais des r\u00e9seaux, ils s\u2019\u00e9loignent de Tite-Live dans leur mani\u00e8re de r\u00e9\u00e9crire l\u2019Histoire.<\/p>\n\n\n\n<p><strong>Par Moussa DIOP<\/strong><\/p>\n\n\n\n<p>LESOLEIL<\/p>\n\n\n\n<p><\/p>\n","protected":false},"excerpt":{"rendered":"<p>Si vis pacem, para bellum. Cette c\u00e9l\u00e8bre locution latine, signifiant \u00ab Si tu veux la paix, pr\u00e9pare la guerre \u00bb,<\/p>\n","protected":false},"author":1,"featured_media":50611,"comment_status":"open","ping_status":"open","sticky":false,"template":"","format":"standard","meta":{"footnotes":""},"categories":[51],"tags":[],"class_list":["post-50610","post","type-post","status-publish","format-standard","has-post-thumbnail","hentry","category-general"],"_links":{"self":[{"href":"https:\/\/dekkbi.com\/index.php?rest_route=\/wp\/v2\/posts\/50610","targetHints":{"allow":["GET"]}}],"collection":[{"href":"https:\/\/dekkbi.com\/index.php?rest_route=\/wp\/v2\/posts"}],"about":[{"href":"https:\/\/dekkbi.com\/index.php?rest_route=\/wp\/v2\/types\/post"}],"author":[{"embeddable":true,"href":"https:\/\/dekkbi.com\/index.php?rest_route=\/wp\/v2\/users\/1"}],"replies":[{"embeddable":true,"href":"https:\/\/dekkbi.com\/index.php?rest_route=%2Fwp%2Fv2%2Fcomments&post=50610"}],"version-history":[{"count":1,"href":"https:\/\/dekkbi.com\/index.php?rest_route=\/wp\/v2\/posts\/50610\/revisions"}],"predecessor-version":[{"id":50612,"href":"https:\/\/dekkbi.com\/index.php?rest_route=\/wp\/v2\/posts\/50610\/revisions\/50612"}],"wp:featuredmedia":[{"embeddable":true,"href":"https:\/\/dekkbi.com\/index.php?rest_route=\/wp\/v2\/media\/50611"}],"wp:attachment":[{"href":"https:\/\/dekkbi.com\/index.php?rest_route=%2Fwp%2Fv2%2Fmedia&parent=50610"}],"wp:term":[{"taxonomy":"category","embeddable":true,"href":"https:\/\/dekkbi.com\/index.php?rest_route=%2Fwp%2Fv2%2Fcategories&post=50610"},{"taxonomy":"post_tag","embeddable":true,"href":"https:\/\/dekkbi.com\/index.php?rest_route=%2Fwp%2Fv2%2Ftags&post=50610"}],"curies":[{"name":"wp","href":"https:\/\/api.w.org\/{rel}","templated":true}]}}