{"id":50585,"date":"2025-01-17T09:10:31","date_gmt":"2025-01-17T09:10:31","guid":{"rendered":"https:\/\/dekkbi.com\/?p=50585"},"modified":"2025-01-17T09:10:32","modified_gmt":"2025-01-17T09:10:32","slug":"numed-awards-une-plateforme-technologique-au-service-de-leducation","status":"publish","type":"post","link":"https:\/\/dekkbi.com\/?p=50585","title":{"rendered":"\u00abNumed Awards\u00a0\u00bb, une plateforme technologique au service de l\u2019\u00e9ducation"},"content":{"rendered":"\n<p>Dakar, 17 jan (APS) \u2013 Le minist\u00e8re de l\u2019\u00e9ducation nationale et T\u00e9l\u00e9-\u00e9cole, une chaine de t\u00e9l\u00e9vision scolaire et estudiantine, ont sign\u00e9, jeudi, \u00e0 Dakar, une convention de partenariat pour le lancement des activit\u00e9s de &nbsp;\u00bbNumed Awards&nbsp;\u00bb, une plateforme visant \u00e0 mettre les nouvelles technologies et les m\u00e9dias au service de l\u2019\u00e9ducation.<\/p>\n\n\n\n<p>&nbsp;\u00bbNumed Awards&nbsp;\u00bb sera &nbsp;\u00bbun cadre d\u2019appui pour encourager l\u2019innovation, l\u2019excellence et la collaboration dans le domaine \u00e9ducatif, \u00e0 travers des projets qui participent au d\u00e9veloppement global du S\u00e9n\u00e9gal&nbsp;\u00bb, a expliqu\u00e9 le ministre de l\u2019Education nationale, Moustapha Mamba Guirassy, lors de la c\u00e9r\u00e9monie de signature.<\/p>\n\n\n\n<p>Il a ajout\u00e9 que ce partenariat vise \u00e0 &nbsp;\u00bbexploiter les nouvelles technologies \u00e0 travers T\u00e9l\u00e9-\u00e9cole et d\u2019autres m\u00e9dias pour garantir un acc\u00e8s \u00e9largi aux ressources \u00e9ducatifs et ce, m\u00eame dans les zones les plus recul\u00e9es de notre pays&nbsp;\u00bb.<\/p>\n\n\n\n<p>Selon lui, &nbsp;\u00bbc\u2019est une convention extr\u00eamement importante dans le cadre de la transformation de notre syst\u00e8me \u00e9ducatif&nbsp;\u00bb.<\/p>\n\n\n\n<p>Il dit compter sur &nbsp;\u00bbplusieurs familles d\u2019acteurs pour justement \u00eatre les membres de cette nouvelle soci\u00e9t\u00e9 \u00e9ducative&nbsp;\u00bb.<\/p>\n\n\n\n<p>&nbsp;\u00bbNumed Awards&nbsp;\u00bb est une plateforme qui &nbsp;\u00bbva encourager les acteurs de l\u2019\u00e9cosyst\u00e8me, du digital, du num\u00e9rique, pour un meilleur accompagnement du syst\u00e8me \u00e9ducatif&nbsp;\u00bb, a expliqu\u00e9 le ministre, soulignant que ce partenariat vise \u00e0 renforcer la collaboration entre acteurs publics et priv\u00e9s en favorisant l\u2019\u00e9mergence d\u2019une synergie durable ente le minist\u00e8re, T\u00e9l\u00e9-\u00e9cole, les autres minist\u00e8res concern\u00e9s, les entreprises priv\u00e9es, les ONG entre autres.<\/p>\n\n\n\n<p>Le Directeur g\u00e9n\u00e9ral de T\u00e9l\u00e9-\u00e9cole, Assane Mboup, a invit\u00e9 tous les acteurs \u00e0 s\u2019investir \u00e0 fond dans ce projet afin de &nbsp;\u00bbpromouvoir l\u2019innovation p\u00e9dagogique en mettant \u00e0 disposition des contenus \u00e9ducatifs de qualit\u00e9 adapt\u00e9 aux besoins pr\u00e9sents et futures des apprenants&nbsp;\u00bb.<\/p>\n\n\n\n<p>AFD\/ADL\/OID<\/p>\n","protected":false},"excerpt":{"rendered":"<p>Dakar, 17 jan (APS) \u2013 Le minist\u00e8re de l\u2019\u00e9ducation nationale et T\u00e9l\u00e9-\u00e9cole, une chaine de t\u00e9l\u00e9vision scolaire et estudiantine, ont<\/p>\n","protected":false},"author":1,"featured_media":50586,"comment_status":"open","ping_status":"open","sticky":false,"template":"","format":"standard","meta":{"footnotes":""},"categories":[21],"tags":[],"class_list":["post-50585","post","type-post","status-publish","format-standard","has-post-thumbnail","hentry","category-societe"],"_links":{"self":[{"href":"https:\/\/dekkbi.com\/index.php?rest_route=\/wp\/v2\/posts\/50585","targetHints":{"allow":["GET"]}}],"collection":[{"href":"https:\/\/dekkbi.com\/index.php?rest_route=\/wp\/v2\/posts"}],"about":[{"href":"https:\/\/dekkbi.com\/index.php?rest_route=\/wp\/v2\/types\/post"}],"author":[{"embeddable":true,"href":"https:\/\/dekkbi.com\/index.php?rest_route=\/wp\/v2\/users\/1"}],"replies":[{"embeddable":true,"href":"https:\/\/dekkbi.com\/index.php?rest_route=%2Fwp%2Fv2%2Fcomments&post=50585"}],"version-history":[{"count":1,"href":"https:\/\/dekkbi.com\/index.php?rest_route=\/wp\/v2\/posts\/50585\/revisions"}],"predecessor-version":[{"id":50587,"href":"https:\/\/dekkbi.com\/index.php?rest_route=\/wp\/v2\/posts\/50585\/revisions\/50587"}],"wp:featuredmedia":[{"embeddable":true,"href":"https:\/\/dekkbi.com\/index.php?rest_route=\/wp\/v2\/media\/50586"}],"wp:attachment":[{"href":"https:\/\/dekkbi.com\/index.php?rest_route=%2Fwp%2Fv2%2Fmedia&parent=50585"}],"wp:term":[{"taxonomy":"category","embeddable":true,"href":"https:\/\/dekkbi.com\/index.php?rest_route=%2Fwp%2Fv2%2Fcategories&post=50585"},{"taxonomy":"post_tag","embeddable":true,"href":"https:\/\/dekkbi.com\/index.php?rest_route=%2Fwp%2Fv2%2Ftags&post=50585"}],"curies":[{"name":"wp","href":"https:\/\/api.w.org\/{rel}","templated":true}]}}