{"id":50581,"date":"2025-01-16T11:29:32","date_gmt":"2025-01-16T11:29:32","guid":{"rendered":"https:\/\/dekkbi.com\/?p=50581"},"modified":"2025-01-16T11:29:33","modified_gmt":"2025-01-16T11:29:33","slug":"live-mercato-direction-la-mls-pour-neymar","status":"publish","type":"post","link":"https:\/\/dekkbi.com\/?p=50581","title":{"rendered":"LIVE MERCATO: direction la MLS pour Neymar?"},"content":{"rendered":"\n<p>Le mercato hivernal est lanc\u00e9. Durant le mois de janvier, les clubs belges et les autres clubs europ\u00e9ens ont l\u2019occasion de se renforcer en vue de la seconde partie de saison. Suivez les derni\u00e8res informations dans notre live ci-dessous.<\/p>\n\n\n\n<p><strong>11:02<\/strong><\/p>\n\n\n\n<p>Neymar vers la MLS<\/p>\n\n\n\n<p>Neymar pourrait d\u00e9j\u00e0 quitter l&rsquo;Arabie saoudite et c&rsquo;est en MLS que se situerait l&rsquo;avenir du Br\u00e9silien. L&rsquo;Inter Miami avait d\u00e9j\u00e0 approch\u00e9 l&rsquo;ancien Parisien, mais c&rsquo;est Chicago Fire qui tiendrait la corde pour le transf\u00e9rer cet hiver, selon les informations de l&rsquo;\u00c9quipe.&nbsp;<\/p>\n\n\n\n<p>Neymar avait quitt\u00e9 Paris pour Al-Hilal en ao\u00fbt 2023 en \u00e9change d&rsquo;un ch\u00e8que de 90 millions d&rsquo;euros. Mais les blessures l&rsquo;ont, jusqu&rsquo;ici, emp\u00each\u00e9 de briller en Saudi League et son club est d\u00e9sormais pr\u00eat \u00e0 le laisser filer.<\/p>\n\n\n\n<p><strong>15:02<\/strong>&nbsp;Hier<\/p>\n\n\n\n<p>OFFICIEL: Adryelson pr\u00eat\u00e9 \u00e0 Anderlecht<\/p>\n\n\n\n<p>C&rsquo;est officiel: Adryelson a sign\u00e9 \u00e0 Anderlecht. Le Br\u00e9silien est pr\u00eat\u00e9 jusqu&rsquo;\u00e0 la fin de la saison par l&rsquo;Olympique Lyonnais. D\u00e9fenseur central de 26 ans, il a effectu\u00e9 la majeure partie de sa carri\u00e8re au Br\u00e9sil, avant de passer par les Emirats Arabes Unis, puis d&rsquo;atterrir \u00e0 Lyon en janvier 2024. Mais il ne s&rsquo;est jamais impos\u00e9 en France et il a effectu\u00e9 plusieurs allers-retours vers Botafogo, un autre club de la galaxie de John Textor. Il a d&rsquo;ailleurs remport\u00e9 la Copa Libertadores avec le club br\u00e9silien et il \u00e9tait titulaire en finale.&nbsp;<\/p>\n\n\n\n<p><strong>10:45<\/strong>&nbsp;Hier<\/p>\n\n\n\n<p>Adryelson en approche \u00e0 Anderlecht<\/p>\n\n\n\n<p>Apr\u00e8s l&rsquo;arriv\u00e9e de C\u00e9sar Huerta et en attendant celle du jeune Fran\u00e7ais Enzo Sternal, Anderlecht est sur le point de finaliser son deuxi\u00e8me transfert entrant du mercato, selon la Derni\u00e8re Heure. L&rsquo;arriv\u00e9e d&rsquo;Adryelson pourrait en effet \u00eatre officialis\u00e9e dans la journ\u00e9e.&nbsp;<\/p>\n\n\n\n<p>Le d\u00e9fenseur br\u00e9silien de 26 ans appartient \u00e0 Lyon et il \u00e9tait pr\u00eat\u00e9 \u00e0 Botafogo jusqu&rsquo;au 31 d\u00e9cembre et il sera aussi pr\u00eat\u00e9 \u00e0 Anderlecht jusqu&rsquo;\u00e0 la fin de la saison.&nbsp;<\/p>\n\n\n\n<figure class=\"wp-block-image\"><img decoding=\"async\" src=\"https:\/\/images.7sur7.be\/YzFjMzYxZTRjMzQ4ZWU1MDQ0OTYvZGlvLzI1MTUxMjMxMi9maXQtd2lkdGgvNTM0\" alt=\"AFP\"\/><figcaption class=\"wp-element-caption\">\u00a9 AFP<\/figcaption><\/figure>\n\n\n\n<p><strong>10:39<\/strong>&nbsp;Hier<\/p>\n\n\n\n<p>Un d\u00e9fenseur et un ailier dans le viseur de Manchester City<\/p>\n\n\n\n<p>Manchester City doit aussi finaliser de premi\u00e8res arriv\u00e9es dans les prochaines heures. Le jeune d\u00e9fenseur br\u00e9silien Vitor Reis, qui arrive en provenance de Palmeiras et Omar Marmoush, qui cartonne en Bundesliga depuis le d\u00e9but de saison. L&rsquo;attaquant \u00e9gyptien a plant\u00e9 20 buts depuis le d\u00e9but de saison et l&rsquo;Eintracht Francfort r\u00e9clame 80 millions d&rsquo;euros pour le laisser partir.&nbsp;<\/p>\n\n\n\n<p><strong>10:33<\/strong>&nbsp;Hier<\/p>\n\n\n\n<p>Kvaratskhelia arrive \u00e0 Paris, Kolo Muani s&rsquo;en va<\/p>\n\n\n\n<p>Le PSG pour officialiser son premier transfert hivernal dans les prochaines heures. Selon l&rsquo;\u00c9quipe,&nbsp;Khvicha Kvaratskhelia est attendu mercredi \u00e0 Paris pour passer sa visite m\u00e9dicale. Le club parisien a trouv\u00e9 un accord avec le Napoli et va d\u00e9bourser 70 millions d&rsquo;euros pour s&rsquo;attacher les services du G\u00e9orgien.&nbsp;<\/p>\n\n\n\n<p>Mais il pourrait aussi y avoir du mouvement dans l&rsquo;autre sens. RMC Sport avance en effet que Randal Kolo Muani va \u00eatre pr\u00eat\u00e9 jusqu&rsquo;\u00e0 la fin de la saison \u00e0 la Juventus.&nbsp;<\/p>\n\n\n\n<figure class=\"wp-block-image\"><img decoding=\"async\" src=\"https:\/\/images.7sur7.be\/NDhhYjEzOTMxZjU3NGUyNTc2OGYvZGlvLzI1MjMxNTU1MC9maXQtd2lkdGgvNTM0\" alt=\"REUTERS\"\/><figcaption class=\"wp-element-caption\">\u00a9 REUTERS<\/figcaption><\/figure>\n\n\n\n<p><strong>07:49<\/strong>&nbsp;13-01-2025<\/p>\n\n\n\n<p>Skov Olsen sur le d\u00e9part<\/p>\n\n\n\n<p>Andreas Skov Olsen portera-t-il encore le maillot du Club de Bruges apr\u00e8s le mercato? L&rsquo;ailier danois est cit\u00e9 avec insistance \u00e0 Wolfsburg. Il \u00e9tait absent ce dimanche \u00e0 Anderlecht, mais, selon le Club, ce n&rsquo;est pas li\u00e9 \u00e0 son \u00e9ventuel transfert. Il \u00e9tait malade et incapable de jouer.&nbsp;<\/p>\n\n\n\n<figure class=\"wp-block-image\"><img decoding=\"async\" src=\"https:\/\/images.7sur7.be\/MDViMWViYjc1MTBjYmY2ODAxMTUvZGlvLzI1MjIwMzc1Mi9maXQtd2lkdGgvNTM0\" alt=\"Photo News\"\/><figcaption class=\"wp-element-caption\">\u00a9 Photo News<\/figcaption><\/figure>\n\n\n\n<p><strong>07:44<\/strong>&nbsp;13-01-2025<\/p>\n\n\n\n<p>Enzo Sternal tout proche du Sporting d&rsquo;Anderlecht<\/p>\n\n\n\n<p>Apr\u00e8s l&rsquo;arriv\u00e9e de C\u00e9sar Huerta, le Sporting d&rsquo;Anderlecht pourrait rapidement boucler un autre transfert entrant. Selon plusieurs m\u00e9dias fran\u00e7ais, Enzo Sternal serait en passe de s&rsquo;engager avec le Sporting. \u00c2g\u00e9 de 17 ans et form\u00e9 \u00e0 Marseille, le jeune ailier fran\u00e7ais devrait d&rsquo;abord \u00e9voluer avec les RSCA Futures en Challenger Pro League.&nbsp;<\/p>\n\n\n\n<p><strong>21:19<\/strong>&nbsp;10-01-2025<\/p>\n\n\n\n<p>Huerta a sign\u00e9: le mercato d&rsquo;Anderlecht est lanc\u00e9<\/p>\n\n\n\n<p>C\u00e9sar Huerta s&rsquo;est engag\u00e9 avec le Sporting d&rsquo;Anderlecht, a confirm\u00e9 le club de Jupiler Pro League vendredi. L&rsquo;international mexicain de 24 ans, qui a sign\u00e9 un contrat jusqu&rsquo;en 2029, devient ainsi le premier renfort hivernal du club et le premier joueur mexicain \u00e0 porter la vareuse mauve.<\/p>\n\n\n\n<p>Form\u00e9 au Mexique chez les jeunes de Chivas, Huerta a fait ses d\u00e9buts en \u00e9quipe premi\u00e8re en 2019 avant de partir en pr\u00eat pendant six mois \u00e0 Morelia. Dans la foul\u00e9e de son retour, il avait fait l&rsquo;objet d&rsquo;une nouvelle location mais au Mazatlan FC cette fois. En juillet 2022, libre de tout contrat, il d\u00e9cidait de quitter Chivas, pour qui il n&rsquo;avait jamais jou\u00e9, et rejoignait les UNAM Pumas.<\/p>\n\n\n\n<p>En 87 rencontres avec son dernier club, Huerta a trouv\u00e9 le chemin des filets \u00e0 20 reprises et a d\u00e9livr\u00e9 15 passes d\u00e9cisives.<\/p>\n\n\n\n<p><strong>13:16<\/strong>&nbsp;10-01-2025<\/p>\n\n\n\n<p>Un international hongrois au Standard?<\/p>\n\n\n\n<p>Comme Anderlecht, le Standard esp\u00e8re renforcer son secteur d\u00e9fensif cet hiver et les Rouches s&rsquo;int\u00e9ressent de pr\u00e8s \u00e0 la situation d&rsquo;Attila Szalai. Le d\u00e9fenseur de 26 ans n&rsquo;a pas jou\u00e9 le moindre match de Bundesliga avec Hoffenheim cette saison et le club li\u00e9geois esp\u00e8re le faire venir en pr\u00eat jusqu&rsquo;\u00e0 la fin de la saison.&nbsp;<\/p>\n\n\n\n<p>International hongrois (46 caps, 2 buts) Attila Szalai \u00e9volue depuis deux ans et demi en Allemagne. Avant \u00e7a, il \u00e9tait pass\u00e9, entre autres, par Limassol et Fernah\u00e7e.&nbsp;<\/p>\n\n\n\n<p><strong>12:28<\/strong>&nbsp;10-01-2025<\/p>\n\n\n\n<p>Direction Anderlecht pour Siebe Van der Heyden?<\/p>\n\n\n\n<p>En manque de temps de jeu en Espagne, Siebe Van der Heyden pourrait se relancer en Belgique? Apr\u00e8s avoir fait les beaux jours de l&rsquo;Union entre 2019 et 2023, le d\u00e9fenseur central serait pr\u00eat \u00e0 rejoindre Anderlecht. Le Sporting a besoin de renforts d\u00e9fensifs pour compenser l&rsquo;absence de Jan Vertonghen et le probable d\u00e9part de Zanka et aurait, selon les m\u00e9dias espagnols, d\u00e9j\u00e0 trouv\u00e9 un accord avec l&rsquo;ancien Unioniste. Mais il faut encore trouver un terrain d&rsquo;entente avec Majorque, o\u00f9 Siebe Van der Heyden a encore trois ans et demi de contrat.&nbsp;<\/p>\n\n\n\n<p>Pass\u00e9 par les centres de formation de Bruges et d&rsquo;Anderlecht, Siebe Van der Heyden a ensuite \u00e9volu\u00e9 sous les couleurs d&rsquo;Ostende et du FC Eindhoven, avant de rejoindre l&rsquo;Union en juillet 2019. Au Parc Duden, il a rapidement trouv\u00e9 ses marques et il \u00e9tait un cadre de l&rsquo;\u00e9quipe qui a d\u00e9croch\u00e9 le titre en D1B, qui a \u00e9t\u00e9 vice-championne de Belgique en 2022 et qui a \u00e9chou\u00e9 \u00e0 la troisi\u00e8me place en Pro League l&rsquo;ann\u00e9e suivante.<\/p>\n\n\n\n<p>Ses performances lui ont m\u00eame permis de s\u00e9duire Roberto Martinez et il avait jou\u00e9 un match avec les Diables Rouges en mars 2022. Il a ensuite pris la direction de l&rsquo;Espagne et de Majorque, mais il n&rsquo;y a jamais vraiment perc\u00e9. Cette saison, il n&rsquo;a particip\u00e9 qu&rsquo;\u00e0 deux matchs de Liga et, jeudi soir, en demi-finale de la Supercoupe contre le Real, il est rest\u00e9 sur le banc.&nbsp;<\/p>\n\n\n\n<figure class=\"wp-block-image\"><img decoding=\"async\" src=\"https:\/\/images.7sur7.be\/ZjZlMmViODJlYzQ3NzdkMTgyODAvZGlvLzIzMjk5NTI0Mi9maXQtd2lkdGgvNTM0\" alt=\"BELGA\"\/><figcaption class=\"wp-element-caption\">\u00a9 BELGA<\/figcaption><\/figure>\n\n\n\n<p><strong>18:26<\/strong>&nbsp;09-01-2025<\/p>\n\n\n\n<p>S\u00e9bastien Haller rebondit \u00e0 Utrecht<\/p>\n\n\n\n<p>Nouvelle aventure pour S\u00e9bastien Haller. Apr\u00e8s une demi-saison pas tr\u00e8s fructueuse \u00e0 L\u00e9gan\u00e8s en Liga (8 matchs, 0 but), l&rsquo;attaquant ivoirien retourne aux Pays-Bas. L&rsquo;ancien buteur de l&rsquo;Ajax d\u00e9barque \u00e0 Utrecht, o\u00f9 il est pr\u00eat\u00e9 jusqu&rsquo;\u00e0 la fin de la saison.&nbsp;<\/p>\n\n\n\n<figure class=\"wp-block-image\"><img decoding=\"async\" src=\"https:\/\/images.7sur7.be\/NTIwMTBkZGJmMWFjZTBkYTE3MDAvZGlvLzI0MjYwNDUwMS9maXQtd2lkdGgvNTM0\" alt=\"Photo News\"\/><figcaption class=\"wp-element-caption\">\u00a9 Photo News<\/figcaption><\/figure>\n\n\n\n<p><strong>18:16<\/strong>&nbsp;09-01-2025<\/p>\n\n\n\n<p>Hakim Sahabo pr\u00eat\u00e9 par le Standard<\/p>\n\n\n\n<p>Hakim Sahabo terminera la saison au Beerschot. Le milieu de terrain de 19 ans est pr\u00eat\u00e9 par le Standard au club anversois. Apr\u00e8s avoir fait ses d\u00e9buts en Pro League la saison derni\u00e8re, il n&rsquo;a pas r\u00e9ussi \u00e0 s&rsquo;imposer sous les ordres d&rsquo;Ivan Leko et il n&rsquo;avait jou\u00e9 qu&rsquo;avec les U23 du Standard, en Nationale 1,&nbsp;cette saison.&nbsp;<\/p>\n\n\n\n<p><strong>18:09<\/strong>&nbsp;09-01-2025<\/p>\n\n\n\n<p>\u00c7a se pr\u00e9cise pour Alexis Saelemaekers<\/p>\n\n\n\n<p>Pr\u00eat\u00e9 depuis le d\u00e9but de la saison par l&rsquo;AC Milan, Alexis Saelemaekers pourrait bient\u00f4t d\u00e9finitivement s&rsquo;engager avec la Roma. Selon Fabrizio Romano, les deux clubs ont en effet entam\u00e9 des n\u00e9gociations pour r\u00e9gler les transferts d\u00e9finitifs du Diable Rouge et de Tammy Abraham, qui est pr\u00eat\u00e9 par la Roma \u00e0 Milan depuis le d\u00e9but de saison.&nbsp;<\/p>\n\n\n\n<p>S&rsquo;il a \u00e9t\u00e9 bless\u00e9 et \u00e9loign\u00e9 des pelouses durant plusieurs mois, Alexis Saelemaekers a tr\u00e8s vite retrouv\u00e9 sa place dans le onze de base romain.\u00a0Il a d&rsquo;ailleurs \u00e9t\u00e9 \u00e9tincelant, dimanche dernier, \u00e0 l&rsquo;occasion du derby remport\u00e9 par la Roma contre la Lazio (2-0).\u00a0<\/p>\n\n\n\n<p><strong>15:05<\/strong>&nbsp;09-01-2025<\/p>\n\n\n\n<p>Le d\u00e9fenseur \u00e9cossais Stephen Welsh rejoint Malines<\/p>\n\n\n\n<p>Malines tient sa deuxi\u00e8me recrue dans ce mercato hivernal avec l&rsquo;arriv\u00e9e du d\u00e9fenseur \u00e9cossais Stephen Welsh, pr\u00eat\u00e9 jusqu&rsquo;\u00e0 la fin de la saison par le Celtic Glasgow, a communiqu\u00e9 le club malinois jeudi.<\/p>\n\n\n\n<p>Welsh, qui f\u00eatera ses 25 ans le 19 janvier, a \u00e9t\u00e9 form\u00e9 au Celtic o\u00f9 il a fait ses d\u00e9buts professionnels en f\u00e9vrier 2020. Au total, il a disput\u00e9 68 matches pour son club formateur avec 4 buts et 1 assist au compteur. \u00c0 Malines, il va vivre sa premi\u00e8re exp\u00e9rience \u00e0 l&rsquo;\u00e9tranger.<\/p>\n\n\n\n<p>\u00ab\u00a0Malines me voulait depuis un moment et je suis ravi de rejoindre ce beau club. Lors des prochains mois, je veux me battre avec l&rsquo;\u00e9quipe et les supporters pour r\u00e9aliser de beaux r\u00e9sultats. Je suis impatient\u00a0\u00bb, a confi\u00e9 Welsh, cit\u00e9 dans le communiqu\u00e9.<\/p>\n\n\n\n<p>\u00ab\u00a0Nous avions d\u00e9j\u00e0 tent\u00e9 plusieurs fois de recruter Stephen l&rsquo;\u00e9t\u00e9 dernier mais nous y sommes parvenus cette fois. C&rsquo;est un renfort dont nous avions besoin sur le court terme. Il va injecter de la qualit\u00e9 \u00e0 notre compartiment d\u00e9fensif. Son arriv\u00e9e est importante pour amener de la concurrence et donner plus d&rsquo;options \u00e0 notre entra\u00eeneur\u00a0\u00bb, a ajout\u00e9 Tim Matthys, directeur sportif du KaV\u00e9.<\/p>\n\n\n\n<p><strong>13:57<\/strong>&nbsp;09-01-2025<\/p>\n\n\n\n<p>Bodart \u00e0 Metz, c&rsquo;est officiel<\/p>\n\n\n\n<p>Apr\u00e8s pr\u00e8s de 20 ans pass\u00e9s au club li\u00e9geois, Arnaud Bodart quitte le Standard pour s&rsquo;engager avec Metz, pensionnaire de deuxi\u00e8me division fran\u00e7aise, ont communiqu\u00e9 les deux clubs jeudi. Bodart a sign\u00e9 un contrat de six mois.<\/p>\n\n\n\n<p>\u00ab\u00a0Je suis vraiment tr\u00e8s heureux de rejoindre un club historique comme le FC Metz. Jouer la mont\u00e9e en Ligue 1 est un projet tr\u00e8s challengeant. Je compte bien donner le maximum de moi-m\u00eame afin de r\u00e9ussir \u00e0 atteindre cet objectif qui tient \u00e0 coeur \u00e0 tout un club, \u00e0 tous ses supporters et toute une ville\u00a0\u00bb, a r\u00e9agi Bodart, cit\u00e9 dans le communiqu\u00e9 des Grenats.<\/p>\n\n\n\n<p><strong>Un enfant du club<\/strong><\/p>\n\n\n\n<p>Bodart, 26 ans, avait rejoint le centre de formation du Standard en 2006 et y a fait toutes ses classes jusqu&rsquo;\u00e0 ses d\u00e9buts professionnels le 16 mai 2017 lors d&rsquo;une victoire 1-3 \u00e0 Waasland-Beveren. Le neveu de Gilbert Bodart, ancien portier des &lsquo;Rouches&rsquo;, devient titulaire lors de la saison 2019-2020 et capitaine lors de la saison 2021-2022.<\/p>\n\n\n\n<p>Au total, il a disput\u00e9 190 rencontres pour le club li\u00e9geois, inscrivant m\u00eame 1 but en novembre 2020 contre Eupen pour offrir un point au Standard dans les derni\u00e8res secondes du match. Sur le d\u00e9part l&rsquo;\u00e9t\u00e9 dernier, il a d\u00e9but\u00e9 la saison actuelle sur le banc mais a \u00e9t\u00e9 relanc\u00e9 en novembre contre le Cercle Bruges (1-0) et \u00e0 Charleroi (1-1) avant de se blesser.<\/p>\n\n\n\n<p>\u00ab\u00a0Ce v\u00e9ritable \u00ab\u00a0enfant du club\u00a0\u00bb laissera de nombreux bons souvenirs aux supporters et \u00e0 toutes les personnes du club qui l&rsquo;ont c\u00f4toy\u00e9 durant toutes ces ann\u00e9es. Notre club remercie Arnaud pour tout ce qu&rsquo;il a apport\u00e9 au Standard de Li\u00e8ge et lui souhaite le meilleur pour la suite de sa carri\u00e8re professionnelle\u00a0\u00bb, a \u00e9crit le Standard dans son communiqu\u00e9.<\/p>\n\n\n\n<p><strong>10:56<\/strong>&nbsp;09-01-2025<\/p>\n\n\n\n<p>Verschaeren cit\u00e9 \u00e0 Trabzonspor<\/p>\n\n\n\n<p>Les m\u00e9dias turcs ont rapport\u00e9 l&rsquo;int\u00e9r\u00eat de Trabzonspor pour le milieu de terrain du RSC Anderlecht, Yari Verschaeren. Het Nieuwsblad a \u00e9galement confirm\u00e9 que le club turc avait effectivement sond\u00e9 Verschaeren.<\/p>\n\n\n\n<p>N\u00e9anmoins, selon des sources proches du joueur, un transfert semble peu probable, m\u00eame si&nbsp;Anderlecht semble rester ouvert \u00e0 une bonne proposition. Pour l&rsquo;instant, l&rsquo;avenir de Verschaeren reste donc incertain.&nbsp;&nbsp;<\/p>\n\n\n\n<figure class=\"wp-block-image\"><img decoding=\"async\" src=\"https:\/\/images.7sur7.be\/ODI5YWFjNDFlYTYxM2U4OWVlYjMvZGlvLzI1MTk0MDI2Ny9maXQtd2lkdGgvNTM0\/anderlecht-belgium-december-27-verschaeren-yari-midfielder-of-rsc-anderlecht-celebrates-scoring-the-equalising-goal-during-the-jupiler-pro-league-match-between-rsc-anderlecht-and-fcv-dender-eh-on-december-27-2024-in-anderlecht-belgium-27-12-2024-photo-by-nico-vereecken-photonews\" alt=\"ANDERLECHT, BELGIUM - DECEMBER 27 : Verschaeren Yari midfielder of RSC Anderlecht celebrates scoring the equalising goal during the Jupiler Pro League match between RSC Anderlecht and FCV Dender EH on December 27, 2024 in Anderlecht, Belgium, 27\/12\/2024 ( Photo by Nico Vereecken \/ PhotoNews\"\/><figcaption class=\"wp-element-caption\">ANDERLECHT, BELGIUM &#8211; DECEMBER 27 : Verschaeren Yari midfielder of RSC Anderlecht celebrates scoring the equalising goal during the Jupiler Pro League match between RSC Anderlecht and FCV Dender EH on December 27, 2024 in Anderlecht, Belgium, 27\/12\/2024 ( Photo by Nico Vereecken \/ PhotoNews&nbsp;\u00a9 Photo News<\/figcaption><\/figure>\n\n\n\n<p><strong>10:09<\/strong>&nbsp;09-01-2025<\/p>\n\n\n\n<p>Graham Potter remplace Julen Lopetegui \u00e0 West Ham<\/p>\n\n\n\n<p>West Ham a confirm\u00e9 jeudi l&rsquo;arriv\u00e9e de l&rsquo;Anglais Graham Potter pour succ\u00e9der \u00e0 Julen Lopetegui.<\/p>\n\n\n\n<p>Ancien mentor de Brighton &amp; Hove Albion et de Chelsea, Graham Potter a sign\u00e9 un contrat portant sur deux ans et demi. Il effectue surtout un retour sur le banc comme principal 20 mois apr\u00e8s son d\u00e9part des Blues o\u00f9 il avait remplac\u00e9 Thomas Tuchel en septembre 2022.<\/p>\n\n\n\n<p>Ce technicien de 49 ans, qui a commenc\u00e9 sa carri\u00e8re d&rsquo;entra\u00eeneur en Su\u00e8de \u00e0 \u00d6stersund, inaugurera son nouveau mandat vendredi en Coupe d&rsquo;Angleterre \u00e0 Aston Villa.<\/p>\n\n\n\n<p><strong>14:38<\/strong>&nbsp;08-01-2025<\/p>\n\n\n\n<p>Nacer Chadli au Standard<\/p>\n\n\n\n<p>Il s&rsquo;entra\u00eenait depuis plusieurs semaines, d\u00e9j\u00e0, en bord de Meuse, il va d\u00e9sormais avoir l&rsquo;occasion de d\u00e9fendre les couleurs du Standard. Nacer Chadli rejoint le SL16 et \u00e9voluera avec les U23 en Nationale 1. L&rsquo;ancien Diable Rouge \u00e9tait sans contrat depuis la fin de son aventure \u00e0 Westerlo l&rsquo;\u00e9t\u00e9 dernier.&nbsp;<\/p>\n\n\n\n<p><strong>13:22<\/strong>&nbsp;08-01-2025<\/p>\n\n\n\n<p>Arnaud Bodart vers Metz<\/p>\n\n\n\n<p>Son transfert est quasiment r\u00e9gl\u00e9: Arnaud Bodart va quitter le Standard pour le FC Metz, selon les informations de La Derni\u00e8re Heure. Les Rouches ne devraient donc pas pouvoir compter sur lui pour d\u00e9fier Courtrai vendredi soir, alors que Matthieu Epolo est bless\u00e9.&nbsp;<\/p>\n\n\n\n<p><strong>09:51<\/strong>&nbsp;08-01-2025<\/p>\n\n\n\n<p>C\u00e9sar Huerta va signer \u00e0 Anderlecht<\/p>\n\n\n\n<p>Renfort en vue au RSCA. C\u00e9sar Huerta s&rsquo;est envol\u00e9 ce mercredi pour la Belgique et doit signer \u00e0 Anderlecht, comme il l&rsquo;a lui-m\u00eame confirm\u00e9 avant de monter dans l&rsquo;avion. Ailier gauche mexicain de 24 ans, il arrive en provenance des Pumas et va passer sa visite m\u00e9dicale, avant de parapher son nouveau contrat.&nbsp;<\/p>\n","protected":false},"excerpt":{"rendered":"<p>Le mercato hivernal est lanc\u00e9. Durant le mois de janvier, les clubs belges et les autres clubs europ\u00e9ens ont l\u2019occasion<\/p>\n","protected":false},"author":1,"featured_media":50582,"comment_status":"open","ping_status":"open","sticky":false,"template":"","format":"standard","meta":{"footnotes":""},"categories":[9],"tags":[],"class_list":["post-50581","post","type-post","status-publish","format-standard","has-post-thumbnail","hentry","category-sports"],"_links":{"self":[{"href":"https:\/\/dekkbi.com\/index.php?rest_route=\/wp\/v2\/posts\/50581","targetHints":{"allow":["GET"]}}],"collection":[{"href":"https:\/\/dekkbi.com\/index.php?rest_route=\/wp\/v2\/posts"}],"about":[{"href":"https:\/\/dekkbi.com\/index.php?rest_route=\/wp\/v2\/types\/post"}],"author":[{"embeddable":true,"href":"https:\/\/dekkbi.com\/index.php?rest_route=\/wp\/v2\/users\/1"}],"replies":[{"embeddable":true,"href":"https:\/\/dekkbi.com\/index.php?rest_route=%2Fwp%2Fv2%2Fcomments&post=50581"}],"version-history":[{"count":1,"href":"https:\/\/dekkbi.com\/index.php?rest_route=\/wp\/v2\/posts\/50581\/revisions"}],"predecessor-version":[{"id":50583,"href":"https:\/\/dekkbi.com\/index.php?rest_route=\/wp\/v2\/posts\/50581\/revisions\/50583"}],"wp:featuredmedia":[{"embeddable":true,"href":"https:\/\/dekkbi.com\/index.php?rest_route=\/wp\/v2\/media\/50582"}],"wp:attachment":[{"href":"https:\/\/dekkbi.com\/index.php?rest_route=%2Fwp%2Fv2%2Fmedia&parent=50581"}],"wp:term":[{"taxonomy":"category","embeddable":true,"href":"https:\/\/dekkbi.com\/index.php?rest_route=%2Fwp%2Fv2%2Fcategories&post=50581"},{"taxonomy":"post_tag","embeddable":true,"href":"https:\/\/dekkbi.com\/index.php?rest_route=%2Fwp%2Fv2%2Ftags&post=50581"}],"curies":[{"name":"wp","href":"https:\/\/api.w.org\/{rel}","templated":true}]}}