{"id":50565,"date":"2025-01-16T11:09:34","date_gmt":"2025-01-16T11:09:34","guid":{"rendered":"https:\/\/dekkbi.com\/?p=50565"},"modified":"2025-01-16T11:21:12","modified_gmt":"2025-01-16T11:21:12","slug":"la-crise-economique-allemande-fragilise-toute-lunion-europeenne","status":"publish","type":"post","link":"https:\/\/dekkbi.com\/?p=50565","title":{"rendered":"R\u00e9cession : la crise \u00e9conomique allemande fragilise toute l&rsquo;Union europ\u00e9enne"},"content":{"rendered":"\n<p>L&rsquo;\u00e9conomie allemande a connu une nouvelle ann\u00e9e de r\u00e9cession en 2024 pour la deuxi\u00e8me ann\u00e9e cons\u00e9cutive. La baisse de son PIB est de -0,2%. Si cette dynamique \u00e9tait crainte, elle est aujourd&rsquo;hui confirm\u00e9e en raison de la crise persistante du mod\u00e8le industriel et exportateur du pays.&nbsp;<\/p>\n\n\n\n<p>Par : St\u00e9phane Geneste &#8211; RFI<\/p>\n\n\n\n<p>L&rsquo;activit\u00e9 \u00e9conomique allemande s&rsquo;est contract\u00e9e de 0,2% en 2024, selon une premi\u00e8re estimation de\u00a0<strong>l&rsquo;Office f\u00e9d\u00e9ral de la statistique Destatis<\/strong>.\u00a0L&rsquo;ann\u00e9e 2024 a notamment \u00e9t\u00e9 rythm\u00e9e par les annonces de plans sociaux dans l&rsquo;industrie pour les grands groupes comme les petites entreprises. Symbole de la d\u00e9b\u00e2cle du pays de l&rsquo;automobile : Volkswagen va supprimer 35 000 emplois en Allemagne d&rsquo;ici 2030. En 2023, le PIB avait d\u00e9j\u00e0 recul\u00e9 de 0,3%, plomb\u00e9 par la hausse des co\u00fbts de l&rsquo;\u00e9nergie cons\u00e9cutive \u00e0 la guerre russe en Ukraine.<\/p>\n\n\n\n<p>On a tendance \u00e0 dire que l&rsquo;<strong>Allemagne<\/strong>\u00a0est la locomotive de l&rsquo;Europe et si ses voisins europ\u00e9ens sont ses wagons, la locomotive peine \u00e0 les faire avancer. En effet, pr\u00e8s d&rsquo;un tiers de la production industrielle de la\u00a0<strong>zone euro<\/strong>\u00a0est allemande. Le pays est le premier partenaire de pratiquement la moiti\u00e9 des pays de l&rsquo;Union europ\u00e9enne. L&rsquo;activit\u00e9 \u00e9conomique du continent est donc frein\u00e9e par sa r\u00e9cession.<\/p>\n\n\n\n<p>En France, par exemple, bon nombre de sous-traitants appartiennent \u00e0 des filiales allemandes. Si l&rsquo;entreprise outre-Rhin rencontre des difficult\u00e9s, c&rsquo;est tout l&rsquo;\u00e9cosyst\u00e8me qui en d\u00e9pend qui les subira de plein fouet. Interd\u00e9pendance des \u00e9conomies aussi pour les pays d&rsquo;Europe centrale producteurs \u00e0 destination de l&rsquo;Allemagne. Si la consommation est en berne \u00e0 Berlin, c&rsquo;est du chiffre d&rsquo;affaires en moins pour les fabricants tch\u00e8ques et polonais.<\/p>\n\n\n\n<p>Et cette crise allemande pourrait s&rsquo;aggraver et contaminer davantage les voisins europ\u00e9ens. Les \u00e9conomistes envisagent d\u00e9j\u00e0 une troisi\u00e8me ann\u00e9e cons\u00e9cutive de r\u00e9cession.<\/p>\n\n\n\n<p><\/p>\n","protected":false},"excerpt":{"rendered":"<p>L&rsquo;\u00e9conomie allemande a connu une nouvelle ann\u00e9e de r\u00e9cession en 2024 pour la deuxi\u00e8me ann\u00e9e cons\u00e9cutive. La baisse de son<\/p>\n","protected":false},"author":1,"featured_media":50578,"comment_status":"open","ping_status":"open","sticky":false,"template":"","format":"standard","meta":{"footnotes":""},"categories":[51],"tags":[],"class_list":["post-50565","post","type-post","status-publish","format-standard","has-post-thumbnail","hentry","category-general"],"_links":{"self":[{"href":"https:\/\/dekkbi.com\/index.php?rest_route=\/wp\/v2\/posts\/50565","targetHints":{"allow":["GET"]}}],"collection":[{"href":"https:\/\/dekkbi.com\/index.php?rest_route=\/wp\/v2\/posts"}],"about":[{"href":"https:\/\/dekkbi.com\/index.php?rest_route=\/wp\/v2\/types\/post"}],"author":[{"embeddable":true,"href":"https:\/\/dekkbi.com\/index.php?rest_route=\/wp\/v2\/users\/1"}],"replies":[{"embeddable":true,"href":"https:\/\/dekkbi.com\/index.php?rest_route=%2Fwp%2Fv2%2Fcomments&post=50565"}],"version-history":[{"count":2,"href":"https:\/\/dekkbi.com\/index.php?rest_route=\/wp\/v2\/posts\/50565\/revisions"}],"predecessor-version":[{"id":50568,"href":"https:\/\/dekkbi.com\/index.php?rest_route=\/wp\/v2\/posts\/50565\/revisions\/50568"}],"wp:featuredmedia":[{"embeddable":true,"href":"https:\/\/dekkbi.com\/index.php?rest_route=\/wp\/v2\/media\/50578"}],"wp:attachment":[{"href":"https:\/\/dekkbi.com\/index.php?rest_route=%2Fwp%2Fv2%2Fmedia&parent=50565"}],"wp:term":[{"taxonomy":"category","embeddable":true,"href":"https:\/\/dekkbi.com\/index.php?rest_route=%2Fwp%2Fv2%2Fcategories&post=50565"},{"taxonomy":"post_tag","embeddable":true,"href":"https:\/\/dekkbi.com\/index.php?rest_route=%2Fwp%2Fv2%2Ftags&post=50565"}],"curies":[{"name":"wp","href":"https:\/\/api.w.org\/{rel}","templated":true}]}}