{"id":50549,"date":"2025-01-16T10:46:07","date_gmt":"2025-01-16T10:46:07","guid":{"rendered":"https:\/\/dekkbi.com\/?p=50549"},"modified":"2025-01-16T10:46:08","modified_gmt":"2025-01-16T10:46:08","slug":"nominations-le-chef-de-letat-opere-un-vaste-mouvement-dans-le-corps-diplomatique","status":"publish","type":"post","link":"https:\/\/dekkbi.com\/?p=50549","title":{"rendered":"Nominations: le chef de l&rsquo;\u00e9tat op\u00e8re un vaste mouvement dans le corps diplomatique"},"content":{"rendered":"\n<p>iGFM &#8211; (Dakar) &nbsp;Le pr\u00e9sident de la R\u00e9publique, Bassirou Diomaye Faye, a proc\u00e9d\u00e9 \u00e0 un vaste mouvement dans le corps diplomatique, lors du Conseil des ministres de ce mercredi 15 janvier 2025.<\/p>\n\n\n\n<p>Ces nominations touchent plusieurs hauts fonctionnaires des Affaires \u00e9trang\u00e8res, renfor\u00e7ant ainsi les relations diplomatiques du S\u00e9n\u00e9gal \u00e0 l&rsquo;international, selon le communiqu\u00e9 de la r\u00e9union hebdomadaire du Conseil des ministres.<br><br>Baye Moctar Diop est nomm\u00e9 Ambassadeur extraordinaire et pl\u00e9nipotentiaire du S\u00e9n\u00e9gal aupr\u00e8s de la France. Ancien ambassadeur du S\u00e9n\u00e9gal en Belgique, il remplace Monsieur El Hadj Magatte Sey\u00e9, d\u00e9sormais affect\u00e9 \u00e0 d\u2019autres responsabilit\u00e9s.<br><br>En retour, El Hadj Magatte Sey\u00e9 prend la direction de l\u2019Ambassade du S\u00e9n\u00e9gal en Mauritanie, succ\u00e9dant \u00e0 Monsieur Birame Mbagnick Diagne. Une nomination strat\u00e9gique, renfor\u00e7ant ainsi les liens diplomatiques avec le voisin mauritanien.<br><br>Serigne Di\u00e8ye, ancien Ambassadeur et Directeur de cabinet du ministre des Affaires \u00e9trang\u00e8res, est d\u00e9sormais le nouvel Ambassadeur du S\u00e9n\u00e9gal au Portugal. Il succ\u00e8de \u00e0 Madame Fatoumata Binetou Rassoul Correa, appel\u00e9e \u00e0 d&rsquo;autres fonctions.<br><br>Dans la m\u00eame dynamique, Mariame Sy est nomm\u00e9e Ambassadrice extraordinaire et pl\u00e9nipotentiaire du S\u00e9n\u00e9gal en Gambie, en remplacement de Monsieur Bassirou S\u00e8ne, qui prend sa retraite.<br><br>Mbaba Coura Ndiaye, apr\u00e8s son passage en tant qu&rsquo;Ambassadeur du S\u00e9n\u00e9gal au Burkina Faso, prend d\u00e9sormais ses fonctions en Alg\u00e9rie, en remplacement de Monsieur Serigne Dieye.<br><br>Amadou Nd\u00e9n\u00e9 Ndoye, jusque-l\u00e0 Ministre-Conseiller \u00e0 l\u2019Ambassade du S\u00e9n\u00e9gal \u00e0 New Delhi, est nomm\u00e9 ambassadeur du S\u00e9n\u00e9gal au Ghana, succ\u00e9dant \u00e0 Monsieur Aboubacar Sadikh Barry.<br><br>St\u00e9phan Sylvain Sambou, ancien Directeur Afrique et Union africaine au minist\u00e8re des Affaires \u00e9trang\u00e8res, est nomm\u00e9 Ambassadeur aupr\u00e8s de la Russie, succ\u00e9dant au G\u00e9n\u00e9ral Jean-Baptiste Tine.<br><br>Ousmane Diop, ancien Ambassadeur et Directeur Asie, Pacifique, Moyen-Orient, est nomm\u00e9 Ambassadeur du S\u00e9n\u00e9gal au Congo, en remplacement de Monsieur Abou Lo.<br><br>Enfin, Djibril Fofana, Chancelier des Affaires \u00e9trang\u00e8res, est d\u00e9sign\u00e9 Consul g\u00e9n\u00e9ral du S\u00e9n\u00e9gal \u00e0 Milan, prenant la rel\u00e8ve de Monsieur Mamadou Lamine Diouf.<\/p>\n","protected":false},"excerpt":{"rendered":"<p>iGFM &#8211; (Dakar) &nbsp;Le pr\u00e9sident de la R\u00e9publique, Bassirou Diomaye Faye, a proc\u00e9d\u00e9 \u00e0 un vaste mouvement dans le corps<\/p>\n","protected":false},"author":1,"featured_media":35345,"comment_status":"open","ping_status":"open","sticky":false,"template":"","format":"standard","meta":{"footnotes":""},"categories":[21],"tags":[],"class_list":["post-50549","post","type-post","status-publish","format-standard","has-post-thumbnail","hentry","category-societe"],"_links":{"self":[{"href":"https:\/\/dekkbi.com\/index.php?rest_route=\/wp\/v2\/posts\/50549","targetHints":{"allow":["GET"]}}],"collection":[{"href":"https:\/\/dekkbi.com\/index.php?rest_route=\/wp\/v2\/posts"}],"about":[{"href":"https:\/\/dekkbi.com\/index.php?rest_route=\/wp\/v2\/types\/post"}],"author":[{"embeddable":true,"href":"https:\/\/dekkbi.com\/index.php?rest_route=\/wp\/v2\/users\/1"}],"replies":[{"embeddable":true,"href":"https:\/\/dekkbi.com\/index.php?rest_route=%2Fwp%2Fv2%2Fcomments&post=50549"}],"version-history":[{"count":1,"href":"https:\/\/dekkbi.com\/index.php?rest_route=\/wp\/v2\/posts\/50549\/revisions"}],"predecessor-version":[{"id":50550,"href":"https:\/\/dekkbi.com\/index.php?rest_route=\/wp\/v2\/posts\/50549\/revisions\/50550"}],"wp:featuredmedia":[{"embeddable":true,"href":"https:\/\/dekkbi.com\/index.php?rest_route=\/wp\/v2\/media\/35345"}],"wp:attachment":[{"href":"https:\/\/dekkbi.com\/index.php?rest_route=%2Fwp%2Fv2%2Fmedia&parent=50549"}],"wp:term":[{"taxonomy":"category","embeddable":true,"href":"https:\/\/dekkbi.com\/index.php?rest_route=%2Fwp%2Fv2%2Fcategories&post=50549"},{"taxonomy":"post_tag","embeddable":true,"href":"https:\/\/dekkbi.com\/index.php?rest_route=%2Fwp%2Fv2%2Ftags&post=50549"}],"curies":[{"name":"wp","href":"https:\/\/api.w.org\/{rel}","templated":true}]}}