{"id":50525,"date":"2025-01-16T10:19:57","date_gmt":"2025-01-16T10:19:57","guid":{"rendered":"https:\/\/dekkbi.com\/?p=50525"},"modified":"2025-01-16T10:19:58","modified_gmt":"2025-01-16T10:19:58","slug":"communique-du-conseil-des-ministres-du-mercredi-15-janvier-2025","status":"publish","type":"post","link":"https:\/\/dekkbi.com\/?p=50525","title":{"rendered":"Communique du conseil des ministres du Mercredi 15 Janvier 2025"},"content":{"rendered":"\n<p>En introduction de sa communication, le Pr\u00e9sident de la R\u00e9publique a mis l\u2019accent sur l\u2019urgence d\u2019acc\u00e9l\u00e9rer la modernisation des transports dans tous ses compartiments suite aux conclusions des Etats g\u00e9n\u00e9raux du secteur. Il a demand\u00e9 au Premier Ministre et au Ministre des Infrastructures et des Transports terrestres et a\u00e9riens, de finaliser le Plan d\u2019Action du Gouvernement pour la modernisation des transports terrestres, en tenant compte, dans l\u2019agenda d\u2019ex\u00e9cution, de toutes les contraintes juridiques, logistiques, administratives, fiscales et financi\u00e8res li\u00e9es \u00e0 l\u2019atteinte des objectifs collectifs d\u00e9finis. Il a rappel\u00e9 au Gouvernement, dans le cadre de l\u2019ex\u00e9cution des mesures d\u2019am\u00e9lioration de la s\u00e9curit\u00e9 routi\u00e8re, la n\u00e9cessit\u00e9 d\u2019adopter un dispositif sp\u00e9cial de r\u00e9glementation de la circulation des cyclomoteurs, conform\u00e9ment au code de la route et aux mesures prescrites pour le transport des personnes dans des zones et localit\u00e9s bien cibl\u00e9es.<\/p>\n\n\n\n<p>Par ailleurs, le Chef de l\u2019Etat a invit\u00e9 le Ministre des Infrastructures et des Transports terrestres et a\u00e9riens \u00e0 intensifier le processus de renouvellement des gros porteurs, des v\u00e9hicules de transports urbains et interurbains de toutes les cat\u00e9gories. Il a demand\u00e9 au Gouvernement d\u2019int\u00e9grer le secteur des transports comme domaine prioritaire dans le d\u00e9ploiement des incitations devant promouvoir l\u2019employabilit\u00e9 et l\u2019emploi d\u00e9cent des jeunes. A ce sujet, le Gouvernement devra accentuer le d\u00e9veloppement des instruments de formation professionnelle (des chauffeurs, des m\u00e9caniciens, etc.) et une meilleure s\u00e9curisation \u00ab des emplois informels \u00bb du secteur \u00e0 travers l\u2019organisation des acteurs, leur financement ad\u00e9quat, mais \u00e9galement la conclusion progressive de contrats de travail r\u00e9guliers, assortis d\u2019une couverture sociale syst\u00e9matique. Les dispositifs de la Convention nationale Etat-Employeur et de la Couverture sanitaire universelle doivent \u00eatre mis \u00e0 contribution dans ce sens.<\/p>\n\n\n\n<p>&nbsp;&nbsp;&nbsp;&nbsp;&nbsp;&nbsp;&nbsp;&nbsp;&nbsp;&nbsp; Revenant sur le Programme \u00ab Xeyu ndaw \u00f1i \u00bb, mis en \u0153uvre depuis 2021 et qui conna\u00eet des manquements majeurs, le Pr\u00e9sident de la R\u00e9publique a demand\u00e9 au Premier Ministre d\u2019engager avec les Ministres impliqu\u00e9s toutes les diligences n\u00e9cessaires \u00e0 l\u2019\u00e9valuation et au recadrage avant fin mars 2025 dudit programme. Ce dernier doit \u00e9voluer vers un nouveau concept \u00ab Emploi des jeunes \u00bb plus efficient et fortement int\u00e9grateur de toutes les cibles. Cette revue pragmatique du Programme, devra permettre un recadrage rapide de ses composantes et de ses objectifs sectoriels en termes de cr\u00e9ation d\u2019emplois et de promotion de l\u2019entreprenariat \u00e0 travers l\u2019optimisation des financements allou\u00e9s et les diff\u00e9rentes activit\u00e9s g\u00e9n\u00e9ratrices de revenus.&nbsp;<\/p>\n\n\n\n<p>&nbsp;&nbsp;&nbsp;&nbsp;&nbsp;&nbsp; La mise en \u0153uvre de la \u00abVision S\u00e9n\u00e9gal 2050 \u00bb doit accorder une priorit\u00e9 sp\u00e9ciale au d\u00e9veloppement des infrastructures maritimes et portuaires. A ce sujet, le Chef de l\u2019Etat a demand\u00e9 au Premier Ministre et au Ministre en charge des Infrastructures maritimes et portuaires de finaliser, avant fin mars 2025, la nouvelle politique maritime et portuaire du S\u00e9n\u00e9gal, en tenant compte de la vocation maritime de notre pays et des diff\u00e9rents projets r\u00e9ceptionn\u00e9s, en cours ou en perspective. A ce titre, il a soulign\u00e9 la n\u00e9cessit\u00e9, en termes de r\u00e9formes d\u2019actualiser et d\u2019\u00e9largir le cadre de gouvernance des ports publics et priv\u00e9s du S\u00e9n\u00e9gal mais \u00e9galement de renforcer l\u2019Agence nationale des Affaires maritimes (ANAM), au regard des enjeux nouveaux li\u00e9s \u00e0 la navigation maritime. Par ailleurs, il a demand\u00e9 au Ministre des Infrastructures portuaires et maritimes, d\u2019accentuer la modernisation des ports et quais de p\u00eache. Ces \u00e9tablissements doivent b\u00e9n\u00e9ficier d\u2019un programme \u00e9largi de modernisation sur l\u2019\u00e9tendue du territoire national.<\/p>\n\n\n\n<p>&nbsp;&nbsp;&nbsp;&nbsp;&nbsp;&nbsp; Le Pr\u00e9sident de la R\u00e9publique a indiqu\u00e9, en outre, l\u2019urgence de r\u00e9viser le partenariat entre l\u2019Etat et le Consortium s\u00e9n\u00e9galais d\u2019Activit\u00e9s maritimes (COSAMA), ainsi que la n\u00e9cessit\u00e9 d\u2019asseoir une souverainet\u00e9 nationale int\u00e9grale sur la gestion et le d\u00e9veloppement des chantiers navals de Dakar, avec le repositionnement strat\u00e9gique de la Soci\u00e9t\u00e9 des Infrastructures de R\u00e9paration navale (SIRN), renforc\u00e9e par la mont\u00e9e en puissance de la Marine nationale. Dans la m\u00eame lanc\u00e9e, il a invit\u00e9 le Ministre des P\u00eaches et des Infrastructures maritimes et portuaires \u00e0 proc\u00e9der avec le Ministre des Finances et du Budget et le Ministre de l\u2019Industrie et du Commerce, \u00e0 l\u2019\u00e9valuation et \u00e0 la r\u00e9orientation des missions et activit\u00e9s du Conseil s\u00e9n\u00e9galais des Chargeurs (COSEC).<\/p>\n\n\n\n<p>&nbsp;&nbsp;&nbsp;&nbsp;&nbsp; Evoquant le renforcement des relations entre l\u2019Etat et les religions, le Chef de l\u2019Etat a rappel\u00e9 au Gouvernement le r\u00f4le central des foyers religieux dans la consolidation de l\u2019unit\u00e9 nationale et la stabilit\u00e9 sociale du S\u00e9n\u00e9gal. Il a r\u00e9it\u00e9r\u00e9 sa volont\u00e9 de hisser ces relations \u00e0 un niveau institutionnel \u00e9lev\u00e9 avec la cr\u00e9ation prochaine, apr\u00e8s consultation de toutes les parties prenantes, de la D\u00e9l\u00e9gation g\u00e9n\u00e9rale aux Affaires religieuses.<\/p>\n\n\n\n<p>&nbsp;&nbsp;&nbsp;&nbsp;&nbsp;&nbsp; Dans cet esprit, il a demand\u00e9 au Premier Ministre d\u2019engager davantage le Gouvernement \u00e0 acc\u00e9l\u00e9rer la modernisation des cit\u00e9s religieuses et le d\u00e9veloppement du tourisme religieux.&nbsp;<\/p>\n\n\n\n<p>&nbsp;&nbsp;&nbsp;&nbsp;&nbsp;&nbsp; Par ailleurs, le Pr\u00e9sident de la R\u00e9publique a invit\u00e9 le Ministre de l\u2019Int\u00e9gration africaine et des Affaires \u00e9trang\u00e8res \u00e0 prendre toutes les mesures n\u00e9cessaires, sous la supervision du Premier ministre, afin d\u2019assurer une bonne organisation de l\u2019\u00e9dition 2025 du P\u00e8lerinage aux Lieux saints de L\u2019Islam ainsi qu\u2019aux Lieux saints de la Chr\u00e9tient\u00e9. Il a enfin demand\u00e9 au Ministre de l\u2019Int\u00e9rieur et de la S\u00e9curit\u00e9 publique de veiller \u00e0 la bonne pr\u00e9paration du Magal \u00ab Kazu Rajab \u00bb, pr\u00e9vu le 27 janvier 2025 et de la 145<sup>\u00e8me&nbsp;<\/sup>\u00e9dition de l\u2019Appel de Seydina Limamou LAYE, pr\u00e9vu les 30 et 31 janvier 2025.<\/p>\n\n\n\n<p>&nbsp;&nbsp;&nbsp;&nbsp;&nbsp;&nbsp;&nbsp; Dans sa communication le Premier Ministre a tout d\u2019abord rendu compte du d\u00e9roulement et des principales conclusions de sa visite en R\u00e9publique islamique de Mauritanie du 12 au 14 janvier 2025. Il a soulign\u00e9 les avanc\u00e9es significatives de la coop\u00e9ration entre les deux pays, en particulier sur les dossiers relatifs au d\u00e9veloppement du projet gazier GTA et ceux des secteurs de la p\u00eache et du transport terrestre.<\/p>\n\n\n\n<p>&nbsp;&nbsp;&nbsp;&nbsp;&nbsp;&nbsp;&nbsp;&nbsp; Le Premier Ministre s\u2019est ensuite f\u00e9licit\u00e9 des conclusions de l\u2019atelier de mise en \u0153uvre op\u00e9rationnelle de l\u2019Agenda national de Transformation \u00ab Vision S\u00e9n\u00e9gal 2050 \u00bb, en exhortant les membres du Gouvernement \u00e0 veiller au strict respect du chronogramme arr\u00eat\u00e9, notamment la validation de la liste des programmes, projets et r\u00e9formes prioritaires ainsi que les dispositifs de pilotage et de suivi-\u00e9valuation. Il a insist\u00e9 sur la prise en charge structur\u00e9e de la conduite du changement, de la formation continue ainsi que du renforcement et de la valorisation des Cellules d\u2019Etudes et de Planification.<\/p>\n\n\n\n<p>&nbsp;&nbsp;&nbsp;&nbsp;&nbsp;&nbsp;&nbsp; Revenant sur la n\u00e9cessit\u00e9 d\u2019un suivi minutieux des cr\u00e9dits budg\u00e9taires affect\u00e9s aux d\u00e9penses d\u2019investissement dans l\u2019attente de la maturation des programmes et projets prioritaires de la Feuille de route 2025 du plan quinquennal 2025-2029, le Premier Ministre a demand\u00e9 au Ministre des Finances et du Budget, en rapport avec le Ministre de l\u2019Economie, du Plan et de la Coop\u00e9ration et le Ministre, Secr\u00e9taire g\u00e9n\u00e9ral du Gouvernement, de lui soumettre dans les plus brefs d\u00e9lais, la liste des programmes et projets \u00e0 retenir au titre des d\u00e9penses \u00e0 engager au cours du premier trimestre 2025, en vue de leur approbation par Monsieur le Pr\u00e9sident de la R\u00e9publique.<br>&nbsp;&nbsp;&nbsp;&nbsp;&nbsp;&nbsp;&nbsp;&nbsp; Enfin, le Premier Ministre a inform\u00e9 le Conseil, dans le cadre des mesures de r\u00e9duction du train de vie de l\u2019Etat, des nouvelles modalit\u00e9s qui encadreront d\u00e9sormais l\u2019approbation des missions \u00e0 l\u2019\u00e9tranger des agents de l\u2019Etat.<br><strong>AU TITRE DES COMMUNICATIONS DES MINISTRES :<\/strong><br><br>\u2022&nbsp;&nbsp;&nbsp;&nbsp;&nbsp;&nbsp; Le Ministre de la Communication, des T\u00e9l\u00e9communications et du Num\u00e9rique a fait une communication sur la nouvelle strat\u00e9gie num\u00e9rique du S\u00e9n\u00e9gal d\u00e9nomm\u00e9e \u00ab le New Deal technologique \u00bb ;<br><br>\u2022&nbsp;&nbsp;&nbsp;&nbsp;&nbsp;&nbsp; Le Ministre de la Jeunesse, des Sports et de la Culture a fait le point sur les pr\u00e9paratifs des Jeux olympiques de la Jeunesse (JOJ Dakar 2026).&nbsp;&nbsp;<\/p>\n","protected":false},"excerpt":{"rendered":"<p>En introduction de sa communication, le Pr\u00e9sident de la R\u00e9publique a mis l\u2019accent sur l\u2019urgence d\u2019acc\u00e9l\u00e9rer la modernisation des transports<\/p>\n","protected":false},"author":1,"featured_media":43464,"comment_status":"open","ping_status":"open","sticky":false,"template":"","format":"standard","meta":{"footnotes":""},"categories":[6],"tags":[],"class_list":["post-50525","post","type-post","status-publish","format-standard","has-post-thumbnail","hentry","category-politics"],"_links":{"self":[{"href":"https:\/\/dekkbi.com\/index.php?rest_route=\/wp\/v2\/posts\/50525","targetHints":{"allow":["GET"]}}],"collection":[{"href":"https:\/\/dekkbi.com\/index.php?rest_route=\/wp\/v2\/posts"}],"about":[{"href":"https:\/\/dekkbi.com\/index.php?rest_route=\/wp\/v2\/types\/post"}],"author":[{"embeddable":true,"href":"https:\/\/dekkbi.com\/index.php?rest_route=\/wp\/v2\/users\/1"}],"replies":[{"embeddable":true,"href":"https:\/\/dekkbi.com\/index.php?rest_route=%2Fwp%2Fv2%2Fcomments&post=50525"}],"version-history":[{"count":1,"href":"https:\/\/dekkbi.com\/index.php?rest_route=\/wp\/v2\/posts\/50525\/revisions"}],"predecessor-version":[{"id":50526,"href":"https:\/\/dekkbi.com\/index.php?rest_route=\/wp\/v2\/posts\/50525\/revisions\/50526"}],"wp:featuredmedia":[{"embeddable":true,"href":"https:\/\/dekkbi.com\/index.php?rest_route=\/wp\/v2\/media\/43464"}],"wp:attachment":[{"href":"https:\/\/dekkbi.com\/index.php?rest_route=%2Fwp%2Fv2%2Fmedia&parent=50525"}],"wp:term":[{"taxonomy":"category","embeddable":true,"href":"https:\/\/dekkbi.com\/index.php?rest_route=%2Fwp%2Fv2%2Fcategories&post=50525"},{"taxonomy":"post_tag","embeddable":true,"href":"https:\/\/dekkbi.com\/index.php?rest_route=%2Fwp%2Fv2%2Ftags&post=50525"}],"curies":[{"name":"wp","href":"https:\/\/api.w.org\/{rel}","templated":true}]}}