{"id":50516,"date":"2025-01-16T10:09:31","date_gmt":"2025-01-16T10:09:31","guid":{"rendered":"https:\/\/dekkbi.com\/?p=50516"},"modified":"2025-01-16T10:09:32","modified_gmt":"2025-01-16T10:09:32","slug":"khalifa-sall-joue-son-retour-par-procuration-taxawu-senegaal-dement-fermement-les-allegations-de-point-actu","status":"publish","type":"post","link":"https:\/\/dekkbi.com\/?p=50516","title":{"rendered":"\u00abKhalifa Sall joue son retour par procuration \u00bb : Taxawu Senegaal d\u00e9ment fermement les all\u00e9gations de \u00ab\u00a0Point Actu\u00a0\u00bb"},"content":{"rendered":"\n<h3 class=\"wp-block-heading\">Dans un communiqu\u00e9 diffus\u00e9 ce mercredi 15 janvier 2025, Taxawu Senegaal a vigoureusement d\u00e9menti les affirmations publi\u00e9es dans une du journal Point Actu . L&rsquo;article incrimin\u00e9, titr\u00e9 \u00ab Khalifa Sall joue son retour par procuration \u00bb et avan\u00e7ant que \u00ab Sans consensus \u00e0 Taxawu, le candidat de Khalifa Sall, Bira Kane, court \u00e0 sa perte \u00bb , a \u00e9t\u00e9 qualifi\u00e9 de \u00ab fallacieux \u00bb et de \u00ab manipulateur \u00bb. \u00a0\u00bb par la plateforme politique.<\/h3>\n\n\n\n<p>Une campagne d&rsquo;intoxication d\u00e9clar\u00e9e<br>Selon Taxawu Senegaal, ces d\u00e9clarations s&rsquo;inscrivent dans une campagne d\u00e9lib\u00e9r\u00e9e de d\u00e9sinformation visant \u00e0 ternir l&rsquo;image de leur mouvement et \u00e0 d\u00e9tourner l&rsquo;attention des v\u00e9ritables enjeux politiques du moment. Le communiqu\u00e9 pr\u00e9cise qu&rsquo;en d\u00e9pit de son statut de suppl\u00e9ant imm\u00e9diat sur la liste aux \u00e9lections locales, M. Birakane Ndiaye n&rsquo;est pas membre du Conseil municipal de la Ville de Dakar et n&rsquo;est aucunement engag\u00e9 dans une d\u00e9marche parall\u00e8le. \u00ab\u00a0Ses pr\u00e9occupations se limitent au triomphe des recours introduits par notre camarade et maire de Dakar\u00a0\u00bb, peut-on lire.<\/p>\n\n\n\n<p>Un combat pour la l\u00e9gitimit\u00e9 de Barth\u00e9l\u00e9my Dias<\/p>\n\n\n\n<p>Taxawu Senegaal a r\u00e9affirm\u00e9 son engagement \u00e0 \u0153uvrer pour la restauration des droits de Barth\u00e9l\u00e9my Dias, maire \u00e9lu de Dakar, dont le mandat a, selon eux, \u00e9t\u00e9 \u00ab\u00a0ill\u00e9galement confisqu\u00e9 par le r\u00e9gime en place\u00a0\u00bb. \u00ab\u00a0Ce combat, nous le m\u00e8nerons avec toutes les ressources l\u00e9gales et politiques \u00e0 notre disposition, jusqu&rsquo;\u00e0 ce que justice soit rendue\u00a0\u00bb, a martel\u00e9 la plateforme.<\/p>\n\n\n\n<p>Un appel \u00e0 un journaliste responsable<\/p>\n\n\n\n<p>Enfin, Taxawu Senegaal a exhort\u00e9 les acteurs de la presse \u00e0 respecter les principes d&rsquo;\u00e9thique et de d\u00e9ontologie journalistique. \u00ab\u00a0La diffusion d&rsquo;informations fond\u00e9es et manipulatrices ne saurait servir ni la d\u00e9mocratie ni le droit \u00e0 une information juste et \u00e9quilibr\u00e9e\u00a0\u00bb, conclut le communiqu\u00e9.<\/p>\n\n\n\n<p>Cette prise de position intervient dans un contexte o\u00f9 la sc\u00e8ne politique s\u00e9n\u00e9galaise est marqu\u00e9e par de vifs d\u00e9bats et une intensification des rivalit\u00e9s suite aux \u00e9lections pass\u00e9es et les \u00e9ch\u00e9ances \u00e9lectorales \u00e0 venir.<br>SOURCE LERAL<\/p>\n","protected":false},"excerpt":{"rendered":"<p>Dans un communiqu\u00e9 diffus\u00e9 ce mercredi 15 janvier 2025, Taxawu Senegaal a vigoureusement d\u00e9menti les affirmations publi\u00e9es dans une du<\/p>\n","protected":false},"author":1,"featured_media":23180,"comment_status":"open","ping_status":"open","sticky":false,"template":"","format":"standard","meta":{"footnotes":""},"categories":[6],"tags":[],"class_list":["post-50516","post","type-post","status-publish","format-standard","has-post-thumbnail","hentry","category-politics"],"_links":{"self":[{"href":"https:\/\/dekkbi.com\/index.php?rest_route=\/wp\/v2\/posts\/50516","targetHints":{"allow":["GET"]}}],"collection":[{"href":"https:\/\/dekkbi.com\/index.php?rest_route=\/wp\/v2\/posts"}],"about":[{"href":"https:\/\/dekkbi.com\/index.php?rest_route=\/wp\/v2\/types\/post"}],"author":[{"embeddable":true,"href":"https:\/\/dekkbi.com\/index.php?rest_route=\/wp\/v2\/users\/1"}],"replies":[{"embeddable":true,"href":"https:\/\/dekkbi.com\/index.php?rest_route=%2Fwp%2Fv2%2Fcomments&post=50516"}],"version-history":[{"count":1,"href":"https:\/\/dekkbi.com\/index.php?rest_route=\/wp\/v2\/posts\/50516\/revisions"}],"predecessor-version":[{"id":50517,"href":"https:\/\/dekkbi.com\/index.php?rest_route=\/wp\/v2\/posts\/50516\/revisions\/50517"}],"wp:featuredmedia":[{"embeddable":true,"href":"https:\/\/dekkbi.com\/index.php?rest_route=\/wp\/v2\/media\/23180"}],"wp:attachment":[{"href":"https:\/\/dekkbi.com\/index.php?rest_route=%2Fwp%2Fv2%2Fmedia&parent=50516"}],"wp:term":[{"taxonomy":"category","embeddable":true,"href":"https:\/\/dekkbi.com\/index.php?rest_route=%2Fwp%2Fv2%2Fcategories&post=50516"},{"taxonomy":"post_tag","embeddable":true,"href":"https:\/\/dekkbi.com\/index.php?rest_route=%2Fwp%2Fv2%2Ftags&post=50516"}],"curies":[{"name":"wp","href":"https:\/\/api.w.org\/{rel}","templated":true}]}}