{"id":50493,"date":"2025-01-15T13:20:29","date_gmt":"2025-01-15T13:20:29","guid":{"rendered":"https:\/\/dekkbi.com\/?p=50493"},"modified":"2025-01-15T13:20:29","modified_gmt":"2025-01-15T13:20:29","slug":"decu-par-bayrou-le-ps-veut-continuer-a-negocier-a-la-veille-de-la-censure","status":"publish","type":"post","link":"https:\/\/dekkbi.com\/?p=50493","title":{"rendered":"D\u00e9\u00e7u par Bayrou, le PS veut continuer \u00e0 n\u00e9gocier \u00e0 la veille de la censure"},"content":{"rendered":"\n<p>Par Gabriel BOUROVITCH \u00a9 2025 AFP &#8211; Le Premier ministre Fran\u00e7ois Bayrou quitte le palais de l&rsquo;Elys\u00e9e apr\u00e8s le conseil des ministres le 15 janvier 2025 \u00e0 Paris<\/p>\n\n\n\n<p>D\u00e9\u00e7us par les annonces de Fran\u00e7ois Bayrou sur les retraites et le budget, les socialistes exhortent mercredi le gouvernement \u00e0 continuer de n\u00e9gocier, \u00e0 la veille d&rsquo;une motion de censure qu&rsquo;ils h\u00e9sitent \u00e0 voter.<\/p>\n\n\n\n<p>\u00ab\u00a0Le compte n&rsquo;y est pas\u00a0\u00bb, mais ils continuent d&rsquo;esp\u00e9rer un accord. Mardi pourtant, le Premier ministre a douch\u00e9 leurs espoirs en annon\u00e7ant une n\u00e9gociation, mais sans suspension de la r\u00e9forme des retraites.<\/p>\n\n\n\n<p>\u00ab\u00a0La condition minimale qu&rsquo;on demandait n&rsquo;est plus remplie\u00a0\u00bb, a constat\u00e9 le d\u00e9put\u00e9 PS Arthur Delaporte mercredi, r\u00e9clamant \u00ab\u00a0un retour au Parlement\u00a0\u00bb de ce dossier explosif, m\u00eame en cas d&rsquo;\u00e9chec des discussions entre syndicats et patronat.<\/p>\n\n\n\n<p>\u00ab\u00a0On attend une r\u00e9ponse du Premier ministre extr\u00eamement claire\u00a0\u00bb, a ajout\u00e9 le porte-parole du groupe socialiste \u00e0 l&rsquo;Assembl\u00e9e, qui \u00ab\u00a0ne voi(t) pas en l&rsquo;\u00e9tat comment nous ne censurons pas\u00a0\u00bb le gouvernement.<\/p>\n\n\n\n<p>Les 66 \u00e9lus PS doivent justement se r\u00e9unir mercredi pour arr\u00eater leur position sur la motion de censure d\u00e9pos\u00e9e par leurs alli\u00e9s de gauche, LFI en t\u00eate.<\/p>\n\n\n\n<h2 class=\"wp-block-heading\">Premi\u00e8re r\u00e9union bien vendredi<\/h2>\n\n\n\n<p>Mais le gouvernement s&rsquo;est voulu apaisant. Sa porte-parole, Sophie Primas, a affirm\u00e9 lors du compte-rendu du conseil des ministres \u00e0 la mi-journ\u00e9e que les socialistes auraient \u00ab\u00a0toutes les raisons d&rsquo;\u00eatre rassur\u00e9s\u00a0\u00bb en \u00e9coutant la d\u00e9claration de politique g\u00e9n\u00e9rale que Fran\u00e7ois Bayrou prononcera au S\u00e9nat \u00e0 15H00.<\/p>\n\n\n\n<p>\u00ab\u00a0Sur une dizaine de sujets\u00a0\u00bb soulev\u00e9s par le PS, \u00ab\u00a0il y a au moins huit sujets sur lesquels il aura une r\u00e9ponse qui va lui convenir\u00a0\u00bb, a-t-elle insist\u00e9.<\/p>\n\n\n\n<p>Tout en r\u00e9p\u00e9tant que si les partenaires sociaux ne trouvaient pas d&rsquo;accord au bout de trois mois de discussions pour revenir sur la r\u00e9forme des retraites de 2023, cette derni\u00e8re \u00ab\u00a0continuera \u00e0 s&rsquo;appliquer\u00a0\u00bb, sans nouveau passage au Parlement.<\/p>\n\n\n\n<p>Comme Matignon, elle s&rsquo;est en outre dite confiante dans la capacit\u00e9 des partenaires sociaux \u00e0 trouver cet accord dans le d\u00e9lai fix\u00e9.<\/p>\n\n\n\n<p>Encore faudrait-il que les discussions d\u00e9marrent. Contrairement \u00e0 ce qui avait \u00e9t\u00e9 annonc\u00e9 dans un premier temps, la premi\u00e8re r\u00e9union du \u00ab\u00a0conclave\u00a0\u00bb promis par le Premier ministre aura bien lieu vendredi, \u00e0 11H00, a confirm\u00e9 Matignon.<\/p>\n\n\n\n<p>A l&rsquo;instar d&rsquo;autres syndicats, la patronne de la CGT, Sophie Binet, avait pr\u00e9c\u00e9demment rapport\u00e9 que ce rendez-vous \u00ab\u00a0n&rsquo;aurait pas lieu\u00a0\u00bb vendredi.<\/p>\n\n\n\n<p>Le chef du gouvernement a balis\u00e9 le chemin dans sa d\u00e9claration de politique g\u00e9n\u00e9rale, mardi \u00e0 l&rsquo;Assembl\u00e9e: d&rsquo;abord une \u00ab\u00a0mission flash\u00a0\u00bb de la Cour des comptes pour travailler sur \u00ab\u00a0des chiffres indiscutables\u00a0\u00bb, puis un trimestre de n\u00e9gociation \u00ab\u00a0sans aucun totem (ni) tabou\u00a0\u00bb m\u00eame sur les 64 ans, sous r\u00e9serve de ne pas \u00ab\u00a0d\u00e9grader l&rsquo;\u00e9quilibre financier\u00a0\u00bb du syst\u00e8me de retraites.<\/p>\n\n\n\n<p>Une \u00ab\u00a0humiliation totale\u00a0\u00bb pour les socialistes, qui \u00ab\u00a0n&rsquo;ont rien obtenu, m\u00eame pas des miettes\u00a0\u00bb, a fustig\u00e9 la d\u00e9put\u00e9e \u00e9cologiste Sandrine Rousseau, d\u00e9termin\u00e9e \u00e0 censurer un Premier ministre qu&rsquo;elle juge \u00ab\u00a0indigne de sa fonction\u00a0\u00bb.<\/p>\n\n\n\n<p>\u00ab\u00a0Ce que propose Fran\u00e7ois Bayrou est une com\u00e9die\u00a0\u00bb et \u00ab\u00a0il y a une possibilit\u00e9 qu&rsquo;il parte tr\u00e8s vite\u00a0\u00bb, a rench\u00e9ri la cheffe des d\u00e9put\u00e9s LFI Mathilde Panot, appelant le PS \u00e0 \u00ab\u00a0revenir \u00e0 la raison\u00a0\u00bb car \u00ab\u00a0ceux qui vont \u00e0 l&rsquo;encontre du programme\u00a0\u00bb du Nouveau Front populaire \u00ab\u00a0s&rsquo;excluent de fait\u00a0\u00bb de l&rsquo;alliance de gauche.<\/p>\n\n\n\n<h2 class=\"wp-block-heading\">\u00ab\u00a0Flou\u00a0\u00bb et \u00ab\u00a0g\u00e9n\u00e9ralit\u00e9s\u00a0\u00bb<\/h2>\n\n\n\n<p>Les soutiens de l&rsquo;ex\u00e9cutif ne brillent pas non plus par leur coh\u00e9sion. L&rsquo;homme fort des R\u00e9publicains, Laurent Wauquiez, a ainsi estim\u00e9 sur Cnews et Europe 1 que le projet de M. Bayrou \u00ab\u00a0reste tr\u00e8s flou\u00a0\u00bb, en d\u00e9pit de \u00ab\u00a0bonnes intentions\u00a0\u00bb.<\/p>\n\n\n\n<p>Impr\u00e9cision en revanche excus\u00e9e par la pr\u00e9sidente de l&rsquo;Assembl\u00e9e nationale, Ya\u00ebl Braun-Pivet, qui a affirm\u00e9 sur RTL que \u00ab\u00a0faire un catalogue de mesures pr\u00e9cises serait vou\u00e9 \u00e0 l&rsquo;\u00e9chec\u00a0\u00bb, tout en se disant \u00ab\u00a0extr\u00eamement d\u00e9\u00e7ue\u00a0\u00bb par l&rsquo;absence d&rsquo;engagement sur la reprise du projet de loi sur la fin de vie.<\/p>\n\n\n\n<p>M\u00eame au MoDem, le parti de M. Bayrou, le chef des d\u00e9put\u00e9s Marc Fesneau a reconnu sur France Inter que le discours du Premier ministre \u00ab\u00a0peut donner le sentiment (d&rsquo;\u00eatre) trop dans des g\u00e9n\u00e9ralit\u00e9s\u00a0\u00bb. Mais, \u00ab\u00a0l&rsquo;important c&rsquo;est d&rsquo;essayer de trouver une m\u00e9thode\u00a0\u00bb.<\/p>\n\n\n\n<p>Le tout sous la tutelle d&rsquo;Emmanuel Macron, qui a re\u00e7u mercredi matin le pr\u00e9sident du S\u00e9nat G\u00e9rard Larcher, quelques heures avant une nouvelle allocution du Premier ministre devant la chambre haute.<\/p>\n\n\n\n<p>Et si possible en \u00e9vitant les couacs, comme le ministre de l&rsquo;Am\u00e9nagement du territoire Fran\u00e7ois Rebsamen assumant mardi soir de \u00ab\u00a0respecter toutes les forces politiques sauf le RN\u00a0\u00bb. Une \u00ab\u00a0insulte\u00a0\u00bb aussit\u00f4t relev\u00e9e par le pr\u00e9sident du parti d&rsquo;extr\u00eame droite Jordan Bardella, qui d\u00e9tient toujours la cl\u00e9 d&rsquo;une potentielle censure. La d\u00e9claration du ministre \u00ab\u00a0n&rsquo;est pas la position du gouvernement\u00a0\u00bb, a tranch\u00e9 Sophie Primas.<\/p>\n\n\n\n<p><\/p>\n","protected":false},"excerpt":{"rendered":"<p>Par Gabriel BOUROVITCH \u00a9 2025 AFP &#8211; Le Premier ministre Fran\u00e7ois Bayrou quitte le palais de l&rsquo;Elys\u00e9e apr\u00e8s le conseil<\/p>\n","protected":false},"author":1,"featured_media":30949,"comment_status":"open","ping_status":"open","sticky":false,"template":"","format":"standard","meta":{"footnotes":""},"categories":[51],"tags":[],"class_list":["post-50493","post","type-post","status-publish","format-standard","has-post-thumbnail","hentry","category-general"],"_links":{"self":[{"href":"https:\/\/dekkbi.com\/index.php?rest_route=\/wp\/v2\/posts\/50493","targetHints":{"allow":["GET"]}}],"collection":[{"href":"https:\/\/dekkbi.com\/index.php?rest_route=\/wp\/v2\/posts"}],"about":[{"href":"https:\/\/dekkbi.com\/index.php?rest_route=\/wp\/v2\/types\/post"}],"author":[{"embeddable":true,"href":"https:\/\/dekkbi.com\/index.php?rest_route=\/wp\/v2\/users\/1"}],"replies":[{"embeddable":true,"href":"https:\/\/dekkbi.com\/index.php?rest_route=%2Fwp%2Fv2%2Fcomments&post=50493"}],"version-history":[{"count":1,"href":"https:\/\/dekkbi.com\/index.php?rest_route=\/wp\/v2\/posts\/50493\/revisions"}],"predecessor-version":[{"id":50494,"href":"https:\/\/dekkbi.com\/index.php?rest_route=\/wp\/v2\/posts\/50493\/revisions\/50494"}],"wp:featuredmedia":[{"embeddable":true,"href":"https:\/\/dekkbi.com\/index.php?rest_route=\/wp\/v2\/media\/30949"}],"wp:attachment":[{"href":"https:\/\/dekkbi.com\/index.php?rest_route=%2Fwp%2Fv2%2Fmedia&parent=50493"}],"wp:term":[{"taxonomy":"category","embeddable":true,"href":"https:\/\/dekkbi.com\/index.php?rest_route=%2Fwp%2Fv2%2Fcategories&post=50493"},{"taxonomy":"post_tag","embeddable":true,"href":"https:\/\/dekkbi.com\/index.php?rest_route=%2Fwp%2Fv2%2Ftags&post=50493"}],"curies":[{"name":"wp","href":"https:\/\/api.w.org\/{rel}","templated":true}]}}