{"id":5049,"date":"2022-12-21T13:36:57","date_gmt":"2022-12-21T13:36:57","guid":{"rendered":"https:\/\/dekkbi.com\/?p=5049"},"modified":"2022-12-21T13:43:52","modified_gmt":"2022-12-21T13:43:52","slug":"immixtion-dans-leur-travail-lourdeur-du-processus-de-paiement-les-huissiers-de-justice-exhibent-leurs-maux","status":"publish","type":"post","link":"https:\/\/dekkbi.com\/?p=5049","title":{"rendered":"Immixtion dans leur travail, lourdeur du processus de paiement: les huissiers de justice exhibent leurs maux"},"content":{"rendered":"\n<p>L\u2019Ordre national des huissiers du S\u00e9n\u00e9gal a tenu son assembl\u00e9e g\u00e9n\u00e9rale ordinaire hier, mardi 20 d\u00e9cembre 2022. Le pr\u00e9sident dudit Ordre, Me Adama Dia, en a profit\u00e9 pour interpeller le Garde des Sceaux, ministre de la Justice, Isma\u00efla Madior Fall, sur les probl\u00e8mes rencontr\u00e9s par ses coll\u00e8gues auxiliaires de justice.<\/p>\n\n\n\n<p>Le pr\u00e9sident de l\u2019Ordre national des huissiers du S\u00e9n\u00e9gal, Me Adama Dia, en marge de l\u2019assembl\u00e9e g\u00e9n\u00e9rale ordinaire de ce corps d\u2019auxiliaires de justice tenue hier, mardi 20 d\u00e9cembre 2022, est revenu sur le devoir de ses pairs.\u00a0<em>\u00abLe nouveau statut dont sont dot\u00e9s les huissiers, consacr\u00e9 par le d\u00e9cret n\u00b02020-1589 du 6 ao\u00fbt 2020, nous conf\u00e8re certes des avantages appr\u00e9ciables, il nous oblige aussi \u00e0 \u00e9lever notre niveau de performance pour offrir aux usagers et justiciables qui sollicitent nos prestations un service de grande qualit\u00e9. Ce statut peut assur\u00e9ment permettre \u00e0 notre profession d\u2019aller plus de l\u2019avant.\u00bb<\/em><\/p>\n\n\n\n<p><\/p>\n\n\n\n<p>Seulement, ajoute-t-il,&nbsp;<em>\u00abil nous appartient de le mettre en \u0153uvre. Nous sommes engag\u00e9s dans cette dynamique, avec les initiatives prises pour mettre en place le Compte professionnel et la Caisse commune de solidarit\u00e9. Je suis profond\u00e9ment convaincu que nous atteindrons tous nos objectifs, avec le concours et le soutien de tous.\u00bb<\/em>&nbsp;C\u2019est pour cela qu\u2019il exhorte les huissiers \u00e0&nbsp;<em>\u00abdonner une bonne image de nous-m\u00eames<\/em>. C\u2019est \u00e0 ce prix &nbsp;estime-t-il,&nbsp; qu\u2019ils gagneront&nbsp;<em>\u00able respect dans la soci\u00e9t\u00e9.\u00bb<\/em>&nbsp;D\u00e8s lors, les huissiers doivent avoir une discipline collective, qui ne peut \u00eatre que la r\u00e9sultante de la discipline personnelle. Il y engage les 27 nouveaux huissiers qui viennent d\u2019obtenir leurs charges.<\/p>\n\n\n\n<p><strong>L\u2019IMMIXTION DE COMMISSAIRES-PRISEURS DENONCEE<\/strong><\/p>\n\n\n\n<p>S\u2019adressant \u00e0 ses coll\u00e8gues et au Garde des Sceaux, ministre de la Justice, Isma\u00efla Madior Fall, Adama Dia trouve aussi que&nbsp;<em>\u00ab<\/em><em>l\u2019Ordre doit prot\u00e9ger les int\u00e9r\u00eats moraux et mat\u00e9riels de la profession d\u2019huissier de justice. Il doit agir afin que nul ne compromette ces int\u00e9r\u00eats.\u00bb<\/em>&nbsp; Toutefois dit-il,&nbsp;<em>\u00abils se sentent menac\u00e9s, particuli\u00e8rement, par une autre profession qui s\u2019immisce dans leurs attributions\u00bb<\/em>.<\/p>\n\n\n\n<p>Le pr\u00e9sident de l\u2019Ordre des huissiers du S\u00e9n\u00e9gal, Adama Dia, fait ainsi allusion aux agissements de certains commissaires-priseurs,&nbsp;<em>\u00abpr\u00e9cis\u00e9ment deux membres de cette profession, qui se donnent la libert\u00e9 de faire des actes d\u2019ex\u00e9cution forc\u00e9e, lesquels rel\u00e8vent, sans conteste, du minist\u00e8re de l\u2019huissier de justice. C\u2019est une affaire qui pr\u00e9occupe la profession d\u2019huissier de justice, au plus haut point\u00bb,&nbsp;<\/em>d\u00e9plore Adama Dia.<\/p>\n\n\n\n<p><\/p>\n\n\n\n<p>Le pr\u00e9sident de l\u2019Ordre des huissiers du S\u00e9n\u00e9gal, r\u00e9v\u00e8le que&nbsp;<em>\u00abc\u2019est un probl\u00e8me qui dure, qu\u2019il urge de r\u00e9gler, au regard de la r\u00e9currence des faits, malgr\u00e9 que l\u2019autorit\u00e9 de tutelle des professions judiciaires dispose des moyens pour ce faire\u00bb.&nbsp;&nbsp;<\/em>Me Adama Dia rappelle que&nbsp;<em>\u00abcette affaire est remont\u00e9e jusqu\u2019\u00e0 la Cour supr\u00eame, qui s\u2019est prononc\u00e9e dans un arr\u00eat, pour dire que les huissiers avaient un monopole en mati\u00e8re d\u2019ex\u00e9cution forc\u00e9e des d\u00e9cisions de justice\u00bb.&nbsp;<\/em>Donc,&nbsp;<em>\u00abil ne peut plus y avoir mati\u00e8re \u00e0 d\u00e9bats sur cette question\u00bb.<\/em><\/p>\n\n\n\n<p><strong>PLAIDOYER POUR LA REVISION\u00a0A LA HAUSSE DES EMOLUMENTS, L\u2019ENCADREMENT DU RECOUVREMENT DES AMENDES PENALES, LE RELEVEMENT DU TARIF CORRECTIONNEL DES HUISSIERS<\/strong><\/p>\n\n\n\n<p>Plaidant toujours pour son Ordre,&nbsp; Me Adama Dia demande au Garde des Sceaux, ministre de la Justice &nbsp;de<em>&nbsp;\u00abrevoir&nbsp; consid\u00e9rablement \u00e0 la hausse, le montant des cr\u00e9dits allou\u00e9s au paiement des \u00e9moluments dus en mati\u00e8re de frais de justice criminelle, correctionnelle et de simple police\u00bb.&nbsp;<\/em>Selon lui,&nbsp;<em>\u00ables jeunes huissiers viennent de b\u00e9n\u00e9ficier de mesures d\u2019accompagnement, pour faciliter leur installation, par l\u2019octroi de pr\u00eats d\u2019institutions financi\u00e8res qu\u2019ils doivent rembourser. Et le remboursement de ces pr\u00eats est index\u00e9 au&nbsp; paiement de ces c\u00e9dules. C\u2019est dire toute l\u2019urgence qu\u2019il y a pour que ces \u00e9moluments soient rapidement pay\u00e9s\u00bb.<\/em><\/p>\n\n\n\n<p><\/p>\n\n\n\n<p>Le pr\u00e9sident de l\u2019Ordre national des huissiers explique qu\u2019\u00e0 l\u2019int\u00e9rieur du pays, la principale source de revenus de l\u2019huissier est tir\u00e9e du paiement par l\u2019\u00c9tat des \u00e9moluments dus en mati\u00e8re de frais de justice criminelle, correctionnelle et de simple police. Il convient, de ce fait, estime-t-il,&nbsp;<em>\u00abde reconna\u00eetre que la lourdeur dans le processus de paiement ainsi que les montants pay\u00e9s ne facilitent point la t\u00e2che aux huissiers exer\u00e7ant dans les r\u00e9gions.\u00bb<\/em>&nbsp;Me Adama Dia souhaite ainsi&nbsp;<em>\u00abque les dispositions soient prises par les services comp\u00e9tents du minist\u00e8re de la Justice pour un paiement r\u00e9gulier et \u00e0 bonne date des \u00e9moluments\u00bb.<\/em><\/p>\n\n\n\n<p><\/p>\n\n\n\n<p>Le pr\u00e9sident de l\u2019Ordre des huissiers est d\u2019avis aussi que&nbsp;<em>\u00abl\u2019encadrement de la proc\u00e9dure de recouvrement des amendes p\u00e9nales ainsi que le rel\u00e8vement du tarif correctionnel des huissiers, reposant sur un texte vieux de plus de 40 ans, participeraient au renforcement des moyens d\u2019action de l\u2019huissier de justice\u00bb.<\/em>&nbsp;Me Adama Dia demande \u00e9galement la fixation de l\u2019indemnit\u00e9 compensatrice, pour&nbsp; compenser l\u2019absence d\u2019une allocation d\u2019une pension de retraite des huissiers.<\/p>\n\n\n\n<p><strong>Fatou NDIAYE<\/strong><\/p>\n","protected":false},"excerpt":{"rendered":"<p>L\u2019Ordre national des huissiers du S\u00e9n\u00e9gal a tenu son assembl\u00e9e g\u00e9n\u00e9rale ordinaire hier, mardi 20 d\u00e9cembre 2022. Le pr\u00e9sident dudit<\/p>\n","protected":false},"author":1,"featured_media":5050,"comment_status":"open","ping_status":"open","sticky":false,"template":"","format":"standard","meta":{"footnotes":""},"categories":[21],"tags":[],"class_list":["post-5049","post","type-post","status-publish","format-standard","has-post-thumbnail","hentry","category-societe"],"_links":{"self":[{"href":"https:\/\/dekkbi.com\/index.php?rest_route=\/wp\/v2\/posts\/5049","targetHints":{"allow":["GET"]}}],"collection":[{"href":"https:\/\/dekkbi.com\/index.php?rest_route=\/wp\/v2\/posts"}],"about":[{"href":"https:\/\/dekkbi.com\/index.php?rest_route=\/wp\/v2\/types\/post"}],"author":[{"embeddable":true,"href":"https:\/\/dekkbi.com\/index.php?rest_route=\/wp\/v2\/users\/1"}],"replies":[{"embeddable":true,"href":"https:\/\/dekkbi.com\/index.php?rest_route=%2Fwp%2Fv2%2Fcomments&post=5049"}],"version-history":[{"count":2,"href":"https:\/\/dekkbi.com\/index.php?rest_route=\/wp\/v2\/posts\/5049\/revisions"}],"predecessor-version":[{"id":5054,"href":"https:\/\/dekkbi.com\/index.php?rest_route=\/wp\/v2\/posts\/5049\/revisions\/5054"}],"wp:featuredmedia":[{"embeddable":true,"href":"https:\/\/dekkbi.com\/index.php?rest_route=\/wp\/v2\/media\/5050"}],"wp:attachment":[{"href":"https:\/\/dekkbi.com\/index.php?rest_route=%2Fwp%2Fv2%2Fmedia&parent=5049"}],"wp:term":[{"taxonomy":"category","embeddable":true,"href":"https:\/\/dekkbi.com\/index.php?rest_route=%2Fwp%2Fv2%2Fcategories&post=5049"},{"taxonomy":"post_tag","embeddable":true,"href":"https:\/\/dekkbi.com\/index.php?rest_route=%2Fwp%2Fv2%2Ftags&post=5049"}],"curies":[{"name":"wp","href":"https:\/\/api.w.org\/{rel}","templated":true}]}}