{"id":50459,"date":"2025-01-15T11:44:25","date_gmt":"2025-01-15T11:44:25","guid":{"rendered":"https:\/\/dekkbi.com\/?p=50459"},"modified":"2025-01-15T11:44:25","modified_gmt":"2025-01-15T11:44:25","slug":"droit-de-greve-et-preservation-de-lordre-public-la-justice-en-mode-diagnostic","status":"publish","type":"post","link":"https:\/\/dekkbi.com\/?p=50459","title":{"rendered":"Droit de gr\u00e8ve et pr\u00e9servation de l\u2019ordre public: la justice en mode diagnostic"},"content":{"rendered":"\n<p>Le jeudi 16 janvier 2025, \u00e0 la Cour supr\u00eame, le pr\u00e9sident de la R\u00e9publique, Bassirou Diomaye Faye, pr\u00e9sidera la rentr\u00e9e solennelle des Cours et Tribunaux. Cette c\u00e9r\u00e9monie qui marque le d\u00e9but de l\u2019ann\u00e9e judiciaire 2025 a pour th\u00e8me :&nbsp;<em>\u00ab Droit de gr\u00e8ve et pr\u00e9servation de l\u2019ordre public \u00bb<\/em>. Selon la Pr\u00e9sidence de la R\u00e9publique, le choix du th\u00e8me met en lumi\u00e8re la n\u00e9cessit\u00e9 de concilier le respect des droits fondamentaux, notamment le droit de gr\u00e8ve, avec l\u2019exigence de maintenir l\u2019ordre public.<\/p>\n\n\n\n<p>Au c\u0153ur des \u00e9changes figurera ainsi la recherche d\u2019un \u00e9quilibre permettant de renforcer la confiance des citoyens dans l\u2019institution judiciaire et d\u2019assurer la stabilit\u00e9 sociale. Rassemblant les principaux acteurs du syst\u00e8me judiciaire, cette c\u00e9r\u00e9monie offrira l\u2019occasion de d\u00e9battre des d\u00e9fis actuels et d\u2019examiner les pistes d\u2019am\u00e9lioration du fonctionnement des juridictions. Cette rentr\u00e9e solennelle en est une premi\u00e8re sous le magist\u00e8re du pr\u00e9sident de la R\u00e9publique, Bassirou Diomaye Faye.<\/p>\n\n\n\n<p>Le th\u00e8me est \u00e9galement choisi apr\u00e8s un changement de r\u00e9gime intervenu suite \u00e0 plusieurs contestations citoyennes marqu\u00e9es par des saccages, des pillages, des attaques contre des \u00e9difices publics et des arrestations massives. Le citoyen s\u2019est, \u00e0 plusieurs occasions, plaint d\u2019une entorse \u00e0 ses libert\u00e9s de rassemblement et de manifester. La r\u00e9ponse de l\u2019autorit\u00e9 a \u00e9t\u00e9 une pr\u00e9servation de l\u2019ordre public.<\/p>\n\n\n\n<p><strong>Fatou NDIAYE<\/strong><br>SUDQUOTIDIEN<\/p>\n","protected":false},"excerpt":{"rendered":"<p>Le jeudi 16 janvier 2025, \u00e0 la Cour supr\u00eame, le pr\u00e9sident de la R\u00e9publique, Bassirou Diomaye Faye, pr\u00e9sidera la rentr\u00e9e<\/p>\n","protected":false},"author":1,"featured_media":50460,"comment_status":"open","ping_status":"open","sticky":false,"template":"","format":"standard","meta":{"footnotes":""},"categories":[21],"tags":[],"class_list":["post-50459","post","type-post","status-publish","format-standard","has-post-thumbnail","hentry","category-societe"],"_links":{"self":[{"href":"https:\/\/dekkbi.com\/index.php?rest_route=\/wp\/v2\/posts\/50459","targetHints":{"allow":["GET"]}}],"collection":[{"href":"https:\/\/dekkbi.com\/index.php?rest_route=\/wp\/v2\/posts"}],"about":[{"href":"https:\/\/dekkbi.com\/index.php?rest_route=\/wp\/v2\/types\/post"}],"author":[{"embeddable":true,"href":"https:\/\/dekkbi.com\/index.php?rest_route=\/wp\/v2\/users\/1"}],"replies":[{"embeddable":true,"href":"https:\/\/dekkbi.com\/index.php?rest_route=%2Fwp%2Fv2%2Fcomments&post=50459"}],"version-history":[{"count":1,"href":"https:\/\/dekkbi.com\/index.php?rest_route=\/wp\/v2\/posts\/50459\/revisions"}],"predecessor-version":[{"id":50461,"href":"https:\/\/dekkbi.com\/index.php?rest_route=\/wp\/v2\/posts\/50459\/revisions\/50461"}],"wp:featuredmedia":[{"embeddable":true,"href":"https:\/\/dekkbi.com\/index.php?rest_route=\/wp\/v2\/media\/50460"}],"wp:attachment":[{"href":"https:\/\/dekkbi.com\/index.php?rest_route=%2Fwp%2Fv2%2Fmedia&parent=50459"}],"wp:term":[{"taxonomy":"category","embeddable":true,"href":"https:\/\/dekkbi.com\/index.php?rest_route=%2Fwp%2Fv2%2Fcategories&post=50459"},{"taxonomy":"post_tag","embeddable":true,"href":"https:\/\/dekkbi.com\/index.php?rest_route=%2Fwp%2Fv2%2Ftags&post=50459"}],"curies":[{"name":"wp","href":"https:\/\/api.w.org\/{rel}","templated":true}]}}