{"id":50457,"date":"2025-01-15T11:40:32","date_gmt":"2025-01-15T11:40:32","guid":{"rendered":"https:\/\/dekkbi.com\/?p=50457"},"modified":"2025-01-15T11:40:32","modified_gmt":"2025-01-15T11:40:32","slug":"cooperation-senegal-mauritanie-comme-un-fleuve-tranquille","status":"publish","type":"post","link":"https:\/\/dekkbi.com\/?p=50457","title":{"rendered":"Coop\u00e9ration S\u00e9n\u00e9gal-Mauritanie : Comme un fleuve tranquille"},"content":{"rendered":"\n<p><strong>Ousmane Sonko a achev\u00e9 hier sa visite en Mauritanie. Il y a eu plusieurs rencontres, notamment les discussions sur les questions \u00e9nerg\u00e9tiques, sur les migrations et le transport. L\u2019Apix et l\u2019Apim devront porter les grands projets d\u2019investissements entre les deux pays.&nbsp;<\/strong><strong>Par Dieynaba KANE \u2013<\/strong><\/p>\n\n\n\n<p>Le S\u00e9n\u00e9gal et la Mauritanie s\u2019inscrivent \u00abdans une volont\u00e9 commune de transformer les relations \u00e9conomiques bilat\u00e9rales en un mod\u00e8le de partenariat r\u00e9gional exemplaire, ax\u00e9 sur l\u2019int\u00e9gration \u00e9conomique et le d\u00e9veloppement durable\u00bb. C\u2019est dans cette perspective que dans le cadre de la visite du Premier ministre Ousmane Sonko en Mauritanie et sur invitation de son homologue Mokhtar Ould Diay, qu\u2019une \u00abtable ronde public-priv\u00e9 a \u00e9t\u00e9 organis\u00e9e au Palais des Congr\u00e8s de Nouakchott par l\u2019Agence de promotion des investissements en Mauritanie (Apim) et l\u2019Agence pour la promotion des investissements et des grands travaux du S\u00e9n\u00e9gal (Apix)\u00bb. Selon un communiqu\u00e9 conjoint des deux structures, \u00abcette rencontre strat\u00e9gique a r\u00e9uni des acteurs \u00e9conomiques majeurs tels que des repr\u00e9sentants des organisations patronales, des membres du Conseil d\u2019affaires s\u00e9n\u00e9galo-mauritanien, les ambassadeurs, les directeurs g\u00e9n\u00e9raux des agences Apim et Apix ainsi que des d\u00e9l\u00e9gations minist\u00e9rielles multisectorielles\u00bb.<\/p>\n\n\n\n<p>Dans le m\u00eame document, il est indiqu\u00e9 que \u00ables discussions ont port\u00e9 sur des th\u00e9matiques cruciales visant \u00e0 renforcer la coop\u00e9ration \u00e9conomique entre les deux pays\u00bb. Les auteurs du document informent qu\u2019il s\u2019agit du \u00abrenforcement des liens \u00e9conomiques, d\u2019encourager la compl\u00e9mentarit\u00e9 des secteurs-cl\u00e9s, tels que les \u00e9nergies, l\u2019agriculture, les infrastructures et les \u00e9changes commerciaux pour une meilleure int\u00e9gration \u00e9conomique r\u00e9gionale, l\u2019am\u00e9lioration du climat des affaires : identifier des mesures pour faciliter les investissements bilat\u00e9raux\u00bb. Il est, en outre, pr\u00e9vu le \u00abrenforcement de l\u2019investissement priv\u00e9 : promouvoir les partenariats public-priv\u00e9 et encourager les initiatives compl\u00e9mentaires\u00bb.<\/p>\n\n\n\n<p>Il est \u00e9galement soulign\u00e9 que \u00abcette table ronde marque une nouvelle \u00e9tape dans la dynamique de collaboration entre l\u2019Apim et l\u2019Apix concr\u00e9tis\u00e9e par plusieurs initiatives phares\u00bb. Les deux structures rappellent ainsi le \u00abForum \u00e9conomique de Dakar, organis\u00e9 en octobre 2024, et la signature d\u2019un protocole d\u2019accord historique entre les deux agences, la cr\u00e9ation d\u2019un Conseil d\u2019affaires Mauritanie-S\u00e9n\u00e9gal, qui est un cadre d\u2019\u00e9change et de coop\u00e9ration pour les investisseurs, la visite de travail du Directeur g\u00e9n\u00e9ral de l\u2019Apix en Mauritanie, en novembre dernier, qui a permis d\u2019aligner les efforts pour maximiser l\u2019impact des actions conjointes\u00bb.<\/p>\n\n\n\n<p><strong>dkane@lequotidien.sn<\/strong><\/p>\n","protected":false},"excerpt":{"rendered":"<p>Ousmane Sonko a achev\u00e9 hier sa visite en Mauritanie. Il y a eu plusieurs rencontres, notamment les discussions sur les<\/p>\n","protected":false},"author":1,"featured_media":50369,"comment_status":"open","ping_status":"open","sticky":false,"template":"","format":"standard","meta":{"footnotes":""},"categories":[6],"tags":[],"class_list":["post-50457","post","type-post","status-publish","format-standard","has-post-thumbnail","hentry","category-politics"],"_links":{"self":[{"href":"https:\/\/dekkbi.com\/index.php?rest_route=\/wp\/v2\/posts\/50457","targetHints":{"allow":["GET"]}}],"collection":[{"href":"https:\/\/dekkbi.com\/index.php?rest_route=\/wp\/v2\/posts"}],"about":[{"href":"https:\/\/dekkbi.com\/index.php?rest_route=\/wp\/v2\/types\/post"}],"author":[{"embeddable":true,"href":"https:\/\/dekkbi.com\/index.php?rest_route=\/wp\/v2\/users\/1"}],"replies":[{"embeddable":true,"href":"https:\/\/dekkbi.com\/index.php?rest_route=%2Fwp%2Fv2%2Fcomments&post=50457"}],"version-history":[{"count":1,"href":"https:\/\/dekkbi.com\/index.php?rest_route=\/wp\/v2\/posts\/50457\/revisions"}],"predecessor-version":[{"id":50458,"href":"https:\/\/dekkbi.com\/index.php?rest_route=\/wp\/v2\/posts\/50457\/revisions\/50458"}],"wp:featuredmedia":[{"embeddable":true,"href":"https:\/\/dekkbi.com\/index.php?rest_route=\/wp\/v2\/media\/50369"}],"wp:attachment":[{"href":"https:\/\/dekkbi.com\/index.php?rest_route=%2Fwp%2Fv2%2Fmedia&parent=50457"}],"wp:term":[{"taxonomy":"category","embeddable":true,"href":"https:\/\/dekkbi.com\/index.php?rest_route=%2Fwp%2Fv2%2Fcategories&post=50457"},{"taxonomy":"post_tag","embeddable":true,"href":"https:\/\/dekkbi.com\/index.php?rest_route=%2Fwp%2Fv2%2Ftags&post=50457"}],"curies":[{"name":"wp","href":"https:\/\/api.w.org\/{rel}","templated":true}]}}