{"id":50439,"date":"2025-01-15T10:51:26","date_gmt":"2025-01-15T10:51:26","guid":{"rendered":"https:\/\/dekkbi.com\/?p=50439"},"modified":"2025-01-15T10:51:27","modified_gmt":"2025-01-15T10:51:27","slug":"cedeao-vers-une-reunion-technique-sur-les-modalites-du-retrait-officiel-du-mali-le-29-janvier","status":"publish","type":"post","link":"https:\/\/dekkbi.com\/?p=50439","title":{"rendered":"CEDEAO: vers une r\u00e9union technique sur les modalit\u00e9s du retrait officiel du Mali le 29 janvier"},"content":{"rendered":"\n<p>Le Mali se pr\u00e9pare \u00e0 quitter officiellement la Cedeao le 29 janvier 2025. \u00c0 l\u2019approche de cette date, le pr\u00e9sident de la Commission de la Cedeao, Dr Omar Alieu Touray, a propos\u00e9 une r\u00e9union technique avec les autorit\u00e9s maliennes pour d\u00e9finir les modalit\u00e9s du retrait. Cette d\u00e9cision fait suite \u00e0 l\u2019annonce officielle du Mali en janvier 2024, confirm\u00e9e lors de la 66e session de la Cedeao en d\u00e9cembre 2024.<\/p>\n\n\n\n<p>L\u2019objectif de la r\u00e9union est de garantir une s\u00e9paration ordonn\u00e9e et de maintenir un dialogue entre les deux parties apr\u00e8s le retrait.<\/p>\n\n\n\n<p>Le retrait du Mali marque un tournant majeur dans les relations entre le pays et ses voisins ouest-africains. Les discussions \u00e0 venir seront cruciales pour \u00e9valuer les r\u00e9percussions \u00e9conomiques, politiques et strat\u00e9giques de cette d\u00e9cision. Le cadre instaur\u00e9 par la CEDEAO depuis 1975, fond\u00e9 sur l\u2019int\u00e9gration \u00e9conomique et politique, est remis en question par ce d\u00e9part. Des interrogations subsistent quant \u00e0 l\u2019avenir des coop\u00e9rations sous-r\u00e9gionales et aux cons\u00e9quences pour les populations qui b\u00e9n\u00e9ficiaient des nombreux accords \u00e9tablis au sein de la Communaut\u00e9.<\/p>\n\n\n\n<p>SOURCE LESOLEIL<\/p>\n","protected":false},"excerpt":{"rendered":"<p>Le Mali se pr\u00e9pare \u00e0 quitter officiellement la Cedeao le 29 janvier 2025. \u00c0 l\u2019approche de cette date, le pr\u00e9sident<\/p>\n","protected":false},"author":1,"featured_media":50440,"comment_status":"open","ping_status":"open","sticky":false,"template":"","format":"standard","meta":{"footnotes":""},"categories":[3],"tags":[],"class_list":["post-50439","post","type-post","status-publish","format-standard","has-post-thumbnail","hentry","category-event-more-news"],"_links":{"self":[{"href":"https:\/\/dekkbi.com\/index.php?rest_route=\/wp\/v2\/posts\/50439","targetHints":{"allow":["GET"]}}],"collection":[{"href":"https:\/\/dekkbi.com\/index.php?rest_route=\/wp\/v2\/posts"}],"about":[{"href":"https:\/\/dekkbi.com\/index.php?rest_route=\/wp\/v2\/types\/post"}],"author":[{"embeddable":true,"href":"https:\/\/dekkbi.com\/index.php?rest_route=\/wp\/v2\/users\/1"}],"replies":[{"embeddable":true,"href":"https:\/\/dekkbi.com\/index.php?rest_route=%2Fwp%2Fv2%2Fcomments&post=50439"}],"version-history":[{"count":1,"href":"https:\/\/dekkbi.com\/index.php?rest_route=\/wp\/v2\/posts\/50439\/revisions"}],"predecessor-version":[{"id":50441,"href":"https:\/\/dekkbi.com\/index.php?rest_route=\/wp\/v2\/posts\/50439\/revisions\/50441"}],"wp:featuredmedia":[{"embeddable":true,"href":"https:\/\/dekkbi.com\/index.php?rest_route=\/wp\/v2\/media\/50440"}],"wp:attachment":[{"href":"https:\/\/dekkbi.com\/index.php?rest_route=%2Fwp%2Fv2%2Fmedia&parent=50439"}],"wp:term":[{"taxonomy":"category","embeddable":true,"href":"https:\/\/dekkbi.com\/index.php?rest_route=%2Fwp%2Fv2%2Fcategories&post=50439"},{"taxonomy":"post_tag","embeddable":true,"href":"https:\/\/dekkbi.com\/index.php?rest_route=%2Fwp%2Fv2%2Ftags&post=50439"}],"curies":[{"name":"wp","href":"https:\/\/api.w.org\/{rel}","templated":true}]}}